 {"id":7264,"date":"2024-09-20T20:29:39","date_gmt":"2024-09-20T20:29:39","guid":{"rendered":"https:\/\/www.feyalegria.org\/venezuela\/?p=7264"},"modified":"2024-09-24T16:14:30","modified_gmt":"2024-09-24T16:14:30","slug":"juntos-hicimos-clic-por-el-emprendimiento-y-la-empleabilidad","status":"publish","type":"post","link":"https:\/\/www.feyalegria.org\/venezuela\/juntos-hicimos-clic-por-el-emprendimiento-y-la-empleabilidad\/","title":{"rendered":"Juntos hicimos clic por el emprendimiento y la empleabilidad"},"content":{"rendered":"<div class=\"wpb-content-wrapper\"><p>[vc_row][vc_column][vc_column_text css=\u00bb\u00bb]<\/p>\n<h1><b>Juntos hicimos clic por el emprendimiento y la empleabilidad<\/b><\/h1>\n<p>[\/vc_column_text][vc_single_image image=\u00bb7270&#8243; img_size=\u00bbfull\u00bb alignment=\u00bbcenter\u00bb css=\u00bb\u00bb][vc_column_text css=\u00bb\u00bb]<\/p>\n<p style=\"text-align: right;\"><strong>Germ\u00e1n Osorio | <\/strong><em>Referente de Comunicaci\u00f3n de Fe y Alegr\u00eda Capacitaci\u00f3n<\/em><\/p>\n<p>[\/vc_column_text][vc_separator][vc_column_text css=\u00bb\u00bb]<\/p>\n<p style=\"text-align: justify;\">Desde el programa de Capacitaci\u00f3n en el estado Zulia, en conjunto con el Centro de Formaci\u00f3n e Investigaci\u00f3n Padre Joaqu\u00edn (CFIPJ), llevamos a cabo una jornada de formaci\u00f3n dirigida a fortalecer las competencias de los coordinadores de \u00e1rea y facilitadores de nuestros centros de capacitaci\u00f3n.<\/p>\n<p>&nbsp;<\/p>\n<p style=\"text-align: justify;\">Los participantes tuvieron la oportunidad de capacitarse en l\u00ednea a trav\u00e9s de la plataforma del Servicio de Inform\u00e1tica Educativa para el Trabajo (SIET), profundizando en el \u00e1rea de emprendimiento y empleabilidad.<\/p>\n<p>&nbsp;<\/p>\n<p style=\"text-align: justify;\">Entre los cursos destacados se encuentra \u00abAp\u00fantate a las Redes Sociales y Empleo en Red\u00bb, dise\u00f1ado para brindar herramientas pr\u00e1cticas que faciliten la inserci\u00f3n laboral de los participantes.<\/p>\n<p>&nbsp;<\/p>\n<p style=\"text-align: justify;\">Leidy Villalobos, coordinadora del centro de capacitaci\u00f3n La Chinita, destac\u00f3 la importancia de estos cursos SIET, tanto para el personal de nuestros centros como para los participantes. Seg\u00fan Villalobos, estos cursos permiten fortalecer competencias b\u00e1sicas y transversales, impulsando el perfil productivo y brindando nuevas herramientas y conocimientos en el \u00e1mbito digital.<\/p>\n<p>&nbsp;<\/p>\n<p style=\"text-align: justify;\">El objetivo principal de esta jornada es que los facilitadores adquieran los conocimientos necesarios para implementar de manera efectiva los cursos y brindar un acompa\u00f1amiento adecuado a los participantes de los diferentes programas formativos.<br \/>\nEsta iniciativa reafirma nuestro compromiso en Fe y Alegr\u00eda Capacitaci\u00f3n de ofrecer oportunidades educativas de calidad que promuevan el desarrollo personal y profesional de los j\u00f3venes de la regi\u00f3n.<\/p>\n<p>[\/vc_column_text][vc_row_inner][vc_column_inner][vc_single_image image=\u00bb7272&#8243; img_size=\u00bbfull\u00bb alignment=\u00bbcenter\u00bb onclick=\u00bblink_image\u00bb css=\u00bb\u00bb][\/vc_column_inner][\/vc_row_inner][vc_column_text css=\u00bb\u00bb]<\/p>\n<p style=\"text-align: right;\"><strong>Caracas, 20 de septiembre de 2024<\/strong><\/p>\n<p>[\/vc_column_text][\/vc_column][\/vc_row]<\/p>\n<\/div>","protected":false},"excerpt":{"rendered":"<div style=\"height: 265px\">El programa de Capacitaci\u00f3n en el estado Zulia y el Centro de Formaci\u00f3n e Investigaci\u00f3n Padre Joaqu\u00edn (CFIPJ), llevamos a cabo una jornada para fortalecer las competencias de coordinadores  y facilitadores de nuestros centros<\/div>\n","protected":false},"author":6,"featured_media":7270,"comment_status":"open","ping_status":"open","sticky":false,"template":"","format":"standard","meta":{"_acf_changed":false,"footnotes":""},"categories":[746],"tags":[634,766],"post_folder":[],"class_list":["post-7264","post","type-post","status-publish","format-standard","has-post-thumbnail","hentry","category-boletin-interno","tag-capacitacion","tag-cursos"],"acf":[],"yoast_head":"<!-- This site is optimized with the Yoast SEO plugin v27.4 - https:\/\/yoast.com\/product\/yoast-seo-wordpress\/ -->\n<title>Juntos hicimos clic por el emprendimiento y la empleabilidad - Fe y Alegr\u00eda en Venezuela<\/title>\n<meta name=\"description\" content=\"El programa de Capacitaci\u00f3n en el estado Zulia y el Centro de Formaci\u00f3n e Investigaci\u00f3n Padre Joaqu\u00edn, fortalecen competencias del personal\" \/>\n<meta name=\"robots\" content=\"index, follow, max-snippet:-1, max-image-preview:large, max-video-preview:-1\" \/>\n<link rel=\"canonical\" href=\"https:\/\/www.feyalegria.org\/venezuela\/juntos-hicimos-clic-por-el-emprendimiento-y-la-empleabilidad\/\" \/>\n<meta property=\"og:locale\" content=\"es_ES\" \/>\n<meta property=\"og:type\" content=\"article\" \/>\n<meta property=\"og:title\" content=\"Juntos hicimos clic por el emprendimiento y la empleabilidad - Fe y Alegr\u00eda en Venezuela\" \/>\n<meta property=\"og:description\" content=\"El programa de Capacitaci\u00f3n en el estado Zulia y el Centro de Formaci\u00f3n e Investigaci\u00f3n Padre Joaqu\u00edn, fortalecen competencias del personal\" \/>\n<meta property=\"og:url\" content=\"https:\/\/www.feyalegria.org\/venezuela\/juntos-hicimos-clic-por-el-emprendimiento-y-la-empleabilidad\/\" \/>\n<meta property=\"og:site_name\" content=\"Fe y Alegr\u00eda en Venezuela\" \/>\n<meta property=\"article:published_time\" content=\"2024-09-20T20:29:39+00:00\" \/>\n<meta property=\"article:modified_time\" content=\"2024-09-24T16:14:30+00:00\" \/>\n<meta property=\"og:image\" content=\"https:\/\/d3pugrm67vf9n7.cloudfront.net\/wp-content\/uploads\/sites\/4\/2024\/09\/20200035\/Capacitacion-25-1.jpg\" \/>\n\t<meta property=\"og:image:width\" content=\"1200\" \/>\n\t<meta property=\"og:image:height\" content=\"700\" \/>\n\t<meta property=\"og:image:type\" content=\"image\/jpeg\" \/>\n<meta name=\"author\" content=\"Erika Briceno\" \/>\n<meta name=\"twitter:card\" content=\"summary_large_image\" \/>\n<meta name=\"twitter:label1\" content=\"Escrito por\" \/>\n\t<meta name=\"twitter:data1\" content=\"Erika Briceno\" \/>\n\t<meta name=\"twitter:label2\" content=\"Tiempo de lectura\" \/>\n\t<meta name=\"twitter:data2\" content=\"2 minutos\" \/>\n<script type=\"application\/ld+json\" class=\"yoast-schema-graph\">{\"@context\":\"https:\\\/\\\/schema.org\",\"@graph\":[{\"@type\":\"Article\",\"@id\":\"https:\\\/\\\/www.feyalegria.org\\\/venezuela\\\/juntos-hicimos-clic-por-el-emprendimiento-y-la-empleabilidad\\\/#article\",\"isPartOf\":{\"@id\":\"https:\\\/\\\/www.feyalegria.org\\\/venezuela\\\/juntos-hicimos-clic-por-el-emprendimiento-y-la-empleabilidad\\\/\"},\"author\":{\"name\":\"Erika Briceno\",\"@id\":\"https:\\\/\\\/www.feyalegria.org\\\/venezuela\\\/#\\\/schema\\\/person\\\/fcd504e06f93320841b99f79f3ab0180\"},\"headline\":\"Juntos hicimos clic por el emprendimiento y la empleabilidad\",\"datePublished\":\"2024-09-20T20:29:39+00:00\",\"dateModified\":\"2024-09-24T16:14:30+00:00\",\"mainEntityOfPage\":{\"@id\":\"https:\\\/\\\/www.feyalegria.org\\\/venezuela\\\/juntos-hicimos-clic-por-el-emprendimiento-y-la-empleabilidad\\\/\"},\"wordCount\":352,\"commentCount\":0,\"image\":{\"@id\":\"https:\\\/\\\/www.feyalegria.org\\\/venezuela\\\/juntos-hicimos-clic-por-el-emprendimiento-y-la-empleabilidad\\\/#primaryimage\"},\"thumbnailUrl\":\"https:\\\/\\\/d3pugrm67vf9n7.cloudfront.net\\\/wp-content\\\/uploads\\\/sites\\\/4\\\/2024\\\/09\\\/20200035\\\/Capacitacion-25-1.jpg\",\"keywords\":[\"Capacitaci\u00f3n\",\"Cursos\"],\"articleSection\":[\"Bolet\u00edn Interno\"],\"inLanguage\":\"es\",\"potentialAction\":[{\"@type\":\"CommentAction\",\"name\":\"Comment\",\"target\":[\"https:\\\/\\\/www.feyalegria.org\\\/venezuela\\\/juntos-hicimos-clic-por-el-emprendimiento-y-la-empleabilidad\\\/#respond\"]}]},{\"@type\":\"WebPage\",\"@id\":\"https:\\\/\\\/www.feyalegria.org\\\/venezuela\\\/juntos-hicimos-clic-por-el-emprendimiento-y-la-empleabilidad\\\/\",\"url\":\"https:\\\/\\\/www.feyalegria.org\\\/venezuela\\\/juntos-hicimos-clic-por-el-emprendimiento-y-la-empleabilidad\\\/\",\"name\":\"Juntos hicimos clic por el emprendimiento y la empleabilidad - Fe y Alegr\u00eda en Venezuela\",\"isPartOf\":{\"@id\":\"https:\\\/\\\/www.feyalegria.org\\\/venezuela\\\/#website\"},\"primaryImageOfPage\":{\"@id\":\"https:\\\/\\\/www.feyalegria.org\\\/venezuela\\\/juntos-hicimos-clic-por-el-emprendimiento-y-la-empleabilidad\\\/#primaryimage\"},\"image\":{\"@id\":\"https:\\\/\\\/www.feyalegria.org\\\/venezuela\\\/juntos-hicimos-clic-por-el-emprendimiento-y-la-empleabilidad\\\/#primaryimage\"},\"thumbnailUrl\":\"https:\\\/\\\/d3pugrm67vf9n7.cloudfront.net\\\/wp-content\\\/uploads\\\/sites\\\/4\\\/2024\\\/09\\\/20200035\\\/Capacitacion-25-1.jpg\",\"datePublished\":\"2024-09-20T20:29:39+00:00\",\"dateModified\":\"2024-09-24T16:14:30+00:00\",\"author\":{\"@id\":\"https:\\\/\\\/www.feyalegria.org\\\/venezuela\\\/#\\\/schema\\\/person\\\/fcd504e06f93320841b99f79f3ab0180\"},\"description\":\"El programa de Capacitaci\u00f3n en el estado Zulia y el Centro de Formaci\u00f3n e Investigaci\u00f3n Padre Joaqu\u00edn, fortalecen competencias del personal\",\"inLanguage\":\"es\",\"potentialAction\":[{\"@type\":\"ReadAction\",\"target\":[\"https:\\\/\\\/www.feyalegria.org\\\/venezuela\\\/juntos-hicimos-clic-por-el-emprendimiento-y-la-empleabilidad\\\/\"]}]},{\"@type\":\"ImageObject\",\"inLanguage\":\"es\",\"@id\":\"https:\\\/\\\/www.feyalegria.org\\\/venezuela\\\/juntos-hicimos-clic-por-el-emprendimiento-y-la-empleabilidad\\\/#primaryimage\",\"url\":\"https:\\\/\\\/d3pugrm67vf9n7.cloudfront.net\\\/wp-content\\\/uploads\\\/sites\\\/4\\\/2024\\\/09\\\/20200035\\\/Capacitacion-25-1.jpg\",\"contentUrl\":\"https:\\\/\\\/d3pugrm67vf9n7.cloudfront.net\\\/wp-content\\\/uploads\\\/sites\\\/4\\\/2024\\\/09\\\/20200035\\\/Capacitacion-25-1.jpg\",\"width\":1200,\"height\":700},{\"@type\":\"WebSite\",\"@id\":\"https:\\\/\\\/www.feyalegria.org\\\/venezuela\\\/#website\",\"url\":\"https:\\\/\\\/www.feyalegria.org\\\/venezuela\\\/\",\"name\":\"Fe y Alegr\u00eda en Venezuela\",\"description\":\"\",\"potentialAction\":[{\"@type\":\"SearchAction\",\"target\":{\"@type\":\"EntryPoint\",\"urlTemplate\":\"https:\\\/\\\/www.feyalegria.org\\\/venezuela\\\/?s={search_term_string}\"},\"query-input\":{\"@type\":\"PropertyValueSpecification\",\"valueRequired\":true,\"valueName\":\"search_term_string\"}}],\"inLanguage\":\"es\"},{\"@type\":\"Person\",\"@id\":\"https:\\\/\\\/www.feyalegria.org\\\/venezuela\\\/#\\\/schema\\\/person\\\/fcd504e06f93320841b99f79f3ab0180\",\"name\":\"Erika Briceno\",\"url\":\"https:\\\/\\\/www.feyalegria.org\\\/venezuela\\\/author\\\/comunfifya\\\/\"}]}<\/script>\n<!-- \/ Yoast SEO plugin. -->","yoast_head_json":{"title":"Juntos hicimos clic por el emprendimiento y la empleabilidad - Fe y Alegr\u00eda en Venezuela","description":"El programa de Capacitaci\u00f3n en el estado Zulia y el Centro de Formaci\u00f3n e Investigaci\u00f3n Padre Joaqu\u00edn, fortalecen competencias del personal","robots":{"index":"index","follow":"follow","max-snippet":"max-snippet:-1","max-image-preview":"max-image-preview:large","max-video-preview":"max-video-preview:-1"},"canonical":"https:\/\/www.feyalegria.org\/venezuela\/juntos-hicimos-clic-por-el-emprendimiento-y-la-empleabilidad\/","og_locale":"es_ES","og_type":"article","og_title":"Juntos hicimos clic por el emprendimiento y la empleabilidad - Fe y Alegr\u00eda en Venezuela","og_description":"El programa de Capacitaci\u00f3n en el estado Zulia y el Centro de Formaci\u00f3n e Investigaci\u00f3n Padre Joaqu\u00edn, fortalecen competencias del personal","og_url":"https:\/\/www.feyalegria.org\/venezuela\/juntos-hicimos-clic-por-el-emprendimiento-y-la-empleabilidad\/","og_site_name":"Fe y Alegr\u00eda en Venezuela","article_published_time":"2024-09-20T20:29:39+00:00","article_modified_time":"2024-09-24T16:14:30+00:00","og_image":[{"width":1200,"height":700,"url":"https:\/\/d3pugrm67vf9n7.cloudfront.net\/wp-content\/uploads\/sites\/4\/2024\/09\/20200035\/Capacitacion-25-1.jpg","type":"image\/jpeg"}],"author":"Erika Briceno","twitter_card":"summary_large_image","twitter_misc":{"Escrito por":"Erika Briceno","Tiempo de lectura":"2 minutos"},"schema":{"@context":"https:\/\/schema.org","@graph":[{"@type":"Article","@id":"https:\/\/www.feyalegria.org\/venezuela\/juntos-hicimos-clic-por-el-emprendimiento-y-la-empleabilidad\/#article","isPartOf":{"@id":"https:\/\/www.feyalegria.org\/venezuela\/juntos-hicimos-clic-por-el-emprendimiento-y-la-empleabilidad\/"},"author":{"name":"Erika Briceno","@id":"https:\/\/www.feyalegria.org\/venezuela\/#\/schema\/person\/fcd504e06f93320841b99f79f3ab0180"},"headline":"Juntos hicimos clic por el emprendimiento y la empleabilidad","datePublished":"2024-09-20T20:29:39+00:00","dateModified":"2024-09-24T16:14:30+00:00","mainEntityOfPage":{"@id":"https:\/\/www.feyalegria.org\/venezuela\/juntos-hicimos-clic-por-el-emprendimiento-y-la-empleabilidad\/"},"wordCount":352,"commentCount":0,"image":{"@id":"https:\/\/www.feyalegria.org\/venezuela\/juntos-hicimos-clic-por-el-emprendimiento-y-la-empleabilidad\/#primaryimage"},"thumbnailUrl":"https:\/\/d3pugrm67vf9n7.cloudfront.net\/wp-content\/uploads\/sites\/4\/2024\/09\/20200035\/Capacitacion-25-1.jpg","keywords":["Capacitaci\u00f3n","Cursos"],"articleSection":["Bolet\u00edn Interno"],"inLanguage":"es","potentialAction":[{"@type":"CommentAction","name":"Comment","target":["https:\/\/www.feyalegria.org\/venezuela\/juntos-hicimos-clic-por-el-emprendimiento-y-la-empleabilidad\/#respond"]}]},{"@type":"WebPage","@id":"https:\/\/www.feyalegria.org\/venezuela\/juntos-hicimos-clic-por-el-emprendimiento-y-la-empleabilidad\/","url":"https:\/\/www.feyalegria.org\/venezuela\/juntos-hicimos-clic-por-el-emprendimiento-y-la-empleabilidad\/","name":"Juntos hicimos clic por el emprendimiento y la empleabilidad - Fe y Alegr\u00eda en Venezuela","isPartOf":{"@id":"https:\/\/www.feyalegria.org\/venezuela\/#website"},"primaryImageOfPage":{"@id":"https:\/\/www.feyalegria.org\/venezuela\/juntos-hicimos-clic-por-el-emprendimiento-y-la-empleabilidad\/#primaryimage"},"image":{"@id":"https:\/\/www.feyalegria.org\/venezuela\/juntos-hicimos-clic-por-el-emprendimiento-y-la-empleabilidad\/#primaryimage"},"thumbnailUrl":"https:\/\/d3pugrm67vf9n7.cloudfront.net\/wp-content\/uploads\/sites\/4\/2024\/09\/20200035\/Capacitacion-25-1.jpg","datePublished":"2024-09-20T20:29:39+00:00","dateModified":"2024-09-24T16:14:30+00:00","author":{"@id":"https:\/\/www.feyalegria.org\/venezuela\/#\/schema\/person\/fcd504e06f93320841b99f79f3ab0180"},"description":"El programa de Capacitaci\u00f3n en el estado Zulia y el Centro de Formaci\u00f3n e Investigaci\u00f3n Padre Joaqu\u00edn, fortalecen competencias del personal","inLanguage":"es","potentialAction":[{"@type":"ReadAction","target":["https:\/\/www.feyalegria.org\/venezuela\/juntos-hicimos-clic-por-el-emprendimiento-y-la-empleabilidad\/"]}]},{"@type":"ImageObject","inLanguage":"es","@id":"https:\/\/www.feyalegria.org\/venezuela\/juntos-hicimos-clic-por-el-emprendimiento-y-la-empleabilidad\/#primaryimage","url":"https:\/\/d3pugrm67vf9n7.cloudfront.net\/wp-content\/uploads\/sites\/4\/2024\/09\/20200035\/Capacitacion-25-1.jpg","contentUrl":"https:\/\/d3pugrm67vf9n7.cloudfront.net\/wp-content\/uploads\/sites\/4\/2024\/09\/20200035\/Capacitacion-25-1.jpg","width":1200,"height":700},{"@type":"WebSite","@id":"https:\/\/www.feyalegria.org\/venezuela\/#website","url":"https:\/\/www.feyalegria.org\/venezuela\/","name":"Fe y Alegr\u00eda en Venezuela","description":"","potentialAction":[{"@type":"SearchAction","target":{"@type":"EntryPoint","urlTemplate":"https:\/\/www.feyalegria.org\/venezuela\/?s={search_term_string}"},"query-input":{"@type":"PropertyValueSpecification","valueRequired":true,"valueName":"search_term_string"}}],"inLanguage":"es"},{"@type":"Person","@id":"https:\/\/www.feyalegria.org\/venezuela\/#\/schema\/person\/fcd504e06f93320841b99f79f3ab0180","name":"Erika Briceno","url":"https:\/\/www.feyalegria.org\/venezuela\/author\/comunfifya\/"}]}},"_links":{"self":[{"href":"https:\/\/www.feyalegria.org\/venezuela\/wp-json\/wp\/v2\/posts\/7264","targetHints":{"allow":["GET"]}}],"collection":[{"href":"https:\/\/www.feyalegria.org\/venezuela\/wp-json\/wp\/v2\/posts"}],"about":[{"href":"https:\/\/www.feyalegria.org\/venezuela\/wp-json\/wp\/v2\/types\/post"}],"author":[{"embeddable":true,"href":"https:\/\/www.feyalegria.org\/venezuela\/wp-json\/wp\/v2\/users\/6"}],"replies":[{"embeddable":true,"href":"https:\/\/www.feyalegria.org\/venezuela\/wp-json\/wp\/v2\/comments?post=7264"}],"version-history":[{"count":0,"href":"https:\/\/www.feyalegria.org\/venezuela\/wp-json\/wp\/v2\/posts\/7264\/revisions"}],"wp:featuredmedia":[{"embeddable":true,"href":"https:\/\/www.feyalegria.org\/venezuela\/wp-json\/wp\/v2\/media\/7270"}],"wp:attachment":[{"href":"https:\/\/www.feyalegria.org\/venezuela\/wp-json\/wp\/v2\/media?parent=7264"}],"wp:term":[{"taxonomy":"category","embeddable":true,"href":"https:\/\/www.feyalegria.org\/venezuela\/wp-json\/wp\/v2\/categories?post=7264"},{"taxonomy":"post_tag","embeddable":true,"href":"https:\/\/www.feyalegria.org\/venezuela\/wp-json\/wp\/v2\/tags?post=7264"},{"taxonomy":"post_folder","embeddable":true,"href":"https:\/\/www.feyalegria.org\/venezuela\/wp-json\/wp\/v2\/post_folder?post=7264"}],"curies":[{"name":"wp","href":"https:\/\/api.w.org\/{rel}","templated":true}]}}