{"id":7471,"date":"2024-10-02T22:20:23","date_gmt":"2024-10-02T22:20:23","guid":{"rendered":"https:\/\/www.feyalegria.org\/venezuela\/?p=7471"},"modified":"2024-10-02T22:20:23","modified_gmt":"2024-10-02T22:20:23","slug":"radio-fe-y-alegria-merida-celebra-12-anos-al-aire","status":"publish","type":"post","link":"https:\/\/www.feyalegria.org\/venezuela\/radio-fe-y-alegria-merida-celebra-12-anos-al-aire\/","title":{"rendered":"\u00a1Radio Fe y Alegr\u00eda M\u00e9rida celebra 12 a\u00f1os al aire!"},"content":{"rendered":"<div class=\"wpb-content-wrapper\"><p>[vc_row][vc_column][vc_column_text css=\u00bb\u00bb]<\/p>\n<h1><b>\u00a1Radio Fe y Alegr\u00eda M\u00e9rida celebra 12 a\u00f1os al aire!\u00a0<\/b><\/h1>\n<p>[\/vc_column_text][vc_single_image image=\u00bb7472&#8243; img_size=\u00bbfull\u00bb add_caption=\u00bbyes\u00bb alignment=\u00bbcenter\u00bb css=\u00bb\u00bb][vc_column_text css=\u00bb\u00bb]<\/p>\n<p style=\"text-align: right;\"><b>Shirley G\u00f3mez | <\/b><em>Referente de Comunicaci\u00f3n de Fe y Alegr\u00eda Educomunicaci\u00f3n<\/em><\/p>\n<p>[\/vc_column_text][vc_separator][vc_column_text css=\u00bb\u00bb]<\/p>\n<p style=\"text-align: justify;\">Este 4 de octubre, Radio Fe y Alegr\u00eda M\u00e9rida 105.9 FM celebra 12 a\u00f1os de trayectoria consolid\u00e1ndose como un referente en la formaci\u00f3n de voceros escolares y en la promoci\u00f3n de valores.<\/p>\n<p>&nbsp;<\/p>\n<p style=\"text-align: justify;\">La vocer\u00eda escolar es un proyecto pionero de dicha radio. A trav\u00e9s del programa \u00abEntre Clases y Panas\u00bb, los j\u00f3venes aprenden a comunicar sus ideas, a expresar sus opiniones y a participar activamente en su comunidad.<\/p>\n<p>&nbsp;<\/p>\n<p style=\"text-align: justify;\">El espacio se prepara semana a semana y se les pide a los facilitadores y docentes que acompa\u00f1en la actividad educativa usando los temas pautados en la programaci\u00f3n.<\/p>\n<p>&nbsp;<\/p>\n<p style=\"text-align: justify;\">De igual modo, los participantes acuden a la estaci\u00f3n para no solo conocer c\u00f3mo funciona una emisora de radio, sino tambi\u00e9n involucrarse en el proceso de producci\u00f3n y emisi\u00f3n al aire de dicho programa radiof\u00f3nico.<\/p>\n<p>&nbsp;<\/p>\n<p style=\"text-align: justify;\">\u00abEntre Clases y Panas\u00bb, es el resultado de unos primeros pasos que se dieron en el a\u00f1o 2002 cuando una profesora con profunda vocaci\u00f3n, Lecgisia Torres, llevaba a cabo un programa radial titulado \u201cEl Rinc\u00f3n de los Ni\u00f1os\u201d, un espacio dominical para toda la familia, dedicado a promover los valores de respeto, solidaridad, responsabilidad adem\u00e1s de recorrer el pa\u00eds a trav\u00e9s de cuentos, historias y relatos.<\/p>\n<p>[\/vc_column_text][vc_column_text css=\u00bb\u00bb]<\/p>\n<h3 style=\"text-align: justify;\">La escuela y la radio, un complemento<\/h3>\n<p>&nbsp;<\/p>\n<p style=\"text-align: justify;\">Bajo esa primera mirada, arranc\u00f3 un proyecto que, con el apoyo institucional de Fe y Alegr\u00eda, se extendi\u00f3 por diversas unidades educativas cercanas a la radio. Carlos Krisch, fundador de la estaci\u00f3n y del proyecto, relat\u00f3 que se consolid\u00f3 inicialmente en la Escuela Bolivariana El Pedregal. All\u00ed se comenzaron a formalizar los espacios de capacitaci\u00f3n para que las ni\u00f1as y los ni\u00f1os iniciaran su participaci\u00f3n en la radio.<\/p>\n<p>&nbsp;<\/p>\n<p style=\"text-align: justify;\">\u201cLos estudiantes recib\u00edan la formaci\u00f3n en el recinto educativo, se les otorg\u00f3 inclusive una grabadora para que los participantes realizar\u00e1n entrevistas. Al mismo tiempo, se organizaban en cuanto a los roles porque el programa comenz\u00f3 a emitirse en vivo de lunes a viernes a las 9:00 de la ma\u00f1ana\u201d, record\u00f3 Krisch.<\/p>\n<p>&nbsp;<\/p>\n<div id=\"attachment_7473\" style=\"width: 461px\" class=\"wp-caption alignright\"><img loading=\"lazy\" decoding=\"async\" aria-describedby=\"caption-attachment-7473\" class=\"wp-image-7473\" src=\"https:\/\/d3pugrm67vf9n7.cloudfront.net\/wp-content\/uploads\/sites\/4\/2024\/10\/02220744\/Fe-y-Alegria-educomunicacion-24-1-300x169.jpeg\" alt=\"El equipo de Radio Fe y Alegr\u00eda M\u00e9rida celebra su 12 aniversario unidos y trabajando por una buena programaci\u00f3n radial. \" width=\"451\" height=\"254\" srcset=\"https:\/\/d3pugrm67vf9n7.cloudfront.net\/wp-content\/uploads\/sites\/4\/2024\/10\/02220744\/Fe-y-Alegria-educomunicacion-24-1-300x169.jpeg 300w, https:\/\/d3pugrm67vf9n7.cloudfront.net\/wp-content\/uploads\/sites\/4\/2024\/10\/02220744\/Fe-y-Alegria-educomunicacion-24-1-1024x575.jpeg 1024w, https:\/\/d3pugrm67vf9n7.cloudfront.net\/wp-content\/uploads\/sites\/4\/2024\/10\/02220744\/Fe-y-Alegria-educomunicacion-24-1-768x431.jpeg 768w, https:\/\/d3pugrm67vf9n7.cloudfront.net\/wp-content\/uploads\/sites\/4\/2024\/10\/02220744\/Fe-y-Alegria-educomunicacion-24-1.jpeg 1280w\" sizes=\"auto, (max-width: 451px) 100vw, 451px\" \/><p id=\"caption-attachment-7473\" class=\"wp-caption-text\">El equipo de Radio Fe y Alegr\u00eda M\u00e9rida celebra su 12 aniversario unidos y trabajando por una buena programaci\u00f3n radial.<\/p><\/div>\n<p style=\"text-align: justify;\">A la escuela El Pedregal se sumaron otras cinco que comenzaron a fusionar la din\u00e1mica del proyecto con sus actividades cotidianas. De esa manera, el rol del profesor de aula, el joven participante, el personal de la radio y los representantes se unieron bajo un mismo mensaje: Voceros Escolares, mucho m\u00e1s que hablar por radio.<\/p>\n<p>&nbsp;<\/p>\n<p style=\"text-align: justify;\">\u00abNuestra programaci\u00f3n es muy diversa. Adem\u00e1s de la vocer\u00eda, abordamos temas como salud, medio ambiente, familia y producci\u00f3n agr\u00edcola, siempre con un enfoque educativo y cercano a la realidad de nuestros oyentes\u00bb, explic\u00f3 Cortez.<\/p>\n<p>[\/vc_column_text][vc_column_text css=\u00bb\u00bb]<\/p>\n<h3 style=\"text-align: justify;\">Un medio que sigue siendo relevante<\/h3>\n<p>&nbsp;<\/p>\n<p style=\"text-align: justify;\">A pesar de la creciente influencia de las redes sociales y otras plataformas digitales, la radio sigue siendo un medio de comunicaci\u00f3n fundamental, especialmente en comunidades m\u00e1s alejadas.<\/p>\n<p>&nbsp;<\/p>\n<p style=\"text-align: justify;\">H\u00e9ctor Cortez, coordinador de la radio, destac\u00f3 que \u00abnuestro modelo educativo \u00fanico nos diferencia de otros medios, ya que combinamos la comunicaci\u00f3n con la evangelizaci\u00f3n, siendo fieles a nuestra identidad como parte de la Compa\u00f1\u00eda de Jes\u00fas\u00bb.<\/p>\n<p>&nbsp;<\/p>\n<p style=\"text-align: justify;\">A lo largo de estos a\u00f1os, la emisora ha evolucionado adapt\u00e1ndose a las nuevas tecnolog\u00edas, pero sin perder su esencia.<\/p>\n<p>&nbsp;<\/p>\n<div id=\"attachment_7474\" style=\"width: 461px\" class=\"wp-caption alignleft\"><img loading=\"lazy\" decoding=\"async\" aria-describedby=\"caption-attachment-7474\" class=\"wp-image-7474 \" src=\"https:\/\/d3pugrm67vf9n7.cloudfront.net\/wp-content\/uploads\/sites\/4\/2024\/10\/02220746\/Fe-y-Alegria-educomunicacion-24-2-300x225.jpeg\" alt=\"La constancia y el contacto directo con las comunidades es una prioridad \" width=\"451\" height=\"338\" srcset=\"https:\/\/d3pugrm67vf9n7.cloudfront.net\/wp-content\/uploads\/sites\/4\/2024\/10\/02220746\/Fe-y-Alegria-educomunicacion-24-2-300x225.jpeg 300w, https:\/\/d3pugrm67vf9n7.cloudfront.net\/wp-content\/uploads\/sites\/4\/2024\/10\/02220746\/Fe-y-Alegria-educomunicacion-24-2-1024x768.jpeg 1024w, https:\/\/d3pugrm67vf9n7.cloudfront.net\/wp-content\/uploads\/sites\/4\/2024\/10\/02220746\/Fe-y-Alegria-educomunicacion-24-2-768x576.jpeg 768w, https:\/\/d3pugrm67vf9n7.cloudfront.net\/wp-content\/uploads\/sites\/4\/2024\/10\/02220746\/Fe-y-Alegria-educomunicacion-24-2.jpeg 1040w\" sizes=\"auto, (max-width: 451px) 100vw, 451px\" \/><p id=\"caption-attachment-7474\" class=\"wp-caption-text\">La constancia y el contacto directo con las comunidades es una prioridad<\/p><\/div>\n<p style=\"text-align: justify;\">\u00abLa radio tiene la capacidad de llegar a todos los rincones y de conectar con las personas de una manera muy especial\u00bb, asegur\u00f3 Cortez.<\/p>\n<p>&nbsp;<\/p>\n<p style=\"text-align: justify;\">Nuestra radio es una se\u00f1al que comenz\u00f3 a sonar en la comunidad de El Pedregal y luego se traslad\u00f3 a la ciudad de M\u00e9rida con su nuevo dial para amplificar la voz de todos los sectores de la sociedad.<\/p>\n<p>&nbsp;<\/p>\n<p style=\"text-align: justify;\">Nuestro actual equipo de trabajo sigue acompa\u00f1ando a los estudiantes a trav\u00e9s de la radio: una importante herramienta pedag\u00f3gica complementaria para la educaci\u00f3n.<\/p>\n<p>[\/vc_column_text][vc_column_text css=\u00bb\u00bb]<\/p>\n<p style=\"text-align: right;\"><strong>Caracas, 2 de octubre de 2024<\/strong><\/p>\n<p>[\/vc_column_text][\/vc_column][\/vc_row]<\/p>\n<\/div>","protected":false},"excerpt":{"rendered":"<div style=\"height: 265px\">A pesar de la creciente influencia de las redes sociales y otras plataformas digitales, la radio sigue siendo un medio de comunicaci\u00f3n fundamental, especialmente en comunidades m\u00e1s alejadas.<\/div>\n","protected":false},"author":6,"featured_media":7472,"comment_status":"open","ping_status":"open","sticky":false,"template":"","format":"standard","meta":{"_acf_changed":false,"footnotes":""},"categories":[746],"tags":[721],"post_folder":[],"class_list":["post-7471","post","type-post","status-publish","format-standard","has-post-thumbnail","hentry","category-boletin-interno","tag-radio-fe-y-alegria"],"acf":[],"yoast_head":"<!-- This site is optimized with the Yoast SEO plugin v27.5 - https:\/\/yoast.com\/product\/yoast-seo-wordpress\/ -->\n<title>\u00a1Radio Fe y Alegr\u00eda M\u00e9rida celebra 12 a\u00f1os al aire! - Fe y Alegr\u00eda en Venezuela<\/title>\n<meta name=\"description\" content=\"A pesar de la creciente influencia de las redes sociales y otras plataformas digitales, la radio sigue siendo un medio fundamental\" \/>\n<meta name=\"robots\" content=\"index, follow, max-snippet:-1, max-image-preview:large, max-video-preview:-1\" \/>\n<link rel=\"canonical\" href=\"https:\/\/www.feyalegria.org\/venezuela\/radio-fe-y-alegria-merida-celebra-12-anos-al-aire\/\" \/>\n<meta property=\"og:locale\" content=\"es_ES\" \/>\n<meta property=\"og:type\" content=\"article\" \/>\n<meta property=\"og:title\" content=\"\u00a1Radio Fe y Alegr\u00eda M\u00e9rida celebra 12 a\u00f1os al aire! - Fe y Alegr\u00eda en Venezuela\" \/>\n<meta property=\"og:description\" content=\"A pesar de la creciente influencia de las redes sociales y otras plataformas digitales, la radio sigue siendo un medio fundamental\" \/>\n<meta property=\"og:url\" content=\"https:\/\/www.feyalegria.org\/venezuela\/radio-fe-y-alegria-merida-celebra-12-anos-al-aire\/\" \/>\n<meta property=\"og:site_name\" content=\"Fe y Alegr\u00eda en Venezuela\" \/>\n<meta property=\"article:published_time\" content=\"2024-10-02T22:20:23+00:00\" \/>\n<meta property=\"og:image\" content=\"https:\/\/d3pugrm67vf9n7.cloudfront.net\/wp-content\/uploads\/sites\/4\/2024\/10\/02220741\/Fe-y-Alegria-educomunicacion-24.jpg\" \/>\n\t<meta property=\"og:image:width\" content=\"1280\" \/>\n\t<meta property=\"og:image:height\" content=\"960\" \/>\n\t<meta property=\"og:image:type\" content=\"image\/jpeg\" \/>\n<meta name=\"author\" content=\"Erika Briceno\" \/>\n<meta name=\"twitter:card\" content=\"summary_large_image\" \/>\n<meta name=\"twitter:label1\" content=\"Escrito por\" \/>\n\t<meta name=\"twitter:data1\" content=\"Erika Briceno\" \/>\n\t<meta name=\"twitter:label2\" content=\"Tiempo de lectura\" \/>\n\t<meta name=\"twitter:data2\" content=\"4 minutos\" \/>\n<script type=\"application\/ld+json\" class=\"yoast-schema-graph\">{\"@context\":\"https:\\\/\\\/schema.org\",\"@graph\":[{\"@type\":\"Article\",\"@id\":\"https:\\\/\\\/www.feyalegria.org\\\/venezuela\\\/radio-fe-y-alegria-merida-celebra-12-anos-al-aire\\\/#article\",\"isPartOf\":{\"@id\":\"https:\\\/\\\/www.feyalegria.org\\\/venezuela\\\/radio-fe-y-alegria-merida-celebra-12-anos-al-aire\\\/\"},\"author\":{\"name\":\"Erika Briceno\",\"@id\":\"https:\\\/\\\/www.feyalegria.org\\\/venezuela\\\/#\\\/schema\\\/person\\\/fcd504e06f93320841b99f79f3ab0180\"},\"headline\":\"\u00a1Radio Fe y Alegr\u00eda M\u00e9rida celebra 12 a\u00f1os al aire!\",\"datePublished\":\"2024-10-02T22:20:23+00:00\",\"mainEntityOfPage\":{\"@id\":\"https:\\\/\\\/www.feyalegria.org\\\/venezuela\\\/radio-fe-y-alegria-merida-celebra-12-anos-al-aire\\\/\"},\"wordCount\":810,\"commentCount\":0,\"image\":{\"@id\":\"https:\\\/\\\/www.feyalegria.org\\\/venezuela\\\/radio-fe-y-alegria-merida-celebra-12-anos-al-aire\\\/#primaryimage\"},\"thumbnailUrl\":\"https:\\\/\\\/d3pugrm67vf9n7.cloudfront.net\\\/wp-content\\\/uploads\\\/sites\\\/4\\\/2024\\\/10\\\/02220741\\\/Fe-y-Alegria-educomunicacion-24.jpg\",\"keywords\":[\"Radio Fe y Alegr\u00eda\"],\"articleSection\":[\"Bolet\u00edn Interno\"],\"inLanguage\":\"es\",\"potentialAction\":[{\"@type\":\"CommentAction\",\"name\":\"Comment\",\"target\":[\"https:\\\/\\\/www.feyalegria.org\\\/venezuela\\\/radio-fe-y-alegria-merida-celebra-12-anos-al-aire\\\/#respond\"]}]},{\"@type\":\"WebPage\",\"@id\":\"https:\\\/\\\/www.feyalegria.org\\\/venezuela\\\/radio-fe-y-alegria-merida-celebra-12-anos-al-aire\\\/\",\"url\":\"https:\\\/\\\/www.feyalegria.org\\\/venezuela\\\/radio-fe-y-alegria-merida-celebra-12-anos-al-aire\\\/\",\"name\":\"\u00a1Radio Fe y Alegr\u00eda M\u00e9rida celebra 12 a\u00f1os al aire! - Fe y Alegr\u00eda en Venezuela\",\"isPartOf\":{\"@id\":\"https:\\\/\\\/www.feyalegria.org\\\/venezuela\\\/#website\"},\"primaryImageOfPage\":{\"@id\":\"https:\\\/\\\/www.feyalegria.org\\\/venezuela\\\/radio-fe-y-alegria-merida-celebra-12-anos-al-aire\\\/#primaryimage\"},\"image\":{\"@id\":\"https:\\\/\\\/www.feyalegria.org\\\/venezuela\\\/radio-fe-y-alegria-merida-celebra-12-anos-al-aire\\\/#primaryimage\"},\"thumbnailUrl\":\"https:\\\/\\\/d3pugrm67vf9n7.cloudfront.net\\\/wp-content\\\/uploads\\\/sites\\\/4\\\/2024\\\/10\\\/02220741\\\/Fe-y-Alegria-educomunicacion-24.jpg\",\"datePublished\":\"2024-10-02T22:20:23+00:00\",\"author\":{\"@id\":\"https:\\\/\\\/www.feyalegria.org\\\/venezuela\\\/#\\\/schema\\\/person\\\/fcd504e06f93320841b99f79f3ab0180\"},\"description\":\"A pesar de la creciente influencia de las redes sociales y otras plataformas digitales, la radio sigue siendo un medio fundamental\",\"inLanguage\":\"es\",\"potentialAction\":[{\"@type\":\"ReadAction\",\"target\":[\"https:\\\/\\\/www.feyalegria.org\\\/venezuela\\\/radio-fe-y-alegria-merida-celebra-12-anos-al-aire\\\/\"]}]},{\"@type\":\"ImageObject\",\"inLanguage\":\"es\",\"@id\":\"https:\\\/\\\/www.feyalegria.org\\\/venezuela\\\/radio-fe-y-alegria-merida-celebra-12-anos-al-aire\\\/#primaryimage\",\"url\":\"https:\\\/\\\/d3pugrm67vf9n7.cloudfront.net\\\/wp-content\\\/uploads\\\/sites\\\/4\\\/2024\\\/10\\\/02220741\\\/Fe-y-Alegria-educomunicacion-24.jpg\",\"contentUrl\":\"https:\\\/\\\/d3pugrm67vf9n7.cloudfront.net\\\/wp-content\\\/uploads\\\/sites\\\/4\\\/2024\\\/10\\\/02220741\\\/Fe-y-Alegria-educomunicacion-24.jpg\",\"width\":1280,\"height\":960,\"caption\":\"La se\u00f1al de Fe y Alegr\u00eda sigue promoviendo la vocer\u00eda estudiantil a trav\u00e9s de sus programas educativos.\"},{\"@type\":\"WebSite\",\"@id\":\"https:\\\/\\\/www.feyalegria.org\\\/venezuela\\\/#website\",\"url\":\"https:\\\/\\\/www.feyalegria.org\\\/venezuela\\\/\",\"name\":\"Fe y Alegr\u00eda en Venezuela\",\"description\":\"\",\"potentialAction\":[{\"@type\":\"SearchAction\",\"target\":{\"@type\":\"EntryPoint\",\"urlTemplate\":\"https:\\\/\\\/www.feyalegria.org\\\/venezuela\\\/?s={search_term_string}\"},\"query-input\":{\"@type\":\"PropertyValueSpecification\",\"valueRequired\":true,\"valueName\":\"search_term_string\"}}],\"inLanguage\":\"es\"},{\"@type\":\"Person\",\"@id\":\"https:\\\/\\\/www.feyalegria.org\\\/venezuela\\\/#\\\/schema\\\/person\\\/fcd504e06f93320841b99f79f3ab0180\",\"name\":\"Erika Briceno\",\"url\":\"https:\\\/\\\/www.feyalegria.org\\\/venezuela\\\/author\\\/comunfifya\\\/\"}]}<\/script>\n<!-- \/ Yoast SEO plugin. -->","yoast_head_json":{"title":"\u00a1Radio Fe y Alegr\u00eda M\u00e9rida celebra 12 a\u00f1os al aire! - Fe y Alegr\u00eda en Venezuela","description":"A pesar de la creciente influencia de las redes sociales y otras plataformas digitales, la radio sigue siendo un medio fundamental","robots":{"index":"index","follow":"follow","max-snippet":"max-snippet:-1","max-image-preview":"max-image-preview:large","max-video-preview":"max-video-preview:-1"},"canonical":"https:\/\/www.feyalegria.org\/venezuela\/radio-fe-y-alegria-merida-celebra-12-anos-al-aire\/","og_locale":"es_ES","og_type":"article","og_title":"\u00a1Radio Fe y Alegr\u00eda M\u00e9rida celebra 12 a\u00f1os al aire! - Fe y Alegr\u00eda en Venezuela","og_description":"A pesar de la creciente influencia de las redes sociales y otras plataformas digitales, la radio sigue siendo un medio fundamental","og_url":"https:\/\/www.feyalegria.org\/venezuela\/radio-fe-y-alegria-merida-celebra-12-anos-al-aire\/","og_site_name":"Fe y Alegr\u00eda en Venezuela","article_published_time":"2024-10-02T22:20:23+00:00","og_image":[{"width":1280,"height":960,"url":"https:\/\/d3pugrm67vf9n7.cloudfront.net\/wp-content\/uploads\/sites\/4\/2024\/10\/02220741\/Fe-y-Alegria-educomunicacion-24.jpg","type":"image\/jpeg"}],"author":"Erika Briceno","twitter_card":"summary_large_image","twitter_misc":{"Escrito por":"Erika Briceno","Tiempo de lectura":"4 minutos"},"schema":{"@context":"https:\/\/schema.org","@graph":[{"@type":"Article","@id":"https:\/\/www.feyalegria.org\/venezuela\/radio-fe-y-alegria-merida-celebra-12-anos-al-aire\/#article","isPartOf":{"@id":"https:\/\/www.feyalegria.org\/venezuela\/radio-fe-y-alegria-merida-celebra-12-anos-al-aire\/"},"author":{"name":"Erika Briceno","@id":"https:\/\/www.feyalegria.org\/venezuela\/#\/schema\/person\/fcd504e06f93320841b99f79f3ab0180"},"headline":"\u00a1Radio Fe y Alegr\u00eda M\u00e9rida celebra 12 a\u00f1os al aire!","datePublished":"2024-10-02T22:20:23+00:00","mainEntityOfPage":{"@id":"https:\/\/www.feyalegria.org\/venezuela\/radio-fe-y-alegria-merida-celebra-12-anos-al-aire\/"},"wordCount":810,"commentCount":0,"image":{"@id":"https:\/\/www.feyalegria.org\/venezuela\/radio-fe-y-alegria-merida-celebra-12-anos-al-aire\/#primaryimage"},"thumbnailUrl":"https:\/\/d3pugrm67vf9n7.cloudfront.net\/wp-content\/uploads\/sites\/4\/2024\/10\/02220741\/Fe-y-Alegria-educomunicacion-24.jpg","keywords":["Radio Fe y Alegr\u00eda"],"articleSection":["Bolet\u00edn Interno"],"inLanguage":"es","potentialAction":[{"@type":"CommentAction","name":"Comment","target":["https:\/\/www.feyalegria.org\/venezuela\/radio-fe-y-alegria-merida-celebra-12-anos-al-aire\/#respond"]}]},{"@type":"WebPage","@id":"https:\/\/www.feyalegria.org\/venezuela\/radio-fe-y-alegria-merida-celebra-12-anos-al-aire\/","url":"https:\/\/www.feyalegria.org\/venezuela\/radio-fe-y-alegria-merida-celebra-12-anos-al-aire\/","name":"\u00a1Radio Fe y Alegr\u00eda M\u00e9rida celebra 12 a\u00f1os al aire! - Fe y Alegr\u00eda en Venezuela","isPartOf":{"@id":"https:\/\/www.feyalegria.org\/venezuela\/#website"},"primaryImageOfPage":{"@id":"https:\/\/www.feyalegria.org\/venezuela\/radio-fe-y-alegria-merida-celebra-12-anos-al-aire\/#primaryimage"},"image":{"@id":"https:\/\/www.feyalegria.org\/venezuela\/radio-fe-y-alegria-merida-celebra-12-anos-al-aire\/#primaryimage"},"thumbnailUrl":"https:\/\/d3pugrm67vf9n7.cloudfront.net\/wp-content\/uploads\/sites\/4\/2024\/10\/02220741\/Fe-y-Alegria-educomunicacion-24.jpg","datePublished":"2024-10-02T22:20:23+00:00","author":{"@id":"https:\/\/www.feyalegria.org\/venezuela\/#\/schema\/person\/fcd504e06f93320841b99f79f3ab0180"},"description":"A pesar de la creciente influencia de las redes sociales y otras plataformas digitales, la radio sigue siendo un medio fundamental","inLanguage":"es","potentialAction":[{"@type":"ReadAction","target":["https:\/\/www.feyalegria.org\/venezuela\/radio-fe-y-alegria-merida-celebra-12-anos-al-aire\/"]}]},{"@type":"ImageObject","inLanguage":"es","@id":"https:\/\/www.feyalegria.org\/venezuela\/radio-fe-y-alegria-merida-celebra-12-anos-al-aire\/#primaryimage","url":"https:\/\/d3pugrm67vf9n7.cloudfront.net\/wp-content\/uploads\/sites\/4\/2024\/10\/02220741\/Fe-y-Alegria-educomunicacion-24.jpg","contentUrl":"https:\/\/d3pugrm67vf9n7.cloudfront.net\/wp-content\/uploads\/sites\/4\/2024\/10\/02220741\/Fe-y-Alegria-educomunicacion-24.jpg","width":1280,"height":960,"caption":"La se\u00f1al de Fe y Alegr\u00eda sigue promoviendo la vocer\u00eda estudiantil a trav\u00e9s de sus programas educativos."},{"@type":"WebSite","@id":"https:\/\/www.feyalegria.org\/venezuela\/#website","url":"https:\/\/www.feyalegria.org\/venezuela\/","name":"Fe y Alegr\u00eda en Venezuela","description":"","potentialAction":[{"@type":"SearchAction","target":{"@type":"EntryPoint","urlTemplate":"https:\/\/www.feyalegria.org\/venezuela\/?s={search_term_string}"},"query-input":{"@type":"PropertyValueSpecification","valueRequired":true,"valueName":"search_term_string"}}],"inLanguage":"es"},{"@type":"Person","@id":"https:\/\/www.feyalegria.org\/venezuela\/#\/schema\/person\/fcd504e06f93320841b99f79f3ab0180","name":"Erika Briceno","url":"https:\/\/www.feyalegria.org\/venezuela\/author\/comunfifya\/"}]}},"_links":{"self":[{"href":"https:\/\/www.feyalegria.org\/venezuela\/wp-json\/wp\/v2\/posts\/7471","targetHints":{"allow":["GET"]}}],"collection":[{"href":"https:\/\/www.feyalegria.org\/venezuela\/wp-json\/wp\/v2\/posts"}],"about":[{"href":"https:\/\/www.feyalegria.org\/venezuela\/wp-json\/wp\/v2\/types\/post"}],"author":[{"embeddable":true,"href":"https:\/\/www.feyalegria.org\/venezuela\/wp-json\/wp\/v2\/users\/6"}],"replies":[{"embeddable":true,"href":"https:\/\/www.feyalegria.org\/venezuela\/wp-json\/wp\/v2\/comments?post=7471"}],"version-history":[{"count":0,"href":"https:\/\/www.feyalegria.org\/venezuela\/wp-json\/wp\/v2\/posts\/7471\/revisions"}],"wp:featuredmedia":[{"embeddable":true,"href":"https:\/\/www.feyalegria.org\/venezuela\/wp-json\/wp\/v2\/media\/7472"}],"wp:attachment":[{"href":"https:\/\/www.feyalegria.org\/venezuela\/wp-json\/wp\/v2\/media?parent=7471"}],"wp:term":[{"taxonomy":"category","embeddable":true,"href":"https:\/\/www.feyalegria.org\/venezuela\/wp-json\/wp\/v2\/categories?post=7471"},{"taxonomy":"post_tag","embeddable":true,"href":"https:\/\/www.feyalegria.org\/venezuela\/wp-json\/wp\/v2\/tags?post=7471"},{"taxonomy":"post_folder","embeddable":true,"href":"https:\/\/www.feyalegria.org\/venezuela\/wp-json\/wp\/v2\/post_folder?post=7471"}],"curies":[{"name":"wp","href":"https:\/\/api.w.org\/{rel}","templated":true}]}}