{"id":7477,"date":"2024-10-02T22:41:21","date_gmt":"2024-10-02T22:41:21","guid":{"rendered":"https:\/\/www.feyalegria.org\/venezuela\/?p=7477"},"modified":"2024-10-03T13:09:05","modified_gmt":"2024-10-03T13:09:05","slug":"la-5ta-edicion-de-la-serie-de-conversaciones-ya-esta-aqui","status":"publish","type":"post","link":"https:\/\/www.feyalegria.org\/venezuela\/la-5ta-edicion-de-la-serie-de-conversaciones-ya-esta-aqui\/","title":{"rendered":"La 5ta edici\u00f3n de la Serie de Conversaciones ya est\u00e1 aqu\u00ed"},"content":{"rendered":"<div class=\"wpb-content-wrapper\"><p>[vc_row][vc_column][vc_column_text css=\u00bb\u00bb]<\/p>\n<h1><b>La 5ta edici\u00f3n de la Serie de Conversaciones ya est\u00e1 aqu\u00ed<\/b><\/h1>\n<p>[\/vc_column_text][vc_single_image image=\u00bb7478&#8243; img_size=\u00bbFull\u00bb add_caption=\u00bbyes\u00bb alignment=\u00bbcenter\u00bb css=\u00bb\u00bb][vc_column_text css=\u00bb\u00bb]<\/p>\n<p style=\"text-align: right;\"><b>Ver\u00f3nica Cubill\u00e1n |<\/b>\u00a0<em>Referente de Comunicaci\u00f3n del Centro de Formaci\u00f3n e Investigaci\u00f3n Padre Joaqu\u00edn<\/em><\/p>\n<p style=\"text-align: right;\"><span style=\"font-weight: 400;\"><strong>Keily Caldera |<\/strong> Asistente de Publicaciones del CFIPJ<\/span><\/p>\n<p>[\/vc_column_text][vc_separator][vc_column_text css=\u00bb\u00bb]<\/p>\n<p style=\"text-align: justify;\">La Serie de Conversaciones \u201cEntre Pupitres y Tecnolog\u00edas\u201d ha dado inicio a su 5ta edici\u00f3n. El pasado 27 de septiembre, la experta en Psiconeuroinmunolog\u00eda y M.Sc. en Psicolog\u00eda, Stefan\u00eda Aguzzi, nos sumergi\u00f3 en un fascinante viaje a trav\u00e9s de las emociones y las creencias, para demostrar c\u00f3mo estas influyen en nuestro bienestar y en nuestro desempe\u00f1o como educadores.<\/p>\n<p>&nbsp;<\/p>\n<p style=\"text-align: justify;\">El encuentro, titulado \u00abEmociones y creencias: cambiando la narrativa de lo que siento\u00bb, sirvi\u00f3 como abre boca a la programaci\u00f3n que el Centro de Formaci\u00f3n e Investigaci\u00f3n Padre Joaqu\u00edn tiene preparado para los docentes.<\/p>\n<p>&nbsp;<\/p>\n<h3 style=\"text-align: justify;\">\u00bfQu\u00e9 nos espera en los pr\u00f3ximos meses?<\/h3>\n<p>&nbsp;<\/p>\n<p style=\"text-align: justify;\">La programaci\u00f3n de los pr\u00f3ximos forochats es tan variada como enriquecedora. Desde la gesti\u00f3n emocional en el aula hasta la incorporaci\u00f3n de la Inteligencia Artificial en las pr\u00e1cticas pedag\u00f3gicas, cada encuentro abordar\u00e1 temas de gran relevancia para el d\u00eda a d\u00eda de los docentes.<\/p>\n<p>&nbsp;<\/p>\n<h3 style=\"text-align: justify;\">Calendario de actividades:<\/h3>\n<p>&nbsp;<\/p>\n<p style=\"text-align: justify;\">&#8211; <strong>9 de octubre:<\/strong> Coach Geralin Blanco nos hablar\u00e1 sobre la importancia de la emocionalidad en el \u00e1mbito educativo.<\/p>\n<p style=\"text-align: justify;\">&#8211; <strong>23 de octubre:<\/strong> Evelin B., Alex V. y Milagros O. compartir\u00e1n sus experiencias y conocimientos sobre los desaf\u00edos que plantea el nuevo a\u00f1o escolar.<\/p>\n<p style=\"text-align: justify;\">&#8211; <strong>6 de noviembre:<\/strong> Mar\u00eda M\u00e9ndez nos introducir\u00e1 en el apasionante mundo de la Inteligencia Artificial y su aplicaci\u00f3n en la creaci\u00f3n de contenidos educativos.<\/p>\n<p style=\"text-align: justify;\">&#8211; <strong>20 de noviembre:<\/strong> Luis P\u00e9rez profundizar\u00e1 en las herramientas de Inteligencia Artificial que pueden facilitar nuestra labor docente.<\/p>\n<p style=\"text-align: justify;\">&#8211; <strong>4 de diciembre:<\/strong> Ingrid Lux y Carlos Parra nos brindar\u00e1n estrategias para gestionar las emociones en el aula.<\/p>\n<p style=\"text-align: justify;\">&#8211; <strong>18 de diciembre:<\/strong> Denny V. nos ayudar\u00e1 a cerrar el a\u00f1o reflexionando sobre los logros alcanzados y los desaf\u00edos que enfrentaremos en el 2025.<\/p>\n<p>[\/vc_column_text][vc_column_text css=\u00bb\u00bb]<\/p>\n<p style=\"text-align: justify;\">Cada sesi\u00f3n contar\u00e1 con la participaci\u00f3n de expertos que, adem\u00e1s de compartir sus conocimientos te\u00f3ricos, tambi\u00e9n ofrecer\u00e1n herramientas pr\u00e1cticas y estrategias aplicables al contexto educativo.<\/p>\n<p>&nbsp;<\/p>\n<h3 style=\"text-align: justify;\">\u00bfPor qu\u00e9 no te unes a esta comunidad de aprendizaje?<\/h3>\n<p>&nbsp;<\/p>\n<p style=\"text-align: justify;\">La Serie de Conversaciones \u00abEntre Pupitres y Tecnolog\u00edas\u00bb es mucho m\u00e1s que un espacio de formaci\u00f3n. Es una oportunidad para:<\/p>\n<p>&nbsp;<\/p>\n<p style=\"text-align: justify;\"><strong>&#8211; Conectar con otros docentes<\/strong>: Intercambia experiencias, comparte dudas y construye una red de apoyo.<\/p>\n<p style=\"text-align: justify;\"><strong>&#8211; Ampliar tus conocimientos<\/strong>: Mantente actualizado sobre las \u00faltimas tendencias en educaci\u00f3n.<\/p>\n<p style=\"text-align: justify;\"><strong>&#8211; Desarrollar tus habilidades<\/strong>: Adquiere nuevas herramientas para mejorar tu pr\u00e1ctica docente.<\/p>\n<p style=\"text-align: justify;\"><strong>&#8211; Inspirarte<\/strong>: Descubre nuevas formas de abordar los desaf\u00edos educativos.<\/p>\n<p>[\/vc_column_text][vc_row_inner css=\u00bb.vc_custom_1727908700429{background-color: #E4E4E454 !important;border-radius: 5px !important;}\u00bb][vc_column_inner][vc_column_text css=\u00bb.vc_custom_1727908770632{margin-bottom: 0px !important;padding-right: 20px !important;padding-bottom: 20px !important;padding-left: 20px !important;}\u00bb]<b>\u00a1No te quedes fuera!<\/b><\/p>\n<p>&nbsp;<\/p>\n<p style=\"text-align: justify;\"><span style=\"font-weight: 400;\">Para participar en los forochats y recibir todas las novedades, te invitamos a unirte a nuestro <a href=\"https:\/\/whatsapp.com\/channel\/0029ValMldFHVvTimcgYmb1k\"><u>canal de WhatsApp<\/u><\/a>: <\/span><span style=\"font-weight: 400;\">; y a seguirnos en nuestras redes sociales.<\/span><\/p>\n<p>[\/vc_column_text][\/vc_column_inner][\/vc_row_inner][\/vc_column][\/vc_row][vc_row][vc_column]<div style=\"background-color:;height: 32px\" class=\"nicdark_section  \"><\/div>[vc_column_text css=\u00bb\u00bb]<\/p>\n<p style=\"text-align: right;\"><strong>Caracas, 2 de octubre de 2024<\/strong><\/p>\n<p>[\/vc_column_text][\/vc_column][\/vc_row]<\/p>\n<\/div>","protected":false},"excerpt":{"rendered":"<div style=\"height: 265px\">La programaci\u00f3n de los pr\u00f3ximos forochats es tan variada como enriquecedora. Desde la gesti\u00f3n emocional en el aula hasta la incorporaci\u00f3n de la Inteligencia Artificial en las pr\u00e1cticas pedag\u00f3gicas.<\/div>\n","protected":false},"author":6,"featured_media":7478,"comment_status":"open","ping_status":"open","sticky":false,"template":"","format":"standard","meta":{"_acf_changed":false,"footnotes":""},"categories":[746],"tags":[430],"post_folder":[],"class_list":["post-7477","post","type-post","status-publish","format-standard","has-post-thumbnail","hentry","category-boletin-interno","tag-cfipj"],"acf":[],"yoast_head":"<!-- This site is optimized with the Yoast SEO plugin v27.5 - https:\/\/yoast.com\/product\/yoast-seo-wordpress\/ -->\n<title>La 5ta edici\u00f3n de la Serie de Conversaciones ya est\u00e1 aqu\u00ed - Fe y Alegr\u00eda en Venezuela<\/title>\n<meta name=\"description\" content=\"La programaci\u00f3n de los pr\u00f3ximos forochats es variada y enriquecedora. Desde la gesti\u00f3n emocional en el aula hasta Inteligencia Artificial\" \/>\n<meta name=\"robots\" content=\"index, follow, max-snippet:-1, max-image-preview:large, max-video-preview:-1\" \/>\n<link rel=\"canonical\" href=\"https:\/\/www.feyalegria.org\/venezuela\/la-5ta-edicion-de-la-serie-de-conversaciones-ya-esta-aqui\/\" \/>\n<meta property=\"og:locale\" content=\"es_ES\" \/>\n<meta property=\"og:type\" content=\"article\" \/>\n<meta property=\"og:title\" content=\"La 5ta edici\u00f3n de la Serie de Conversaciones ya est\u00e1 aqu\u00ed - Fe y Alegr\u00eda en Venezuela\" \/>\n<meta property=\"og:description\" content=\"La programaci\u00f3n de los pr\u00f3ximos forochats es variada y enriquecedora. Desde la gesti\u00f3n emocional en el aula hasta Inteligencia Artificial\" \/>\n<meta property=\"og:url\" content=\"https:\/\/www.feyalegria.org\/venezuela\/la-5ta-edicion-de-la-serie-de-conversaciones-ya-esta-aqui\/\" \/>\n<meta property=\"og:site_name\" content=\"Fe y Alegr\u00eda en Venezuela\" \/>\n<meta property=\"article:published_time\" content=\"2024-10-02T22:41:21+00:00\" \/>\n<meta property=\"article:modified_time\" content=\"2024-10-03T13:09:05+00:00\" \/>\n<meta property=\"og:image\" content=\"https:\/\/d3pugrm67vf9n7.cloudfront.net\/wp-content\/uploads\/sites\/4\/2024\/10\/02222611\/CFIPJ-24.jpg\" \/>\n\t<meta property=\"og:image:width\" content=\"1200\" \/>\n\t<meta property=\"og:image:height\" content=\"900\" \/>\n\t<meta property=\"og:image:type\" content=\"image\/jpeg\" \/>\n<meta name=\"author\" content=\"Erika Briceno\" \/>\n<meta name=\"twitter:card\" content=\"summary_large_image\" \/>\n<meta name=\"twitter:label1\" content=\"Escrito por\" \/>\n\t<meta name=\"twitter:data1\" content=\"Erika Briceno\" \/>\n\t<meta name=\"twitter:label2\" content=\"Tiempo de lectura\" \/>\n\t<meta name=\"twitter:data2\" content=\"3 minutos\" \/>\n<script type=\"application\/ld+json\" class=\"yoast-schema-graph\">{\"@context\":\"https:\\\/\\\/schema.org\",\"@graph\":[{\"@type\":\"Article\",\"@id\":\"https:\\\/\\\/www.feyalegria.org\\\/venezuela\\\/la-5ta-edicion-de-la-serie-de-conversaciones-ya-esta-aqui\\\/#article\",\"isPartOf\":{\"@id\":\"https:\\\/\\\/www.feyalegria.org\\\/venezuela\\\/la-5ta-edicion-de-la-serie-de-conversaciones-ya-esta-aqui\\\/\"},\"author\":{\"name\":\"Erika Briceno\",\"@id\":\"https:\\\/\\\/www.feyalegria.org\\\/venezuela\\\/#\\\/schema\\\/person\\\/fcd504e06f93320841b99f79f3ab0180\"},\"headline\":\"La 5ta edici\u00f3n de la Serie de Conversaciones ya est\u00e1 aqu\u00ed\",\"datePublished\":\"2024-10-02T22:41:21+00:00\",\"dateModified\":\"2024-10-03T13:09:05+00:00\",\"mainEntityOfPage\":{\"@id\":\"https:\\\/\\\/www.feyalegria.org\\\/venezuela\\\/la-5ta-edicion-de-la-serie-de-conversaciones-ya-esta-aqui\\\/\"},\"wordCount\":629,\"commentCount\":0,\"image\":{\"@id\":\"https:\\\/\\\/www.feyalegria.org\\\/venezuela\\\/la-5ta-edicion-de-la-serie-de-conversaciones-ya-esta-aqui\\\/#primaryimage\"},\"thumbnailUrl\":\"https:\\\/\\\/d3pugrm67vf9n7.cloudfront.net\\\/wp-content\\\/uploads\\\/sites\\\/4\\\/2024\\\/10\\\/02222611\\\/CFIPJ-24.jpg\",\"keywords\":[\"CFIPJ\"],\"articleSection\":[\"Bolet\u00edn Interno\"],\"inLanguage\":\"es\",\"potentialAction\":[{\"@type\":\"CommentAction\",\"name\":\"Comment\",\"target\":[\"https:\\\/\\\/www.feyalegria.org\\\/venezuela\\\/la-5ta-edicion-de-la-serie-de-conversaciones-ya-esta-aqui\\\/#respond\"]}]},{\"@type\":\"WebPage\",\"@id\":\"https:\\\/\\\/www.feyalegria.org\\\/venezuela\\\/la-5ta-edicion-de-la-serie-de-conversaciones-ya-esta-aqui\\\/\",\"url\":\"https:\\\/\\\/www.feyalegria.org\\\/venezuela\\\/la-5ta-edicion-de-la-serie-de-conversaciones-ya-esta-aqui\\\/\",\"name\":\"La 5ta edici\u00f3n de la Serie de Conversaciones ya est\u00e1 aqu\u00ed - Fe y Alegr\u00eda en Venezuela\",\"isPartOf\":{\"@id\":\"https:\\\/\\\/www.feyalegria.org\\\/venezuela\\\/#website\"},\"primaryImageOfPage\":{\"@id\":\"https:\\\/\\\/www.feyalegria.org\\\/venezuela\\\/la-5ta-edicion-de-la-serie-de-conversaciones-ya-esta-aqui\\\/#primaryimage\"},\"image\":{\"@id\":\"https:\\\/\\\/www.feyalegria.org\\\/venezuela\\\/la-5ta-edicion-de-la-serie-de-conversaciones-ya-esta-aqui\\\/#primaryimage\"},\"thumbnailUrl\":\"https:\\\/\\\/d3pugrm67vf9n7.cloudfront.net\\\/wp-content\\\/uploads\\\/sites\\\/4\\\/2024\\\/10\\\/02222611\\\/CFIPJ-24.jpg\",\"datePublished\":\"2024-10-02T22:41:21+00:00\",\"dateModified\":\"2024-10-03T13:09:05+00:00\",\"author\":{\"@id\":\"https:\\\/\\\/www.feyalegria.org\\\/venezuela\\\/#\\\/schema\\\/person\\\/fcd504e06f93320841b99f79f3ab0180\"},\"description\":\"La programaci\u00f3n de los pr\u00f3ximos forochats es variada y enriquecedora. Desde la gesti\u00f3n emocional en el aula hasta Inteligencia Artificial\",\"inLanguage\":\"es\",\"potentialAction\":[{\"@type\":\"ReadAction\",\"target\":[\"https:\\\/\\\/www.feyalegria.org\\\/venezuela\\\/la-5ta-edicion-de-la-serie-de-conversaciones-ya-esta-aqui\\\/\"]}]},{\"@type\":\"ImageObject\",\"inLanguage\":\"es\",\"@id\":\"https:\\\/\\\/www.feyalegria.org\\\/venezuela\\\/la-5ta-edicion-de-la-serie-de-conversaciones-ya-esta-aqui\\\/#primaryimage\",\"url\":\"https:\\\/\\\/d3pugrm67vf9n7.cloudfront.net\\\/wp-content\\\/uploads\\\/sites\\\/4\\\/2024\\\/10\\\/02222611\\\/CFIPJ-24.jpg\",\"contentUrl\":\"https:\\\/\\\/d3pugrm67vf9n7.cloudfront.net\\\/wp-content\\\/uploads\\\/sites\\\/4\\\/2024\\\/10\\\/02222611\\\/CFIPJ-24.jpg\",\"width\":1200,\"height\":900},{\"@type\":\"WebSite\",\"@id\":\"https:\\\/\\\/www.feyalegria.org\\\/venezuela\\\/#website\",\"url\":\"https:\\\/\\\/www.feyalegria.org\\\/venezuela\\\/\",\"name\":\"Fe y Alegr\u00eda en Venezuela\",\"description\":\"\",\"potentialAction\":[{\"@type\":\"SearchAction\",\"target\":{\"@type\":\"EntryPoint\",\"urlTemplate\":\"https:\\\/\\\/www.feyalegria.org\\\/venezuela\\\/?s={search_term_string}\"},\"query-input\":{\"@type\":\"PropertyValueSpecification\",\"valueRequired\":true,\"valueName\":\"search_term_string\"}}],\"inLanguage\":\"es\"},{\"@type\":\"Person\",\"@id\":\"https:\\\/\\\/www.feyalegria.org\\\/venezuela\\\/#\\\/schema\\\/person\\\/fcd504e06f93320841b99f79f3ab0180\",\"name\":\"Erika Briceno\",\"url\":\"https:\\\/\\\/www.feyalegria.org\\\/venezuela\\\/author\\\/comunfifya\\\/\"}]}<\/script>\n<!-- \/ Yoast SEO plugin. -->","yoast_head_json":{"title":"La 5ta edici\u00f3n de la Serie de Conversaciones ya est\u00e1 aqu\u00ed - Fe y Alegr\u00eda en Venezuela","description":"La programaci\u00f3n de los pr\u00f3ximos forochats es variada y enriquecedora. Desde la gesti\u00f3n emocional en el aula hasta Inteligencia Artificial","robots":{"index":"index","follow":"follow","max-snippet":"max-snippet:-1","max-image-preview":"max-image-preview:large","max-video-preview":"max-video-preview:-1"},"canonical":"https:\/\/www.feyalegria.org\/venezuela\/la-5ta-edicion-de-la-serie-de-conversaciones-ya-esta-aqui\/","og_locale":"es_ES","og_type":"article","og_title":"La 5ta edici\u00f3n de la Serie de Conversaciones ya est\u00e1 aqu\u00ed - Fe y Alegr\u00eda en Venezuela","og_description":"La programaci\u00f3n de los pr\u00f3ximos forochats es variada y enriquecedora. Desde la gesti\u00f3n emocional en el aula hasta Inteligencia Artificial","og_url":"https:\/\/www.feyalegria.org\/venezuela\/la-5ta-edicion-de-la-serie-de-conversaciones-ya-esta-aqui\/","og_site_name":"Fe y Alegr\u00eda en Venezuela","article_published_time":"2024-10-02T22:41:21+00:00","article_modified_time":"2024-10-03T13:09:05+00:00","og_image":[{"width":1200,"height":900,"url":"https:\/\/d3pugrm67vf9n7.cloudfront.net\/wp-content\/uploads\/sites\/4\/2024\/10\/02222611\/CFIPJ-24.jpg","type":"image\/jpeg"}],"author":"Erika Briceno","twitter_card":"summary_large_image","twitter_misc":{"Escrito por":"Erika Briceno","Tiempo de lectura":"3 minutos"},"schema":{"@context":"https:\/\/schema.org","@graph":[{"@type":"Article","@id":"https:\/\/www.feyalegria.org\/venezuela\/la-5ta-edicion-de-la-serie-de-conversaciones-ya-esta-aqui\/#article","isPartOf":{"@id":"https:\/\/www.feyalegria.org\/venezuela\/la-5ta-edicion-de-la-serie-de-conversaciones-ya-esta-aqui\/"},"author":{"name":"Erika Briceno","@id":"https:\/\/www.feyalegria.org\/venezuela\/#\/schema\/person\/fcd504e06f93320841b99f79f3ab0180"},"headline":"La 5ta edici\u00f3n de la Serie de Conversaciones ya est\u00e1 aqu\u00ed","datePublished":"2024-10-02T22:41:21+00:00","dateModified":"2024-10-03T13:09:05+00:00","mainEntityOfPage":{"@id":"https:\/\/www.feyalegria.org\/venezuela\/la-5ta-edicion-de-la-serie-de-conversaciones-ya-esta-aqui\/"},"wordCount":629,"commentCount":0,"image":{"@id":"https:\/\/www.feyalegria.org\/venezuela\/la-5ta-edicion-de-la-serie-de-conversaciones-ya-esta-aqui\/#primaryimage"},"thumbnailUrl":"https:\/\/d3pugrm67vf9n7.cloudfront.net\/wp-content\/uploads\/sites\/4\/2024\/10\/02222611\/CFIPJ-24.jpg","keywords":["CFIPJ"],"articleSection":["Bolet\u00edn Interno"],"inLanguage":"es","potentialAction":[{"@type":"CommentAction","name":"Comment","target":["https:\/\/www.feyalegria.org\/venezuela\/la-5ta-edicion-de-la-serie-de-conversaciones-ya-esta-aqui\/#respond"]}]},{"@type":"WebPage","@id":"https:\/\/www.feyalegria.org\/venezuela\/la-5ta-edicion-de-la-serie-de-conversaciones-ya-esta-aqui\/","url":"https:\/\/www.feyalegria.org\/venezuela\/la-5ta-edicion-de-la-serie-de-conversaciones-ya-esta-aqui\/","name":"La 5ta edici\u00f3n de la Serie de Conversaciones ya est\u00e1 aqu\u00ed - Fe y Alegr\u00eda en Venezuela","isPartOf":{"@id":"https:\/\/www.feyalegria.org\/venezuela\/#website"},"primaryImageOfPage":{"@id":"https:\/\/www.feyalegria.org\/venezuela\/la-5ta-edicion-de-la-serie-de-conversaciones-ya-esta-aqui\/#primaryimage"},"image":{"@id":"https:\/\/www.feyalegria.org\/venezuela\/la-5ta-edicion-de-la-serie-de-conversaciones-ya-esta-aqui\/#primaryimage"},"thumbnailUrl":"https:\/\/d3pugrm67vf9n7.cloudfront.net\/wp-content\/uploads\/sites\/4\/2024\/10\/02222611\/CFIPJ-24.jpg","datePublished":"2024-10-02T22:41:21+00:00","dateModified":"2024-10-03T13:09:05+00:00","author":{"@id":"https:\/\/www.feyalegria.org\/venezuela\/#\/schema\/person\/fcd504e06f93320841b99f79f3ab0180"},"description":"La programaci\u00f3n de los pr\u00f3ximos forochats es variada y enriquecedora. Desde la gesti\u00f3n emocional en el aula hasta Inteligencia Artificial","inLanguage":"es","potentialAction":[{"@type":"ReadAction","target":["https:\/\/www.feyalegria.org\/venezuela\/la-5ta-edicion-de-la-serie-de-conversaciones-ya-esta-aqui\/"]}]},{"@type":"ImageObject","inLanguage":"es","@id":"https:\/\/www.feyalegria.org\/venezuela\/la-5ta-edicion-de-la-serie-de-conversaciones-ya-esta-aqui\/#primaryimage","url":"https:\/\/d3pugrm67vf9n7.cloudfront.net\/wp-content\/uploads\/sites\/4\/2024\/10\/02222611\/CFIPJ-24.jpg","contentUrl":"https:\/\/d3pugrm67vf9n7.cloudfront.net\/wp-content\/uploads\/sites\/4\/2024\/10\/02222611\/CFIPJ-24.jpg","width":1200,"height":900},{"@type":"WebSite","@id":"https:\/\/www.feyalegria.org\/venezuela\/#website","url":"https:\/\/www.feyalegria.org\/venezuela\/","name":"Fe y Alegr\u00eda en Venezuela","description":"","potentialAction":[{"@type":"SearchAction","target":{"@type":"EntryPoint","urlTemplate":"https:\/\/www.feyalegria.org\/venezuela\/?s={search_term_string}"},"query-input":{"@type":"PropertyValueSpecification","valueRequired":true,"valueName":"search_term_string"}}],"inLanguage":"es"},{"@type":"Person","@id":"https:\/\/www.feyalegria.org\/venezuela\/#\/schema\/person\/fcd504e06f93320841b99f79f3ab0180","name":"Erika Briceno","url":"https:\/\/www.feyalegria.org\/venezuela\/author\/comunfifya\/"}]}},"_links":{"self":[{"href":"https:\/\/www.feyalegria.org\/venezuela\/wp-json\/wp\/v2\/posts\/7477","targetHints":{"allow":["GET"]}}],"collection":[{"href":"https:\/\/www.feyalegria.org\/venezuela\/wp-json\/wp\/v2\/posts"}],"about":[{"href":"https:\/\/www.feyalegria.org\/venezuela\/wp-json\/wp\/v2\/types\/post"}],"author":[{"embeddable":true,"href":"https:\/\/www.feyalegria.org\/venezuela\/wp-json\/wp\/v2\/users\/6"}],"replies":[{"embeddable":true,"href":"https:\/\/www.feyalegria.org\/venezuela\/wp-json\/wp\/v2\/comments?post=7477"}],"version-history":[{"count":0,"href":"https:\/\/www.feyalegria.org\/venezuela\/wp-json\/wp\/v2\/posts\/7477\/revisions"}],"wp:featuredmedia":[{"embeddable":true,"href":"https:\/\/www.feyalegria.org\/venezuela\/wp-json\/wp\/v2\/media\/7478"}],"wp:attachment":[{"href":"https:\/\/www.feyalegria.org\/venezuela\/wp-json\/wp\/v2\/media?parent=7477"}],"wp:term":[{"taxonomy":"category","embeddable":true,"href":"https:\/\/www.feyalegria.org\/venezuela\/wp-json\/wp\/v2\/categories?post=7477"},{"taxonomy":"post_tag","embeddable":true,"href":"https:\/\/www.feyalegria.org\/venezuela\/wp-json\/wp\/v2\/tags?post=7477"},{"taxonomy":"post_folder","embeddable":true,"href":"https:\/\/www.feyalegria.org\/venezuela\/wp-json\/wp\/v2\/post_folder?post=7477"}],"curies":[{"name":"wp","href":"https:\/\/api.w.org\/{rel}","templated":true}]}}