 {"id":7556,"date":"2024-10-09T21:47:45","date_gmt":"2024-10-09T21:47:45","guid":{"rendered":"https:\/\/www.feyalegria.org\/venezuela\/?p=7556"},"modified":"2024-10-09T21:52:52","modified_gmt":"2024-10-09T21:52:52","slug":"fe-y-alegria-capacitacion-en-alianza-con-la-c-a-la-pastora-impulsa-el-desarrollo-de-jovenes-soldadores","status":"publish","type":"post","link":"https:\/\/www.feyalegria.org\/venezuela\/fe-y-alegria-capacitacion-en-alianza-con-la-c-a-la-pastora-impulsa-el-desarrollo-de-jovenes-soldadores\/","title":{"rendered":"Fe y Alegr\u00eda Capacitaci\u00f3n en alianza con la C.A. La Pastora impulsa el desarrollo de j\u00f3venes soldadores"},"content":{"rendered":"<div class=\"wpb-content-wrapper\"><p>[vc_row][vc_column][vc_column_text css=\u00bb\u00bb]<\/p>\n<h1><b>Fe y Alegr\u00eda Capacitaci\u00f3n en alianza con la C.A. La Pastora impulsa el desarrollo de j\u00f3venes soldadores<\/b><\/h1>\n<p>[\/vc_column_text][vc_single_image image=\u00bb7557&#8243; img_size=\u00bbfull\u00bb add_caption=\u00bbyes\u00bb alignment=\u00bbcenter\u00bb css=\u00bb\u00bb][vc_column_text css=\u00bb\u00bb]<\/p>\n<p style=\"text-align: right;\"><strong>Germ\u00e1n Osorio | <\/strong><em>Referente de Comunicaci\u00f3n de Fe y Alegr\u00eda Capacitaci\u00f3n<\/em><\/p>\n<p>[\/vc_column_text][vc_separator][vc_column_text css=\u00bb\u00bb]<\/p>\n<p style=\"text-align: justify;\">Un grupo de 6 j\u00f3venes participantes del curso de soldadura, facilitado por el centro de capacitaci\u00f3n Escuela Artesanal San Jos\u00e9 de Fe y Alegr\u00eda, realiz\u00f3 una visita a las instalaciones de la empresa productora de az\u00facar C.A. La Pastora. El objetivo de esta visita fue que los j\u00f3venes conocieran de primera mano las labores de soldadura en el mantenimiento de infraestructuras y maquinarias industriales, y as\u00ed reforzar los conocimientos adquiridos durante su formaci\u00f3n.<\/p>\n<p>&nbsp;<\/p>\n<div id=\"attachment_7559\" style=\"width: 411px\" class=\"wp-caption alignleft\"><img loading=\"lazy\" decoding=\"async\" aria-describedby=\"caption-attachment-7559\" class=\"wp-image-7559\" src=\"https:\/\/d3pugrm67vf9n7.cloudfront.net\/wp-content\/uploads\/sites\/4\/2024\/10\/09213529\/capacitacion-27-3-300x225.jpg\" alt=\"\" width=\"401\" height=\"301\" srcset=\"https:\/\/d3pugrm67vf9n7.cloudfront.net\/wp-content\/uploads\/sites\/4\/2024\/10\/09213529\/capacitacion-27-3-300x225.jpg 300w, https:\/\/d3pugrm67vf9n7.cloudfront.net\/wp-content\/uploads\/sites\/4\/2024\/10\/09213529\/capacitacion-27-3-1024x768.jpg 1024w, https:\/\/d3pugrm67vf9n7.cloudfront.net\/wp-content\/uploads\/sites\/4\/2024\/10\/09213529\/capacitacion-27-3-768x576.jpg 768w, https:\/\/d3pugrm67vf9n7.cloudfront.net\/wp-content\/uploads\/sites\/4\/2024\/10\/09213529\/capacitacion-27-3.jpg 1200w\" sizes=\"auto, (max-width: 401px) 100vw, 401px\" \/><p id=\"caption-attachment-7559\" class=\"wp-caption-text\">Dentro de oficinas de la empresa, de derecha a izquierda: Lcda. Keyla Su\u00e1rez, con los participantes Antonio Lameda, Jhobanny \u00c1lvarez, Carlos Rivero, Anthuan Mendoza, Ehiber Rivero, Lcda. Ana Karina P\u00e9rez y participante Yender Pi\u00f1a.<\/p><\/div>\n<p style=\"text-align: justify;\">Carlos Rivero, Yender Pi\u00f1a, Ehiber Rivero, Antonio Lameda, Anthuan Mendoza y Jhobanny \u00c1lvarez fueron los participantes que, gracias a la formaci\u00f3n de Fe y Alegr\u00eda Capacitaci\u00f3n, est\u00e1n a punto de certificarse como soldadores. Esta certificaci\u00f3n les abrir\u00e1 las puertas a un amplio campo laboral, permiti\u00e9ndoles ofrecer sus servicios a peque\u00f1as, medianas y grandes empresas de la localidad.<\/p>\n<p>&nbsp;<\/p>\n<p style=\"text-align: justify;\">La Lcda. Keyla Su\u00e1rez, responsable del centro de capacitaci\u00f3n, expres\u00f3 su agradecimiento a Dios y a la empresa C.A. La Pastora por el apoyo brindado a la formaci\u00f3n de j\u00f3venes y adultos en las comunidades de La Pastora y zonas aleda\u00f1as. Su\u00e1rez destac\u00f3 que la empresa recibi\u00f3 al grupo con gran entusiasmo, lo que permiti\u00f3 a los j\u00f3venes reforzar los conocimientos adquiridos durante el curso.<\/p>\n<p>&nbsp;<\/p>\n<p style=\"text-align: justify;\">Durante la visita, los participantes pudieron recorrer los talleres de la empresa y observar de cerca las diversas aplicaciones de la soldadura en el \u00e1mbito industrial. Esta experiencia les permiti\u00f3 ampliar sus perspectivas y descubrir nuevas oportunidades profesionales.<\/p>\n<p>&nbsp;<\/p>\n<div id=\"attachment_7558\" style=\"width: 411px\" class=\"wp-caption alignright\"><img loading=\"lazy\" decoding=\"async\" aria-describedby=\"caption-attachment-7558\" class=\"wp-image-7558\" src=\"https:\/\/d3pugrm67vf9n7.cloudfront.net\/wp-content\/uploads\/sites\/4\/2024\/10\/09213526\/capacitacion-27-2-300x300.jpg\" alt=\"\" width=\"401\" height=\"401\" srcset=\"https:\/\/d3pugrm67vf9n7.cloudfront.net\/wp-content\/uploads\/sites\/4\/2024\/10\/09213526\/capacitacion-27-2-300x300.jpg 300w, https:\/\/d3pugrm67vf9n7.cloudfront.net\/wp-content\/uploads\/sites\/4\/2024\/10\/09213526\/capacitacion-27-2-150x150.jpg 150w, https:\/\/d3pugrm67vf9n7.cloudfront.net\/wp-content\/uploads\/sites\/4\/2024\/10\/09213526\/capacitacion-27-2-768x768.jpg 768w, https:\/\/d3pugrm67vf9n7.cloudfront.net\/wp-content\/uploads\/sites\/4\/2024\/10\/09213526\/capacitacion-27-2.jpg 900w\" sizes=\"auto, (max-width: 401px) 100vw, 401px\" \/><p id=\"caption-attachment-7558\" class=\"wp-caption-text\">Entrada de la empresa, de derecha a izquierda, Lcda. Keyla Suarez, Ing. Jos\u00e9 Barrios y Lcda. Yorley Escalona.<\/p><\/div>\n<p style=\"text-align: justify;\">Adem\u00e1s de la Lcda. Keyla Su\u00e1rez, tambi\u00e9n estuvieron presentes en la visita Yorley Escalona, asistente administrativa, y Rosendo Brice\u00f1o, facilitador del centro de capacitaci\u00f3n. Por parte de C.A. La Pastora, el Ing. Jos\u00e9 Gregorio Barrios acompa\u00f1\u00f3 al grupo.<\/p>\n<p>&nbsp;<\/p>\n<p style=\"text-align: justify;\">Esta sinergia entre Fe y Alegr\u00eda Capacitaci\u00f3n y C.A. Central La Pastora demuestra el compromiso de ambas instituciones por trabajar en conjunto para impulsar el desarrollo y empoderamiento de los j\u00f3venes de la comunidad. Esta colaboraci\u00f3n es un ejemplo inspirador de c\u00f3mo las organizaciones pueden unir esfuerzos para generar oportunidades y promover el crecimiento personal y profesional de sus participantes.<\/p>\n<p>\u00a0[\/vc_column_text][vc_column_text css=\u00bb\u00bb]<\/p>\n<p style=\"text-align: right;\"><strong>Caracas, 9 de octubre de 2024<\/strong><\/p>\n<p>[\/vc_column_text][\/vc_column][\/vc_row]<\/p>\n<\/div>","protected":false},"excerpt":{"rendered":"<div style=\"height: 265px\">Participantes del curso de soldadura, del centro de capacitaci\u00f3n Escuela Artesanal San Jos\u00e9, realiz\u00f3 una visita de campo con el fin de que que los j\u00f3venes conocieran las labores de soldadura en el mantenimiento de infraestructuras y maquinarias industriales<\/div>\n","protected":false},"author":6,"featured_media":7557,"comment_status":"open","ping_status":"open","sticky":false,"template":"","format":"standard","meta":{"_acf_changed":false,"footnotes":""},"categories":[746],"tags":[634,766],"post_folder":[],"class_list":["post-7556","post","type-post","status-publish","format-standard","has-post-thumbnail","hentry","category-boletin-interno","tag-capacitacion","tag-cursos"],"acf":[],"yoast_head":"<!-- This site is optimized with the Yoast SEO plugin v27.4 - https:\/\/yoast.com\/product\/yoast-seo-wordpress\/ -->\n<title>Fe y Alegr\u00eda Capacitaci\u00f3n en alianza con la C.A. La Pastora impulsa el desarrollo de j\u00f3venes soldadores - Fe y Alegr\u00eda en Venezuela<\/title>\n<meta name=\"description\" content=\"Participantes del curso de soldadura, del centro de capacitaci\u00f3n Escuela Artesanal San Jos\u00e9, realiz\u00f3 una visita de campo a empresa productora\" \/>\n<meta name=\"robots\" content=\"index, follow, max-snippet:-1, max-image-preview:large, max-video-preview:-1\" \/>\n<link rel=\"canonical\" href=\"https:\/\/www.feyalegria.org\/venezuela\/fe-y-alegria-capacitacion-en-alianza-con-la-c-a-la-pastora-impulsa-el-desarrollo-de-jovenes-soldadores\/\" \/>\n<meta property=\"og:locale\" content=\"es_ES\" \/>\n<meta property=\"og:type\" content=\"article\" \/>\n<meta property=\"og:title\" content=\"Fe y Alegr\u00eda Capacitaci\u00f3n en alianza con la C.A. La Pastora impulsa el desarrollo de j\u00f3venes soldadores - Fe y Alegr\u00eda en Venezuela\" \/>\n<meta property=\"og:description\" content=\"Participantes del curso de soldadura, del centro de capacitaci\u00f3n Escuela Artesanal San Jos\u00e9, realiz\u00f3 una visita de campo a empresa productora\" \/>\n<meta property=\"og:url\" content=\"https:\/\/www.feyalegria.org\/venezuela\/fe-y-alegria-capacitacion-en-alianza-con-la-c-a-la-pastora-impulsa-el-desarrollo-de-jovenes-soldadores\/\" \/>\n<meta property=\"og:site_name\" content=\"Fe y Alegr\u00eda en Venezuela\" \/>\n<meta property=\"article:published_time\" content=\"2024-10-09T21:47:45+00:00\" \/>\n<meta property=\"article:modified_time\" content=\"2024-10-09T21:52:52+00:00\" \/>\n<meta property=\"og:image\" content=\"https:\/\/d3pugrm67vf9n7.cloudfront.net\/wp-content\/uploads\/sites\/4\/2024\/10\/09213523\/capacitacion-27-1.jpg\" \/>\n\t<meta property=\"og:image:width\" content=\"1200\" \/>\n\t<meta property=\"og:image:height\" content=\"900\" \/>\n\t<meta property=\"og:image:type\" content=\"image\/jpeg\" \/>\n<meta name=\"author\" content=\"Erika Briceno\" \/>\n<meta name=\"twitter:card\" content=\"summary_large_image\" \/>\n<meta name=\"twitter:label1\" content=\"Escrito por\" \/>\n\t<meta name=\"twitter:data1\" content=\"Erika Briceno\" \/>\n\t<meta name=\"twitter:label2\" content=\"Tiempo de lectura\" \/>\n\t<meta name=\"twitter:data2\" content=\"3 minutos\" \/>\n<script type=\"application\/ld+json\" class=\"yoast-schema-graph\">{\"@context\":\"https:\\\/\\\/schema.org\",\"@graph\":[{\"@type\":\"Article\",\"@id\":\"https:\\\/\\\/www.feyalegria.org\\\/venezuela\\\/fe-y-alegria-capacitacion-en-alianza-con-la-c-a-la-pastora-impulsa-el-desarrollo-de-jovenes-soldadores\\\/#article\",\"isPartOf\":{\"@id\":\"https:\\\/\\\/www.feyalegria.org\\\/venezuela\\\/fe-y-alegria-capacitacion-en-alianza-con-la-c-a-la-pastora-impulsa-el-desarrollo-de-jovenes-soldadores\\\/\"},\"author\":{\"name\":\"Erika Briceno\",\"@id\":\"https:\\\/\\\/www.feyalegria.org\\\/venezuela\\\/#\\\/schema\\\/person\\\/fcd504e06f93320841b99f79f3ab0180\"},\"headline\":\"Fe y Alegr\u00eda Capacitaci\u00f3n en alianza con la C.A. La Pastora impulsa el desarrollo de j\u00f3venes soldadores\",\"datePublished\":\"2024-10-09T21:47:45+00:00\",\"dateModified\":\"2024-10-09T21:52:52+00:00\",\"mainEntityOfPage\":{\"@id\":\"https:\\\/\\\/www.feyalegria.org\\\/venezuela\\\/fe-y-alegria-capacitacion-en-alianza-con-la-c-a-la-pastora-impulsa-el-desarrollo-de-jovenes-soldadores\\\/\"},\"wordCount\":550,\"commentCount\":1,\"image\":{\"@id\":\"https:\\\/\\\/www.feyalegria.org\\\/venezuela\\\/fe-y-alegria-capacitacion-en-alianza-con-la-c-a-la-pastora-impulsa-el-desarrollo-de-jovenes-soldadores\\\/#primaryimage\"},\"thumbnailUrl\":\"https:\\\/\\\/d3pugrm67vf9n7.cloudfront.net\\\/wp-content\\\/uploads\\\/sites\\\/4\\\/2024\\\/10\\\/09213523\\\/capacitacion-27-1.jpg\",\"keywords\":[\"Capacitaci\u00f3n\",\"Cursos\"],\"articleSection\":[\"Bolet\u00edn Interno\"],\"inLanguage\":\"es\",\"potentialAction\":[{\"@type\":\"CommentAction\",\"name\":\"Comment\",\"target\":[\"https:\\\/\\\/www.feyalegria.org\\\/venezuela\\\/fe-y-alegria-capacitacion-en-alianza-con-la-c-a-la-pastora-impulsa-el-desarrollo-de-jovenes-soldadores\\\/#respond\"]}]},{\"@type\":\"WebPage\",\"@id\":\"https:\\\/\\\/www.feyalegria.org\\\/venezuela\\\/fe-y-alegria-capacitacion-en-alianza-con-la-c-a-la-pastora-impulsa-el-desarrollo-de-jovenes-soldadores\\\/\",\"url\":\"https:\\\/\\\/www.feyalegria.org\\\/venezuela\\\/fe-y-alegria-capacitacion-en-alianza-con-la-c-a-la-pastora-impulsa-el-desarrollo-de-jovenes-soldadores\\\/\",\"name\":\"Fe y Alegr\u00eda Capacitaci\u00f3n en alianza con la C.A. La Pastora impulsa el desarrollo de j\u00f3venes soldadores - Fe y Alegr\u00eda en Venezuela\",\"isPartOf\":{\"@id\":\"https:\\\/\\\/www.feyalegria.org\\\/venezuela\\\/#website\"},\"primaryImageOfPage\":{\"@id\":\"https:\\\/\\\/www.feyalegria.org\\\/venezuela\\\/fe-y-alegria-capacitacion-en-alianza-con-la-c-a-la-pastora-impulsa-el-desarrollo-de-jovenes-soldadores\\\/#primaryimage\"},\"image\":{\"@id\":\"https:\\\/\\\/www.feyalegria.org\\\/venezuela\\\/fe-y-alegria-capacitacion-en-alianza-con-la-c-a-la-pastora-impulsa-el-desarrollo-de-jovenes-soldadores\\\/#primaryimage\"},\"thumbnailUrl\":\"https:\\\/\\\/d3pugrm67vf9n7.cloudfront.net\\\/wp-content\\\/uploads\\\/sites\\\/4\\\/2024\\\/10\\\/09213523\\\/capacitacion-27-1.jpg\",\"datePublished\":\"2024-10-09T21:47:45+00:00\",\"dateModified\":\"2024-10-09T21:52:52+00:00\",\"author\":{\"@id\":\"https:\\\/\\\/www.feyalegria.org\\\/venezuela\\\/#\\\/schema\\\/person\\\/fcd504e06f93320841b99f79f3ab0180\"},\"description\":\"Participantes del curso de soldadura, del centro de capacitaci\u00f3n Escuela Artesanal San Jos\u00e9, realiz\u00f3 una visita de campo a empresa productora\",\"inLanguage\":\"es\",\"potentialAction\":[{\"@type\":\"ReadAction\",\"target\":[\"https:\\\/\\\/www.feyalegria.org\\\/venezuela\\\/fe-y-alegria-capacitacion-en-alianza-con-la-c-a-la-pastora-impulsa-el-desarrollo-de-jovenes-soldadores\\\/\"]}]},{\"@type\":\"ImageObject\",\"inLanguage\":\"es\",\"@id\":\"https:\\\/\\\/www.feyalegria.org\\\/venezuela\\\/fe-y-alegria-capacitacion-en-alianza-con-la-c-a-la-pastora-impulsa-el-desarrollo-de-jovenes-soldadores\\\/#primaryimage\",\"url\":\"https:\\\/\\\/d3pugrm67vf9n7.cloudfront.net\\\/wp-content\\\/uploads\\\/sites\\\/4\\\/2024\\\/10\\\/09213523\\\/capacitacion-27-1.jpg\",\"contentUrl\":\"https:\\\/\\\/d3pugrm67vf9n7.cloudfront.net\\\/wp-content\\\/uploads\\\/sites\\\/4\\\/2024\\\/10\\\/09213523\\\/capacitacion-27-1.jpg\",\"width\":1200,\"height\":900,\"caption\":\"Entrada de la empresa la Pastora, de derecha a izquierda participantes Yender Pi\u00f1a Seguido de Jhobanny \u00c1lvarez, Carlos Rivero, Ehiber Rivero y Anthuan Mendoza, seguidamente la responsable del centro Lcda. Keyla Su\u00e1rez, Ing. Jos\u00e9 Barrios, Antonio Lameda y Lcda. Yorley Escalona.\"},{\"@type\":\"WebSite\",\"@id\":\"https:\\\/\\\/www.feyalegria.org\\\/venezuela\\\/#website\",\"url\":\"https:\\\/\\\/www.feyalegria.org\\\/venezuela\\\/\",\"name\":\"Fe y Alegr\u00eda en Venezuela\",\"description\":\"\",\"potentialAction\":[{\"@type\":\"SearchAction\",\"target\":{\"@type\":\"EntryPoint\",\"urlTemplate\":\"https:\\\/\\\/www.feyalegria.org\\\/venezuela\\\/?s={search_term_string}\"},\"query-input\":{\"@type\":\"PropertyValueSpecification\",\"valueRequired\":true,\"valueName\":\"search_term_string\"}}],\"inLanguage\":\"es\"},{\"@type\":\"Person\",\"@id\":\"https:\\\/\\\/www.feyalegria.org\\\/venezuela\\\/#\\\/schema\\\/person\\\/fcd504e06f93320841b99f79f3ab0180\",\"name\":\"Erika Briceno\",\"url\":\"https:\\\/\\\/www.feyalegria.org\\\/venezuela\\\/author\\\/comunfifya\\\/\"}]}<\/script>\n<!-- \/ Yoast SEO plugin. -->","yoast_head_json":{"title":"Fe y Alegr\u00eda Capacitaci\u00f3n en alianza con la C.A. La Pastora impulsa el desarrollo de j\u00f3venes soldadores - Fe y Alegr\u00eda en Venezuela","description":"Participantes del curso de soldadura, del centro de capacitaci\u00f3n Escuela Artesanal San Jos\u00e9, realiz\u00f3 una visita de campo a empresa productora","robots":{"index":"index","follow":"follow","max-snippet":"max-snippet:-1","max-image-preview":"max-image-preview:large","max-video-preview":"max-video-preview:-1"},"canonical":"https:\/\/www.feyalegria.org\/venezuela\/fe-y-alegria-capacitacion-en-alianza-con-la-c-a-la-pastora-impulsa-el-desarrollo-de-jovenes-soldadores\/","og_locale":"es_ES","og_type":"article","og_title":"Fe y Alegr\u00eda Capacitaci\u00f3n en alianza con la C.A. La Pastora impulsa el desarrollo de j\u00f3venes soldadores - Fe y Alegr\u00eda en Venezuela","og_description":"Participantes del curso de soldadura, del centro de capacitaci\u00f3n Escuela Artesanal San Jos\u00e9, realiz\u00f3 una visita de campo a empresa productora","og_url":"https:\/\/www.feyalegria.org\/venezuela\/fe-y-alegria-capacitacion-en-alianza-con-la-c-a-la-pastora-impulsa-el-desarrollo-de-jovenes-soldadores\/","og_site_name":"Fe y Alegr\u00eda en Venezuela","article_published_time":"2024-10-09T21:47:45+00:00","article_modified_time":"2024-10-09T21:52:52+00:00","og_image":[{"width":1200,"height":900,"url":"https:\/\/d3pugrm67vf9n7.cloudfront.net\/wp-content\/uploads\/sites\/4\/2024\/10\/09213523\/capacitacion-27-1.jpg","type":"image\/jpeg"}],"author":"Erika Briceno","twitter_card":"summary_large_image","twitter_misc":{"Escrito por":"Erika Briceno","Tiempo de lectura":"3 minutos"},"schema":{"@context":"https:\/\/schema.org","@graph":[{"@type":"Article","@id":"https:\/\/www.feyalegria.org\/venezuela\/fe-y-alegria-capacitacion-en-alianza-con-la-c-a-la-pastora-impulsa-el-desarrollo-de-jovenes-soldadores\/#article","isPartOf":{"@id":"https:\/\/www.feyalegria.org\/venezuela\/fe-y-alegria-capacitacion-en-alianza-con-la-c-a-la-pastora-impulsa-el-desarrollo-de-jovenes-soldadores\/"},"author":{"name":"Erika Briceno","@id":"https:\/\/www.feyalegria.org\/venezuela\/#\/schema\/person\/fcd504e06f93320841b99f79f3ab0180"},"headline":"Fe y Alegr\u00eda Capacitaci\u00f3n en alianza con la C.A. La Pastora impulsa el desarrollo de j\u00f3venes soldadores","datePublished":"2024-10-09T21:47:45+00:00","dateModified":"2024-10-09T21:52:52+00:00","mainEntityOfPage":{"@id":"https:\/\/www.feyalegria.org\/venezuela\/fe-y-alegria-capacitacion-en-alianza-con-la-c-a-la-pastora-impulsa-el-desarrollo-de-jovenes-soldadores\/"},"wordCount":550,"commentCount":1,"image":{"@id":"https:\/\/www.feyalegria.org\/venezuela\/fe-y-alegria-capacitacion-en-alianza-con-la-c-a-la-pastora-impulsa-el-desarrollo-de-jovenes-soldadores\/#primaryimage"},"thumbnailUrl":"https:\/\/d3pugrm67vf9n7.cloudfront.net\/wp-content\/uploads\/sites\/4\/2024\/10\/09213523\/capacitacion-27-1.jpg","keywords":["Capacitaci\u00f3n","Cursos"],"articleSection":["Bolet\u00edn Interno"],"inLanguage":"es","potentialAction":[{"@type":"CommentAction","name":"Comment","target":["https:\/\/www.feyalegria.org\/venezuela\/fe-y-alegria-capacitacion-en-alianza-con-la-c-a-la-pastora-impulsa-el-desarrollo-de-jovenes-soldadores\/#respond"]}]},{"@type":"WebPage","@id":"https:\/\/www.feyalegria.org\/venezuela\/fe-y-alegria-capacitacion-en-alianza-con-la-c-a-la-pastora-impulsa-el-desarrollo-de-jovenes-soldadores\/","url":"https:\/\/www.feyalegria.org\/venezuela\/fe-y-alegria-capacitacion-en-alianza-con-la-c-a-la-pastora-impulsa-el-desarrollo-de-jovenes-soldadores\/","name":"Fe y Alegr\u00eda Capacitaci\u00f3n en alianza con la C.A. La Pastora impulsa el desarrollo de j\u00f3venes soldadores - Fe y Alegr\u00eda en Venezuela","isPartOf":{"@id":"https:\/\/www.feyalegria.org\/venezuela\/#website"},"primaryImageOfPage":{"@id":"https:\/\/www.feyalegria.org\/venezuela\/fe-y-alegria-capacitacion-en-alianza-con-la-c-a-la-pastora-impulsa-el-desarrollo-de-jovenes-soldadores\/#primaryimage"},"image":{"@id":"https:\/\/www.feyalegria.org\/venezuela\/fe-y-alegria-capacitacion-en-alianza-con-la-c-a-la-pastora-impulsa-el-desarrollo-de-jovenes-soldadores\/#primaryimage"},"thumbnailUrl":"https:\/\/d3pugrm67vf9n7.cloudfront.net\/wp-content\/uploads\/sites\/4\/2024\/10\/09213523\/capacitacion-27-1.jpg","datePublished":"2024-10-09T21:47:45+00:00","dateModified":"2024-10-09T21:52:52+00:00","author":{"@id":"https:\/\/www.feyalegria.org\/venezuela\/#\/schema\/person\/fcd504e06f93320841b99f79f3ab0180"},"description":"Participantes del curso de soldadura, del centro de capacitaci\u00f3n Escuela Artesanal San Jos\u00e9, realiz\u00f3 una visita de campo a empresa productora","inLanguage":"es","potentialAction":[{"@type":"ReadAction","target":["https:\/\/www.feyalegria.org\/venezuela\/fe-y-alegria-capacitacion-en-alianza-con-la-c-a-la-pastora-impulsa-el-desarrollo-de-jovenes-soldadores\/"]}]},{"@type":"ImageObject","inLanguage":"es","@id":"https:\/\/www.feyalegria.org\/venezuela\/fe-y-alegria-capacitacion-en-alianza-con-la-c-a-la-pastora-impulsa-el-desarrollo-de-jovenes-soldadores\/#primaryimage","url":"https:\/\/d3pugrm67vf9n7.cloudfront.net\/wp-content\/uploads\/sites\/4\/2024\/10\/09213523\/capacitacion-27-1.jpg","contentUrl":"https:\/\/d3pugrm67vf9n7.cloudfront.net\/wp-content\/uploads\/sites\/4\/2024\/10\/09213523\/capacitacion-27-1.jpg","width":1200,"height":900,"caption":"Entrada de la empresa la Pastora, de derecha a izquierda participantes Yender Pi\u00f1a Seguido de Jhobanny \u00c1lvarez, Carlos Rivero, Ehiber Rivero y Anthuan Mendoza, seguidamente la responsable del centro Lcda. Keyla Su\u00e1rez, Ing. Jos\u00e9 Barrios, Antonio Lameda y Lcda. Yorley Escalona."},{"@type":"WebSite","@id":"https:\/\/www.feyalegria.org\/venezuela\/#website","url":"https:\/\/www.feyalegria.org\/venezuela\/","name":"Fe y Alegr\u00eda en Venezuela","description":"","potentialAction":[{"@type":"SearchAction","target":{"@type":"EntryPoint","urlTemplate":"https:\/\/www.feyalegria.org\/venezuela\/?s={search_term_string}"},"query-input":{"@type":"PropertyValueSpecification","valueRequired":true,"valueName":"search_term_string"}}],"inLanguage":"es"},{"@type":"Person","@id":"https:\/\/www.feyalegria.org\/venezuela\/#\/schema\/person\/fcd504e06f93320841b99f79f3ab0180","name":"Erika Briceno","url":"https:\/\/www.feyalegria.org\/venezuela\/author\/comunfifya\/"}]}},"_links":{"self":[{"href":"https:\/\/www.feyalegria.org\/venezuela\/wp-json\/wp\/v2\/posts\/7556","targetHints":{"allow":["GET"]}}],"collection":[{"href":"https:\/\/www.feyalegria.org\/venezuela\/wp-json\/wp\/v2\/posts"}],"about":[{"href":"https:\/\/www.feyalegria.org\/venezuela\/wp-json\/wp\/v2\/types\/post"}],"author":[{"embeddable":true,"href":"https:\/\/www.feyalegria.org\/venezuela\/wp-json\/wp\/v2\/users\/6"}],"replies":[{"embeddable":true,"href":"https:\/\/www.feyalegria.org\/venezuela\/wp-json\/wp\/v2\/comments?post=7556"}],"version-history":[{"count":0,"href":"https:\/\/www.feyalegria.org\/venezuela\/wp-json\/wp\/v2\/posts\/7556\/revisions"}],"wp:featuredmedia":[{"embeddable":true,"href":"https:\/\/www.feyalegria.org\/venezuela\/wp-json\/wp\/v2\/media\/7557"}],"wp:attachment":[{"href":"https:\/\/www.feyalegria.org\/venezuela\/wp-json\/wp\/v2\/media?parent=7556"}],"wp:term":[{"taxonomy":"category","embeddable":true,"href":"https:\/\/www.feyalegria.org\/venezuela\/wp-json\/wp\/v2\/categories?post=7556"},{"taxonomy":"post_tag","embeddable":true,"href":"https:\/\/www.feyalegria.org\/venezuela\/wp-json\/wp\/v2\/tags?post=7556"},{"taxonomy":"post_folder","embeddable":true,"href":"https:\/\/www.feyalegria.org\/venezuela\/wp-json\/wp\/v2\/post_folder?post=7556"}],"curies":[{"name":"wp","href":"https:\/\/api.w.org\/{rel}","templated":true}]}}