{"id":7567,"date":"2024-10-09T22:37:29","date_gmt":"2024-10-09T22:37:29","guid":{"rendered":"https:\/\/www.feyalegria.org\/venezuela\/?p=7567"},"modified":"2024-10-11T22:31:14","modified_gmt":"2024-10-11T22:31:14","slug":"26-anos-al-aire-de-fe-y-alegria-paraguaipoa-la-radio-que-une-a-la-comunidad-wayuu","status":"publish","type":"post","link":"https:\/\/www.feyalegria.org\/venezuela\/26-anos-al-aire-de-fe-y-alegria-paraguaipoa-la-radio-que-une-a-la-comunidad-wayuu\/","title":{"rendered":"26 a\u00f1os al aire de Fe y Alegr\u00eda Paraguaipoa: la radio que une a la comunidad way\u00fau"},"content":{"rendered":"<div class=\"wpb-content-wrapper\"><p>[vc_row][vc_column][vc_column_text css=\u00bb\u00bb]<\/p>\n<h1><b>26 a\u00f1os al aire de Fe y Alegr\u00eda Paraguaipoa: la radio que une a la comunidad way\u00fau<\/b><\/h1>\n<p>[\/vc_column_text][vc_single_image image=\u00bb7568&#8243; img_size=\u00bbfull\u00bb add_caption=\u00bbyes\u00bb alignment=\u00bbcenter\u00bb css=\u00bb\u00bb][vc_column_text css=\u00bb\u00bb]<\/p>\n<p style=\"text-align: right;\"><b>Shirley G\u00f3mez | <\/b><em>Referente de Comunicaci\u00f3n de Fe y Alegr\u00eda Educomunicaci\u00f3n<\/em><\/p>\n<p>[\/vc_column_text][vc_separator][vc_column_text css=\u00bb\u00bb]<\/p>\n<p style=\"text-align: justify;\">Uno de los retos m\u00e1s trascendentales del Movimiento fue establecer la primera radio ind\u00edgena de Venezuela. Este objetivo se logr\u00f3 el 12 de octubre de 1998 con el lanzamiento de Radio Fe y Alegr\u00eda Paraguaipoa 92.3 FM. En este 2024, bajo el lema \u201c26 a\u00f1os en resistencia con todas las voces\u00bb celebramos sus 26 a\u00f1os al aire, ofreciendo una programaci\u00f3n biling\u00fce que resalta la cultura y el idioma way\u00fau.<\/p>\n<p>&nbsp;<\/p>\n<p style=\"text-align: justify;\">La extensa Guajira venezolana, ubicada en el estado Zulia, ha sido testigo de c\u00f3mo la se\u00f1al de Radio Fe y Alegr\u00eda Paraguaipoa 92.3 FM ha llegado a cada rinc\u00f3n de las comunidades way\u00fau, siendo recibida con gran inter\u00e9s por sus habitantes, como lo expres\u00f3 Armando B\u00e1ez, miembro de la casta Pushaina.<\/p>\n<p>&nbsp;<\/p>\n<p style=\"text-align: justify;\">\u00abEs una gran oportunidad de tener mayor informaci\u00f3n sobre nuestros valores ancestrales. Nunca antes hab\u00edamos tenido una oportunidad tan efectiva para llegar a todos los hogares y comunidades y fomentar as\u00ed la difusi\u00f3n de nuestra lengua materna. Nos sentimos muy orgullosos de poder proyectar al ser way\u00fau como un individuo noble, que piensa y act\u00faa con integridad a trav\u00e9s de la radio\u00bb, afirm\u00f3.<\/p>\n<p>&nbsp;<\/p>\n<h3 style=\"text-align: justify;\">Una radio intercultural biling\u00fce<\/h3>\n<p>&nbsp;<\/p>\n<div id=\"attachment_7569\" style=\"width: 410px\" class=\"wp-caption alignleft\"><img loading=\"lazy\" decoding=\"async\" aria-describedby=\"caption-attachment-7569\" class=\" wp-image-7569\" src=\"https:\/\/d3pugrm67vf9n7.cloudfront.net\/wp-content\/uploads\/sites\/4\/2024\/10\/09222437\/Educom-27-2-300x225.jpg\" alt=\"\" width=\"400\" height=\"300\" srcset=\"https:\/\/d3pugrm67vf9n7.cloudfront.net\/wp-content\/uploads\/sites\/4\/2024\/10\/09222437\/Educom-27-2-300x225.jpg 300w, https:\/\/d3pugrm67vf9n7.cloudfront.net\/wp-content\/uploads\/sites\/4\/2024\/10\/09222437\/Educom-27-2-1024x768.jpg 1024w, https:\/\/d3pugrm67vf9n7.cloudfront.net\/wp-content\/uploads\/sites\/4\/2024\/10\/09222437\/Educom-27-2-768x576.jpg 768w, https:\/\/d3pugrm67vf9n7.cloudfront.net\/wp-content\/uploads\/sites\/4\/2024\/10\/09222437\/Educom-27-2.jpg 1200w\" sizes=\"auto, (max-width: 400px) 100vw, 400px\" \/><p id=\"caption-attachment-7569\" class=\"wp-caption-text\">La se\u00f1al de Radio Fe y Alegr\u00eda Paraguaipoa trasciende fronteras y llega hasta los lugares m\u00e1s apartados de La Guajira.<\/p><\/div>\n<p style=\"text-align: justify;\">Hombro a hombro, los equipos de trabajo del programa Fe y Alegr\u00eda EduComunicaci\u00f3n en entidades con poblaciones ind\u00edgenas como La Guajira son conscientes de que su labor trasciende lo habitual. Especialmente en la radio, donde se combinan la educaci\u00f3n, el entretenimiento y la preservaci\u00f3n cultural en todos sus aspectos.<\/p>\n<p>&nbsp;<\/p>\n<p style=\"text-align: justify;\">El reconocimiento de quienes conocen a profundidad al pueblo way\u00fau nos confirma que vamos por buen camino. Sailyn Fern\u00e1ndez, directora de Radio Fe y Alegr\u00eda Paraguaipoa, nos cuenta que tenemos el respaldo de la red de comunicadores way\u00fau gracias al trabajo diario que realizan.<\/p>\n<p>&nbsp;<\/p>\n<p style=\"text-align: justify;\">\u201cEl fortalecimiento de nuestra identidad y el hecho de ser un medio de comunicaci\u00f3n en lugares donde escasean los servicios b\u00e1sicos nos permiten estar siempre cerca de nuestra gente. Hablamos a mujeres, hombres, ni\u00f1os, j\u00f3venes y adultos sobre las cosas positivas que ocurren en el mundo, y por eso somos reconocidos\u201d, destac\u00f3 Fern\u00e1ndez.<\/p>\n<p>&nbsp;<\/p>\n<p style=\"text-align: justify;\">La constancia es clave para lograr grandes resultados. En estos 26 a\u00f1os de educar a trav\u00e9s de la radio y promover la alfabetizaci\u00f3n en la comunidad way\u00fau, han egresado m\u00e1s de 120 t\u00e9cnicos medios. Este logro es un motivo de orgullo para esta radio, que sigue latiendo con fuerza en las tierras ind\u00edgenas.<\/p>\n<p>&nbsp;<\/p>\n<div id=\"attachment_7571\" style=\"width: 411px\" class=\"wp-caption alignright\"><img loading=\"lazy\" decoding=\"async\" aria-describedby=\"caption-attachment-7571\" class=\" wp-image-7571\" src=\"https:\/\/d3pugrm67vf9n7.cloudfront.net\/wp-content\/uploads\/sites\/4\/2024\/10\/09222804\/Educom-27-4-300x225.jpg\" alt=\"\" width=\"401\" height=\"301\" srcset=\"https:\/\/d3pugrm67vf9n7.cloudfront.net\/wp-content\/uploads\/sites\/4\/2024\/10\/09222804\/Educom-27-4-300x225.jpg 300w, https:\/\/d3pugrm67vf9n7.cloudfront.net\/wp-content\/uploads\/sites\/4\/2024\/10\/09222804\/Educom-27-4-1024x768.jpg 1024w, https:\/\/d3pugrm67vf9n7.cloudfront.net\/wp-content\/uploads\/sites\/4\/2024\/10\/09222804\/Educom-27-4-768x576.jpg 768w, https:\/\/d3pugrm67vf9n7.cloudfront.net\/wp-content\/uploads\/sites\/4\/2024\/10\/09222804\/Educom-27-4.jpg 1200w\" sizes=\"auto, (max-width: 401px) 100vw, 401px\" \/><p id=\"caption-attachment-7571\" class=\"wp-caption-text\">Los ni\u00f1os tienen su espacio en la programaci\u00f3n.<\/p><\/div>\n<p style=\"text-align: justify;\">En este nuevo aniversario de Radio Fe y Alegr\u00eda Paraguaipoa 92.3 FM, su equipo se compromete por seguir fortaleciendo la comunicaci\u00f3n en las comunidades way\u00fau, a adaptarse a las nuevas tecnolog\u00edas para mantenerse conectados con la audiencia y a continuar construyendo conocimiento junto a los ancianos y ancianas. \u201cNuestro objetivo es promover la interculturalidad a trav\u00e9s de la lengua way\u00fau\u201d, asegur\u00f3 Fern\u00e1ndez.<\/p>\n<p>&nbsp;<\/p>\n<p>&nbsp;<\/p>\n<p>&nbsp;<\/p>\n<h3>Actividades celebrativas<\/h3>\n<p>&nbsp;<\/p>\n<div id=\"attachment_7570\" style=\"width: 410px\" class=\"wp-caption alignleft\"><img loading=\"lazy\" decoding=\"async\" aria-describedby=\"caption-attachment-7570\" class=\" wp-image-7570\" src=\"https:\/\/d3pugrm67vf9n7.cloudfront.net\/wp-content\/uploads\/sites\/4\/2024\/10\/09222645\/Educom-27-3-300x225.jpg\" alt=\"\" width=\"400\" height=\"300\" srcset=\"https:\/\/d3pugrm67vf9n7.cloudfront.net\/wp-content\/uploads\/sites\/4\/2024\/10\/09222645\/Educom-27-3-300x225.jpg 300w, https:\/\/d3pugrm67vf9n7.cloudfront.net\/wp-content\/uploads\/sites\/4\/2024\/10\/09222645\/Educom-27-3-1024x768.jpg 1024w, https:\/\/d3pugrm67vf9n7.cloudfront.net\/wp-content\/uploads\/sites\/4\/2024\/10\/09222645\/Educom-27-3-768x576.jpg 768w, https:\/\/d3pugrm67vf9n7.cloudfront.net\/wp-content\/uploads\/sites\/4\/2024\/10\/09222645\/Educom-27-3.jpg 1200w\" sizes=\"auto, (max-width: 400px) 100vw, 400px\" \/><p id=\"caption-attachment-7570\" class=\"wp-caption-text\">Radio Fe y Alegr\u00eda Paraguaipoa es un espacio abierto para toda su poblaci\u00f3n.<\/p><\/div>\n<p style=\"text-align: justify;\">En el marco de la celebraci\u00f3n del 26 aniversario de Radio Fe y Alegr\u00eda Paraguaipoa, la comunidad way\u00fau, junto al equipo de productores, comunicadores, educadores, participantes y dem\u00e1s trabajadores de la radio, asistir\u00e1n a una misa el lunes 14 de octubre en la Iglesia\u00a0 San Jos\u00e9 de Paraguaipoa, presidida por el padre Germ\u00e1n Palmar a las 9:00 de la ma\u00f1ana.<\/p>\n<p>&nbsp;<\/p>\n<p style=\"text-align: justify;\">La programaci\u00f3n de la radio tambi\u00e9n ser\u00e1 especial a partir de las 6:00 de la ma\u00f1ana con la transmisi\u00f3n del programa &#8216;La Tierra del Sol&#8217;. Adem\u00e1s, el toque del kasha (un tambor de la cultura way\u00fau) dar\u00e1 inicio a las actividades culturales organizadas por los propios participantes de EduComunicaci\u00f3n. Estas actividades se realizan en el marco de esta celebraci\u00f3n y estar\u00e1n bajo la conducci\u00f3n de Armando B\u00e1ez.<\/p>\n<p>[\/vc_column_text][vc_column_text css=\u00bb\u00bb]<\/p>\n<p style=\"text-align: right;\"><strong>Caracas, 9 de octubre de 2024<\/strong><\/p>\n<p>[\/vc_column_text][\/vc_column][\/vc_row]<\/p>\n<\/div>","protected":false},"excerpt":{"rendered":"<div style=\"height: 265px\">Uno de los retos m\u00e1s trascendentales del Movimiento fue establecer la primera radio ind\u00edgena de Venezuela. Este objetivo se logr\u00f3 el 12 de octubre de 1998 con el lanzamiento de Radio Fe y Alegr\u00eda Paraguaipoa 92.3 FM.<\/div>\n","protected":false},"author":6,"featured_media":7568,"comment_status":"open","ping_status":"open","sticky":false,"template":"","format":"standard","meta":{"_acf_changed":false,"footnotes":""},"categories":[746],"tags":[721],"post_folder":[],"class_list":["post-7567","post","type-post","status-publish","format-standard","has-post-thumbnail","hentry","category-boletin-interno","tag-radio-fe-y-alegria"],"acf":[],"yoast_head":"<!-- This site is optimized with the Yoast SEO plugin v27.5 - https:\/\/yoast.com\/product\/yoast-seo-wordpress\/ -->\n<title>26 a\u00f1os al aire de Fe y Alegr\u00eda Paraguaipoa: la radio que une a la comunidad way\u00fau - Fe y Alegr\u00eda en Venezuela<\/title>\n<meta name=\"description\" content=\"Uno de los retos m\u00e1s trascendentales de Radio Fe y Alegr\u00eda fue establecer la primera radio ind\u00edgena del pa\u00eds, logrado el 12 de octubre de 1998\" \/>\n<meta name=\"robots\" content=\"index, follow, max-snippet:-1, max-image-preview:large, max-video-preview:-1\" \/>\n<link rel=\"canonical\" href=\"https:\/\/www.feyalegria.org\/venezuela\/26-anos-al-aire-de-fe-y-alegria-paraguaipoa-la-radio-que-une-a-la-comunidad-wayuu\/\" \/>\n<meta property=\"og:locale\" content=\"es_ES\" \/>\n<meta property=\"og:type\" content=\"article\" \/>\n<meta property=\"og:title\" content=\"26 a\u00f1os al aire de Fe y Alegr\u00eda Paraguaipoa: la radio que une a la comunidad way\u00fau - Fe y Alegr\u00eda en Venezuela\" \/>\n<meta property=\"og:description\" content=\"Uno de los retos m\u00e1s trascendentales de Radio Fe y Alegr\u00eda fue establecer la primera radio ind\u00edgena del pa\u00eds, logrado el 12 de octubre de 1998\" \/>\n<meta property=\"og:url\" content=\"https:\/\/www.feyalegria.org\/venezuela\/26-anos-al-aire-de-fe-y-alegria-paraguaipoa-la-radio-que-une-a-la-comunidad-wayuu\/\" \/>\n<meta property=\"og:site_name\" content=\"Fe y Alegr\u00eda en Venezuela\" \/>\n<meta property=\"article:published_time\" content=\"2024-10-09T22:37:29+00:00\" \/>\n<meta property=\"article:modified_time\" content=\"2024-10-11T22:31:14+00:00\" \/>\n<meta property=\"og:image\" content=\"https:\/\/d3pugrm67vf9n7.cloudfront.net\/wp-content\/uploads\/sites\/4\/2024\/10\/09222140\/Educom-27-1.jpg\" \/>\n\t<meta property=\"og:image:width\" content=\"1200\" \/>\n\t<meta property=\"og:image:height\" content=\"900\" \/>\n\t<meta property=\"og:image:type\" content=\"image\/jpeg\" \/>\n<meta name=\"author\" content=\"Erika Briceno\" \/>\n<meta name=\"twitter:card\" content=\"summary_large_image\" \/>\n<meta name=\"twitter:label1\" content=\"Escrito por\" \/>\n\t<meta name=\"twitter:data1\" content=\"Erika Briceno\" \/>\n\t<meta name=\"twitter:label2\" content=\"Tiempo de lectura\" \/>\n\t<meta name=\"twitter:data2\" content=\"5 minutos\" \/>\n<script type=\"application\/ld+json\" class=\"yoast-schema-graph\">{\"@context\":\"https:\\\/\\\/schema.org\",\"@graph\":[{\"@type\":\"Article\",\"@id\":\"https:\\\/\\\/www.feyalegria.org\\\/venezuela\\\/26-anos-al-aire-de-fe-y-alegria-paraguaipoa-la-radio-que-une-a-la-comunidad-wayuu\\\/#article\",\"isPartOf\":{\"@id\":\"https:\\\/\\\/www.feyalegria.org\\\/venezuela\\\/26-anos-al-aire-de-fe-y-alegria-paraguaipoa-la-radio-que-une-a-la-comunidad-wayuu\\\/\"},\"author\":{\"name\":\"Erika Briceno\",\"@id\":\"https:\\\/\\\/www.feyalegria.org\\\/venezuela\\\/#\\\/schema\\\/person\\\/fcd504e06f93320841b99f79f3ab0180\"},\"headline\":\"26 a\u00f1os al aire de Fe y Alegr\u00eda Paraguaipoa: la radio que une a la comunidad way\u00fau\",\"datePublished\":\"2024-10-09T22:37:29+00:00\",\"dateModified\":\"2024-10-11T22:31:14+00:00\",\"mainEntityOfPage\":{\"@id\":\"https:\\\/\\\/www.feyalegria.org\\\/venezuela\\\/26-anos-al-aire-de-fe-y-alegria-paraguaipoa-la-radio-que-une-a-la-comunidad-wayuu\\\/\"},\"wordCount\":820,\"commentCount\":0,\"image\":{\"@id\":\"https:\\\/\\\/www.feyalegria.org\\\/venezuela\\\/26-anos-al-aire-de-fe-y-alegria-paraguaipoa-la-radio-que-une-a-la-comunidad-wayuu\\\/#primaryimage\"},\"thumbnailUrl\":\"https:\\\/\\\/d3pugrm67vf9n7.cloudfront.net\\\/wp-content\\\/uploads\\\/sites\\\/4\\\/2024\\\/10\\\/09222140\\\/Educom-27-1.jpg\",\"keywords\":[\"Radio Fe y Alegr\u00eda\"],\"articleSection\":[\"Bolet\u00edn Interno\"],\"inLanguage\":\"es\",\"potentialAction\":[{\"@type\":\"CommentAction\",\"name\":\"Comment\",\"target\":[\"https:\\\/\\\/www.feyalegria.org\\\/venezuela\\\/26-anos-al-aire-de-fe-y-alegria-paraguaipoa-la-radio-que-une-a-la-comunidad-wayuu\\\/#respond\"]}]},{\"@type\":\"WebPage\",\"@id\":\"https:\\\/\\\/www.feyalegria.org\\\/venezuela\\\/26-anos-al-aire-de-fe-y-alegria-paraguaipoa-la-radio-que-une-a-la-comunidad-wayuu\\\/\",\"url\":\"https:\\\/\\\/www.feyalegria.org\\\/venezuela\\\/26-anos-al-aire-de-fe-y-alegria-paraguaipoa-la-radio-que-une-a-la-comunidad-wayuu\\\/\",\"name\":\"26 a\u00f1os al aire de Fe y Alegr\u00eda Paraguaipoa: la radio que une a la comunidad way\u00fau - Fe y Alegr\u00eda en Venezuela\",\"isPartOf\":{\"@id\":\"https:\\\/\\\/www.feyalegria.org\\\/venezuela\\\/#website\"},\"primaryImageOfPage\":{\"@id\":\"https:\\\/\\\/www.feyalegria.org\\\/venezuela\\\/26-anos-al-aire-de-fe-y-alegria-paraguaipoa-la-radio-que-une-a-la-comunidad-wayuu\\\/#primaryimage\"},\"image\":{\"@id\":\"https:\\\/\\\/www.feyalegria.org\\\/venezuela\\\/26-anos-al-aire-de-fe-y-alegria-paraguaipoa-la-radio-que-une-a-la-comunidad-wayuu\\\/#primaryimage\"},\"thumbnailUrl\":\"https:\\\/\\\/d3pugrm67vf9n7.cloudfront.net\\\/wp-content\\\/uploads\\\/sites\\\/4\\\/2024\\\/10\\\/09222140\\\/Educom-27-1.jpg\",\"datePublished\":\"2024-10-09T22:37:29+00:00\",\"dateModified\":\"2024-10-11T22:31:14+00:00\",\"author\":{\"@id\":\"https:\\\/\\\/www.feyalegria.org\\\/venezuela\\\/#\\\/schema\\\/person\\\/fcd504e06f93320841b99f79f3ab0180\"},\"description\":\"Uno de los retos m\u00e1s trascendentales de Radio Fe y Alegr\u00eda fue establecer la primera radio ind\u00edgena del pa\u00eds, logrado el 12 de octubre de 1998\",\"inLanguage\":\"es\",\"potentialAction\":[{\"@type\":\"ReadAction\",\"target\":[\"https:\\\/\\\/www.feyalegria.org\\\/venezuela\\\/26-anos-al-aire-de-fe-y-alegria-paraguaipoa-la-radio-que-une-a-la-comunidad-wayuu\\\/\"]}]},{\"@type\":\"ImageObject\",\"inLanguage\":\"es\",\"@id\":\"https:\\\/\\\/www.feyalegria.org\\\/venezuela\\\/26-anos-al-aire-de-fe-y-alegria-paraguaipoa-la-radio-que-une-a-la-comunidad-wayuu\\\/#primaryimage\",\"url\":\"https:\\\/\\\/d3pugrm67vf9n7.cloudfront.net\\\/wp-content\\\/uploads\\\/sites\\\/4\\\/2024\\\/10\\\/09222140\\\/Educom-27-1.jpg\",\"contentUrl\":\"https:\\\/\\\/d3pugrm67vf9n7.cloudfront.net\\\/wp-content\\\/uploads\\\/sites\\\/4\\\/2024\\\/10\\\/09222140\\\/Educom-27-1.jpg\",\"width\":1200,\"height\":900,\"caption\":\"Radio Fe y Alegr\u00eda Paraguaipoa se enorgullece de promover y preservar la cultura way\u00fau a trav\u00e9s de su programaci\u00f3n. Un claro ejemplo es el programa 'Sunoutilia Woumain', conducido por el productor Isidro Woumain.\"},{\"@type\":\"WebSite\",\"@id\":\"https:\\\/\\\/www.feyalegria.org\\\/venezuela\\\/#website\",\"url\":\"https:\\\/\\\/www.feyalegria.org\\\/venezuela\\\/\",\"name\":\"Fe y Alegr\u00eda en Venezuela\",\"description\":\"\",\"potentialAction\":[{\"@type\":\"SearchAction\",\"target\":{\"@type\":\"EntryPoint\",\"urlTemplate\":\"https:\\\/\\\/www.feyalegria.org\\\/venezuela\\\/?s={search_term_string}\"},\"query-input\":{\"@type\":\"PropertyValueSpecification\",\"valueRequired\":true,\"valueName\":\"search_term_string\"}}],\"inLanguage\":\"es\"},{\"@type\":\"Person\",\"@id\":\"https:\\\/\\\/www.feyalegria.org\\\/venezuela\\\/#\\\/schema\\\/person\\\/fcd504e06f93320841b99f79f3ab0180\",\"name\":\"Erika Briceno\",\"url\":\"https:\\\/\\\/www.feyalegria.org\\\/venezuela\\\/author\\\/comunfifya\\\/\"}]}<\/script>\n<!-- \/ Yoast SEO plugin. -->","yoast_head_json":{"title":"26 a\u00f1os al aire de Fe y Alegr\u00eda Paraguaipoa: la radio que une a la comunidad way\u00fau - Fe y Alegr\u00eda en Venezuela","description":"Uno de los retos m\u00e1s trascendentales de Radio Fe y Alegr\u00eda fue establecer la primera radio ind\u00edgena del pa\u00eds, logrado el 12 de octubre de 1998","robots":{"index":"index","follow":"follow","max-snippet":"max-snippet:-1","max-image-preview":"max-image-preview:large","max-video-preview":"max-video-preview:-1"},"canonical":"https:\/\/www.feyalegria.org\/venezuela\/26-anos-al-aire-de-fe-y-alegria-paraguaipoa-la-radio-que-une-a-la-comunidad-wayuu\/","og_locale":"es_ES","og_type":"article","og_title":"26 a\u00f1os al aire de Fe y Alegr\u00eda Paraguaipoa: la radio que une a la comunidad way\u00fau - Fe y Alegr\u00eda en Venezuela","og_description":"Uno de los retos m\u00e1s trascendentales de Radio Fe y Alegr\u00eda fue establecer la primera radio ind\u00edgena del pa\u00eds, logrado el 12 de octubre de 1998","og_url":"https:\/\/www.feyalegria.org\/venezuela\/26-anos-al-aire-de-fe-y-alegria-paraguaipoa-la-radio-que-une-a-la-comunidad-wayuu\/","og_site_name":"Fe y Alegr\u00eda en Venezuela","article_published_time":"2024-10-09T22:37:29+00:00","article_modified_time":"2024-10-11T22:31:14+00:00","og_image":[{"width":1200,"height":900,"url":"https:\/\/d3pugrm67vf9n7.cloudfront.net\/wp-content\/uploads\/sites\/4\/2024\/10\/09222140\/Educom-27-1.jpg","type":"image\/jpeg"}],"author":"Erika Briceno","twitter_card":"summary_large_image","twitter_misc":{"Escrito por":"Erika Briceno","Tiempo de lectura":"5 minutos"},"schema":{"@context":"https:\/\/schema.org","@graph":[{"@type":"Article","@id":"https:\/\/www.feyalegria.org\/venezuela\/26-anos-al-aire-de-fe-y-alegria-paraguaipoa-la-radio-que-une-a-la-comunidad-wayuu\/#article","isPartOf":{"@id":"https:\/\/www.feyalegria.org\/venezuela\/26-anos-al-aire-de-fe-y-alegria-paraguaipoa-la-radio-que-une-a-la-comunidad-wayuu\/"},"author":{"name":"Erika Briceno","@id":"https:\/\/www.feyalegria.org\/venezuela\/#\/schema\/person\/fcd504e06f93320841b99f79f3ab0180"},"headline":"26 a\u00f1os al aire de Fe y Alegr\u00eda Paraguaipoa: la radio que une a la comunidad way\u00fau","datePublished":"2024-10-09T22:37:29+00:00","dateModified":"2024-10-11T22:31:14+00:00","mainEntityOfPage":{"@id":"https:\/\/www.feyalegria.org\/venezuela\/26-anos-al-aire-de-fe-y-alegria-paraguaipoa-la-radio-que-une-a-la-comunidad-wayuu\/"},"wordCount":820,"commentCount":0,"image":{"@id":"https:\/\/www.feyalegria.org\/venezuela\/26-anos-al-aire-de-fe-y-alegria-paraguaipoa-la-radio-que-une-a-la-comunidad-wayuu\/#primaryimage"},"thumbnailUrl":"https:\/\/d3pugrm67vf9n7.cloudfront.net\/wp-content\/uploads\/sites\/4\/2024\/10\/09222140\/Educom-27-1.jpg","keywords":["Radio Fe y Alegr\u00eda"],"articleSection":["Bolet\u00edn Interno"],"inLanguage":"es","potentialAction":[{"@type":"CommentAction","name":"Comment","target":["https:\/\/www.feyalegria.org\/venezuela\/26-anos-al-aire-de-fe-y-alegria-paraguaipoa-la-radio-que-une-a-la-comunidad-wayuu\/#respond"]}]},{"@type":"WebPage","@id":"https:\/\/www.feyalegria.org\/venezuela\/26-anos-al-aire-de-fe-y-alegria-paraguaipoa-la-radio-que-une-a-la-comunidad-wayuu\/","url":"https:\/\/www.feyalegria.org\/venezuela\/26-anos-al-aire-de-fe-y-alegria-paraguaipoa-la-radio-que-une-a-la-comunidad-wayuu\/","name":"26 a\u00f1os al aire de Fe y Alegr\u00eda Paraguaipoa: la radio que une a la comunidad way\u00fau - Fe y Alegr\u00eda en Venezuela","isPartOf":{"@id":"https:\/\/www.feyalegria.org\/venezuela\/#website"},"primaryImageOfPage":{"@id":"https:\/\/www.feyalegria.org\/venezuela\/26-anos-al-aire-de-fe-y-alegria-paraguaipoa-la-radio-que-une-a-la-comunidad-wayuu\/#primaryimage"},"image":{"@id":"https:\/\/www.feyalegria.org\/venezuela\/26-anos-al-aire-de-fe-y-alegria-paraguaipoa-la-radio-que-une-a-la-comunidad-wayuu\/#primaryimage"},"thumbnailUrl":"https:\/\/d3pugrm67vf9n7.cloudfront.net\/wp-content\/uploads\/sites\/4\/2024\/10\/09222140\/Educom-27-1.jpg","datePublished":"2024-10-09T22:37:29+00:00","dateModified":"2024-10-11T22:31:14+00:00","author":{"@id":"https:\/\/www.feyalegria.org\/venezuela\/#\/schema\/person\/fcd504e06f93320841b99f79f3ab0180"},"description":"Uno de los retos m\u00e1s trascendentales de Radio Fe y Alegr\u00eda fue establecer la primera radio ind\u00edgena del pa\u00eds, logrado el 12 de octubre de 1998","inLanguage":"es","potentialAction":[{"@type":"ReadAction","target":["https:\/\/www.feyalegria.org\/venezuela\/26-anos-al-aire-de-fe-y-alegria-paraguaipoa-la-radio-que-une-a-la-comunidad-wayuu\/"]}]},{"@type":"ImageObject","inLanguage":"es","@id":"https:\/\/www.feyalegria.org\/venezuela\/26-anos-al-aire-de-fe-y-alegria-paraguaipoa-la-radio-que-une-a-la-comunidad-wayuu\/#primaryimage","url":"https:\/\/d3pugrm67vf9n7.cloudfront.net\/wp-content\/uploads\/sites\/4\/2024\/10\/09222140\/Educom-27-1.jpg","contentUrl":"https:\/\/d3pugrm67vf9n7.cloudfront.net\/wp-content\/uploads\/sites\/4\/2024\/10\/09222140\/Educom-27-1.jpg","width":1200,"height":900,"caption":"Radio Fe y Alegr\u00eda Paraguaipoa se enorgullece de promover y preservar la cultura way\u00fau a trav\u00e9s de su programaci\u00f3n. Un claro ejemplo es el programa 'Sunoutilia Woumain', conducido por el productor Isidro Woumain."},{"@type":"WebSite","@id":"https:\/\/www.feyalegria.org\/venezuela\/#website","url":"https:\/\/www.feyalegria.org\/venezuela\/","name":"Fe y Alegr\u00eda en Venezuela","description":"","potentialAction":[{"@type":"SearchAction","target":{"@type":"EntryPoint","urlTemplate":"https:\/\/www.feyalegria.org\/venezuela\/?s={search_term_string}"},"query-input":{"@type":"PropertyValueSpecification","valueRequired":true,"valueName":"search_term_string"}}],"inLanguage":"es"},{"@type":"Person","@id":"https:\/\/www.feyalegria.org\/venezuela\/#\/schema\/person\/fcd504e06f93320841b99f79f3ab0180","name":"Erika Briceno","url":"https:\/\/www.feyalegria.org\/venezuela\/author\/comunfifya\/"}]}},"_links":{"self":[{"href":"https:\/\/www.feyalegria.org\/venezuela\/wp-json\/wp\/v2\/posts\/7567","targetHints":{"allow":["GET"]}}],"collection":[{"href":"https:\/\/www.feyalegria.org\/venezuela\/wp-json\/wp\/v2\/posts"}],"about":[{"href":"https:\/\/www.feyalegria.org\/venezuela\/wp-json\/wp\/v2\/types\/post"}],"author":[{"embeddable":true,"href":"https:\/\/www.feyalegria.org\/venezuela\/wp-json\/wp\/v2\/users\/6"}],"replies":[{"embeddable":true,"href":"https:\/\/www.feyalegria.org\/venezuela\/wp-json\/wp\/v2\/comments?post=7567"}],"version-history":[{"count":0,"href":"https:\/\/www.feyalegria.org\/venezuela\/wp-json\/wp\/v2\/posts\/7567\/revisions"}],"wp:featuredmedia":[{"embeddable":true,"href":"https:\/\/www.feyalegria.org\/venezuela\/wp-json\/wp\/v2\/media\/7568"}],"wp:attachment":[{"href":"https:\/\/www.feyalegria.org\/venezuela\/wp-json\/wp\/v2\/media?parent=7567"}],"wp:term":[{"taxonomy":"category","embeddable":true,"href":"https:\/\/www.feyalegria.org\/venezuela\/wp-json\/wp\/v2\/categories?post=7567"},{"taxonomy":"post_tag","embeddable":true,"href":"https:\/\/www.feyalegria.org\/venezuela\/wp-json\/wp\/v2\/tags?post=7567"},{"taxonomy":"post_folder","embeddable":true,"href":"https:\/\/www.feyalegria.org\/venezuela\/wp-json\/wp\/v2\/post_folder?post=7567"}],"curies":[{"name":"wp","href":"https:\/\/api.w.org\/{rel}","templated":true}]}}