 {"id":7870,"date":"2024-10-30T11:49:00","date_gmt":"2024-10-30T11:49:00","guid":{"rendered":"https:\/\/www.feyalegria.org\/venezuela\/?p=7870"},"modified":"2024-10-30T11:49:00","modified_gmt":"2024-10-30T11:49:00","slug":"desarrolla-tus-habilidades-emprendedoras-para-un-futuro-exitoso-en-fe-y-alegria-capacitacion","status":"publish","type":"post","link":"https:\/\/www.feyalegria.org\/venezuela\/desarrolla-tus-habilidades-emprendedoras-para-un-futuro-exitoso-en-fe-y-alegria-capacitacion\/","title":{"rendered":"Desarrolla tus habilidades emprendedoras para un futuro exitoso en Fe y Alegr\u00eda Capacitaci\u00f3n"},"content":{"rendered":"<div class=\"wpb-content-wrapper\"><p>[vc_row][vc_column][vc_column_text css=\u00bb\u00bb]<\/p>\n<h1><b>Desarrolla tus habilidades emprendedoras para un futuro exitoso en Fe y Alegr\u00eda Capacitaci\u00f3n<\/b><\/h1>\n<p>[\/vc_column_text][vc_single_image image=\u00bb7871&#8243; img_size=\u00bbfull\u00bb add_caption=\u00bbyes\u00bb alignment=\u00bbcenter\u00bb css=\u00bb\u00bb][vc_column_text css=\u00bb\u00bb]<\/p>\n<p style=\"text-align: right;\"><span style=\"font-weight: 400;\"><strong>Germ\u00e1n Osorio<\/strong> | <em>Referente de Comunicaci\u00f3n Fe y Alegr\u00eda Capacitaci\u00f3n<\/em><\/span><\/p>\n<p style=\"text-align: right;\"><span style=\"font-weight: 400;\"><strong>Lisbeth Rodr\u00edguez<\/strong> | <em>Coordinadora Nacional de Comunicaciones, Emprendimiento y Productividad.<\/em><\/span><\/p>\n<p style=\"text-align: right;\"><span style=\"font-weight: 400;\"><strong>Sandra Chac\u00f3n<\/strong> | <em>Directora Nacional de Fe y Alegr\u00eda Capacitaci\u00f3n<\/em><\/span><\/p>\n<p>[\/vc_column_text][vc_separator][vc_column_text css=\u00bb\u00bb]<\/p>\n<p style=\"text-align: justify;\">En Fe y Alegr\u00eda Capacitaci\u00f3n, adoptamos una metodolog\u00eda de aprendizaje integral que desarrolla en los participantes un conjunto equilibrado de habilidades socioemocionales y emprendedoras, impulsando el fortalecimiento de capacidades socioemocionales clave, que son esenciales para adaptarse a entornos cambiantes.<\/p>\n<p>&nbsp;<\/p>\n<p style=\"text-align: justify;\">Paralelamente, alentamos el esp\u00edritu emprendedor de nuestros participantes, brind\u00e1ndoles herramientas y acompa\u00f1amiento para concretar sus ideas de negocio. Fomentamos en ellos la creatividad, la proactividad y la capacidad de asumir riesgos, prepar\u00e1ndolos para abrirse camino de manera aut\u00f3noma y sostenible.<\/p>\n<p>&nbsp;<\/p>\n<p style=\"text-align: justify;\">Nuestro modelo educativo busca desarrollar en los participantes un perfil integral, con s\u00f3lidos conocimientos t\u00e9cnicos y dominio de habilidades socioemocionales, prepar\u00e1ndolos para enfrentar con \u00e9xito los desaf\u00edos del entorno laboral actual.<\/p>\n<p>&nbsp;<\/p>\n<p style=\"text-align: justify;\">Nuestras metas:<\/p>\n<p>&nbsp;<\/p>\n<p style=\"text-align: justify;\">1. Garantizar la gesti\u00f3n eficiente de los equipos: Contar con equipos altamente capacitados y comprometidos que den respuesta efectiva a las necesidades del programa. Los cuales est\u00e1n enfocados en maximizar el impacto de nuestras acciones en las comunidades donde se encuentran los centros de capacitaci\u00f3n, a trav\u00e9s de la implementaci\u00f3n de procesos formativos alineados con nuestro prop\u00f3sito. Lo que nos permite atender de manera efectiva las demandas de dichas comunidades, brindando soluciones a medida que contribuyan al desarrollo y bienestar com\u00fan.<\/p>\n<p>&nbsp;<\/p>\n<p style=\"text-align: justify;\">2. Mejorar la calidad del trabajo: A trav\u00e9s de una comunicaci\u00f3n efectiva y din\u00e1mica entre todos los equipos involucrados, estableciendo lineamientos claros y participativos; dise\u00f1ando y ejecutando procesos de capacitaci\u00f3n s\u00f3lidos y alineados a las necesidades reales del sector productivo.<\/p>\n<p>&nbsp;<\/p>\n<p style=\"text-align: justify;\">Adem\u00e1s, buscamos generar alianzas con el sector empresarial, de modo que nuestros egresados puedan responder de manera \u00e1gil y pertinente a las demandas del mercado laboral. Asimismo, impulsamos el emprendimiento comunitario, promoviendo la creaci\u00f3n de propuestas de valor que respondan a las necesidades espec\u00edficas de las comunidades donde se encuentran nuestros centros de capacitaci\u00f3n.<\/p>\n<p>&nbsp;<\/p>\n<p style=\"text-align: justify;\">3. Fomentar la estabilidad laboral: Nos esforzamos por generar un entorno laboral que fomente la estabilidad y el compromiso de nuestro equipo de trabajo. Entendemos que contar con personal motivado y satisfecho es fundamental para brindar un servicio de calidad a nuestras comunidades. Por ello, implementamos estrategias orientadas a valorar el desempe\u00f1o de nuestros colaboradores, reconociendo sus logros y ofreciendo oportunidades de desarrollo profesional. Asimismo, procuramos establecer condiciones laborales justas y competitivas, que les permitan sentirse seguros y con proyecci\u00f3n a largo plazo. De esta manera, logramos reducir significativamente la rotaci\u00f3n de personal, consolidando equipos altamente calificados y alineados con la misi\u00f3n y valores de nuestro movimiento. Esta estabilidad laboral se traduce en una mayor eficiencia y continuidad de nuestros programas de capacitaci\u00f3n, beneficiando directamente a los participantes y a las comunidades donde operamos.<\/p>\n<p>&nbsp;<\/p>\n<p style=\"text-align: justify;\">4. Adaptarse a cambios tecnol\u00f3gicos: Incorporamos herramientas y plataformas digitales que impulsen el desarrollo de capacidades t\u00e9cnicas y digitales tanto en nuestro personal como en los participantes de nuestros programas formativos. Implementando pr\u00e1cticas innovadoras que generen un impacto visible en nuestros programas de capacitaci\u00f3n, tales como el dise\u00f1o de cursos a distancia y la integraci\u00f3n de herramientas de colaboraci\u00f3n en l\u00ednea. De esta manera, nos aseguramos de que nuestros egresados est\u00e9n preparados para desempe\u00f1arse con \u00e9xito en entornos laborales cada vez m\u00e1s digitalizados, fortaleciendo as\u00ed su empleabilidad.<\/p>\n<p>&nbsp;<\/p>\n<p style=\"text-align: justify;\">En este mismo orden de ideas, buscamos fomentar el uso de aplicaciones y software que mejoren la productividad y eficiencia de nuestros procesos de gesti\u00f3n, permiti\u00e9ndonos optimizar recursos y brindar una mejor atenci\u00f3n a las comunidades.<\/p>\n<p>[\/vc_column_text][vc_row_inner][vc_column_inner width=\u00bb1\/2&#8243;][vc_single_image image=\u00bb7873&#8243; img_size=\u00bbfull\u00bb alignment=\u00bbcenter\u00bb css=\u00bb\u00bb][\/vc_column_inner][vc_column_inner width=\u00bb1\/2&#8243;][vc_single_image image=\u00bb7872&#8243; img_size=\u00bbfull\u00bb alignment=\u00bbcenter\u00bb css=\u00bb\u00bb][\/vc_column_inner][\/vc_row_inner][vc_column_text css=\u00bb\u00bb]<\/p>\n<p style=\"text-align: right;\"><strong>Caracas, 30 de octubre de 2024<\/strong><\/p>\n<p>[\/vc_column_text][\/vc_column][\/vc_row]<\/p>\n<\/div>","protected":false},"excerpt":{"rendered":"<div style=\"height: 265px\">Fe y Alegr\u00eda Capacitaci\u00f3n inicia el proceso de inscripci\u00f3n de cursos a distancia de Asistente de farmacia, Asistente dental y taller de material audiovisual con AI<\/div>\n","protected":false},"author":6,"featured_media":7871,"comment_status":"open","ping_status":"open","sticky":false,"template":"","format":"standard","meta":{"_acf_changed":false,"footnotes":""},"categories":[746],"tags":[634,766],"post_folder":[],"class_list":["post-7870","post","type-post","status-publish","format-standard","has-post-thumbnail","hentry","category-boletin-interno","tag-capacitacion","tag-cursos"],"acf":[],"yoast_head":"<!-- This site is optimized with the Yoast SEO plugin v27.4 - https:\/\/yoast.com\/product\/yoast-seo-wordpress\/ -->\n<title>Desarrolla tus habilidades emprendedoras para un futuro exitoso en Fe y Alegr\u00eda Capacitaci\u00f3n - Fe y Alegr\u00eda en Venezuela<\/title>\n<meta name=\"description\" content=\"En Capacitaci\u00f3n, adoptamos una metodolog\u00eda de aprendizaje integral que desarrolla habilidades socioemocionales y emprendedoras\" \/>\n<meta name=\"robots\" content=\"index, follow, max-snippet:-1, max-image-preview:large, max-video-preview:-1\" \/>\n<link rel=\"canonical\" href=\"https:\/\/www.feyalegria.org\/venezuela\/desarrolla-tus-habilidades-emprendedoras-para-un-futuro-exitoso-en-fe-y-alegria-capacitacion\/\" \/>\n<meta property=\"og:locale\" content=\"es_ES\" \/>\n<meta property=\"og:type\" content=\"article\" \/>\n<meta property=\"og:title\" content=\"Desarrolla tus habilidades emprendedoras para un futuro exitoso en Fe y Alegr\u00eda Capacitaci\u00f3n - Fe y Alegr\u00eda en Venezuela\" \/>\n<meta property=\"og:description\" content=\"En Capacitaci\u00f3n, adoptamos una metodolog\u00eda de aprendizaje integral que desarrolla habilidades socioemocionales y emprendedoras\" \/>\n<meta property=\"og:url\" content=\"https:\/\/www.feyalegria.org\/venezuela\/desarrolla-tus-habilidades-emprendedoras-para-un-futuro-exitoso-en-fe-y-alegria-capacitacion\/\" \/>\n<meta property=\"og:site_name\" content=\"Fe y Alegr\u00eda en Venezuela\" \/>\n<meta property=\"article:published_time\" content=\"2024-10-30T11:49:00+00:00\" \/>\n<meta property=\"og:image\" content=\"https:\/\/d3pugrm67vf9n7.cloudfront.net\/wp-content\/uploads\/sites\/4\/2024\/10\/29143630\/Capacitacion-31-1.jpg\" \/>\n\t<meta property=\"og:image:width\" content=\"800\" \/>\n\t<meta property=\"og:image:height\" content=\"500\" \/>\n\t<meta property=\"og:image:type\" content=\"image\/jpeg\" \/>\n<meta name=\"author\" content=\"Erika Briceno\" \/>\n<meta name=\"twitter:card\" content=\"summary_large_image\" \/>\n<meta name=\"twitter:label1\" content=\"Escrito por\" \/>\n\t<meta name=\"twitter:data1\" content=\"Erika Briceno\" \/>\n\t<meta name=\"twitter:label2\" content=\"Tiempo de lectura\" \/>\n\t<meta name=\"twitter:data2\" content=\"4 minutos\" \/>\n<script type=\"application\/ld+json\" class=\"yoast-schema-graph\">{\"@context\":\"https:\\\/\\\/schema.org\",\"@graph\":[{\"@type\":\"Article\",\"@id\":\"https:\\\/\\\/www.feyalegria.org\\\/venezuela\\\/desarrolla-tus-habilidades-emprendedoras-para-un-futuro-exitoso-en-fe-y-alegria-capacitacion\\\/#article\",\"isPartOf\":{\"@id\":\"https:\\\/\\\/www.feyalegria.org\\\/venezuela\\\/desarrolla-tus-habilidades-emprendedoras-para-un-futuro-exitoso-en-fe-y-alegria-capacitacion\\\/\"},\"author\":{\"name\":\"Erika Briceno\",\"@id\":\"https:\\\/\\\/www.feyalegria.org\\\/venezuela\\\/#\\\/schema\\\/person\\\/fcd504e06f93320841b99f79f3ab0180\"},\"headline\":\"Desarrolla tus habilidades emprendedoras para un futuro exitoso en Fe y Alegr\u00eda Capacitaci\u00f3n\",\"datePublished\":\"2024-10-30T11:49:00+00:00\",\"mainEntityOfPage\":{\"@id\":\"https:\\\/\\\/www.feyalegria.org\\\/venezuela\\\/desarrolla-tus-habilidades-emprendedoras-para-un-futuro-exitoso-en-fe-y-alegria-capacitacion\\\/\"},\"wordCount\":757,\"commentCount\":0,\"image\":{\"@id\":\"https:\\\/\\\/www.feyalegria.org\\\/venezuela\\\/desarrolla-tus-habilidades-emprendedoras-para-un-futuro-exitoso-en-fe-y-alegria-capacitacion\\\/#primaryimage\"},\"thumbnailUrl\":\"https:\\\/\\\/d3pugrm67vf9n7.cloudfront.net\\\/wp-content\\\/uploads\\\/sites\\\/4\\\/2024\\\/10\\\/29143630\\\/Capacitacion-31-1.jpg\",\"keywords\":[\"Capacitaci\u00f3n\",\"Cursos\"],\"articleSection\":[\"Bolet\u00edn Interno\"],\"inLanguage\":\"es\",\"potentialAction\":[{\"@type\":\"CommentAction\",\"name\":\"Comment\",\"target\":[\"https:\\\/\\\/www.feyalegria.org\\\/venezuela\\\/desarrolla-tus-habilidades-emprendedoras-para-un-futuro-exitoso-en-fe-y-alegria-capacitacion\\\/#respond\"]}]},{\"@type\":\"WebPage\",\"@id\":\"https:\\\/\\\/www.feyalegria.org\\\/venezuela\\\/desarrolla-tus-habilidades-emprendedoras-para-un-futuro-exitoso-en-fe-y-alegria-capacitacion\\\/\",\"url\":\"https:\\\/\\\/www.feyalegria.org\\\/venezuela\\\/desarrolla-tus-habilidades-emprendedoras-para-un-futuro-exitoso-en-fe-y-alegria-capacitacion\\\/\",\"name\":\"Desarrolla tus habilidades emprendedoras para un futuro exitoso en Fe y Alegr\u00eda Capacitaci\u00f3n - Fe y Alegr\u00eda en Venezuela\",\"isPartOf\":{\"@id\":\"https:\\\/\\\/www.feyalegria.org\\\/venezuela\\\/#website\"},\"primaryImageOfPage\":{\"@id\":\"https:\\\/\\\/www.feyalegria.org\\\/venezuela\\\/desarrolla-tus-habilidades-emprendedoras-para-un-futuro-exitoso-en-fe-y-alegria-capacitacion\\\/#primaryimage\"},\"image\":{\"@id\":\"https:\\\/\\\/www.feyalegria.org\\\/venezuela\\\/desarrolla-tus-habilidades-emprendedoras-para-un-futuro-exitoso-en-fe-y-alegria-capacitacion\\\/#primaryimage\"},\"thumbnailUrl\":\"https:\\\/\\\/d3pugrm67vf9n7.cloudfront.net\\\/wp-content\\\/uploads\\\/sites\\\/4\\\/2024\\\/10\\\/29143630\\\/Capacitacion-31-1.jpg\",\"datePublished\":\"2024-10-30T11:49:00+00:00\",\"author\":{\"@id\":\"https:\\\/\\\/www.feyalegria.org\\\/venezuela\\\/#\\\/schema\\\/person\\\/fcd504e06f93320841b99f79f3ab0180\"},\"description\":\"En Capacitaci\u00f3n, adoptamos una metodolog\u00eda de aprendizaje integral que desarrolla habilidades socioemocionales y emprendedoras\",\"inLanguage\":\"es\",\"potentialAction\":[{\"@type\":\"ReadAction\",\"target\":[\"https:\\\/\\\/www.feyalegria.org\\\/venezuela\\\/desarrolla-tus-habilidades-emprendedoras-para-un-futuro-exitoso-en-fe-y-alegria-capacitacion\\\/\"]}]},{\"@type\":\"ImageObject\",\"inLanguage\":\"es\",\"@id\":\"https:\\\/\\\/www.feyalegria.org\\\/venezuela\\\/desarrolla-tus-habilidades-emprendedoras-para-un-futuro-exitoso-en-fe-y-alegria-capacitacion\\\/#primaryimage\",\"url\":\"https:\\\/\\\/d3pugrm67vf9n7.cloudfront.net\\\/wp-content\\\/uploads\\\/sites\\\/4\\\/2024\\\/10\\\/29143630\\\/Capacitacion-31-1.jpg\",\"contentUrl\":\"https:\\\/\\\/d3pugrm67vf9n7.cloudfront.net\\\/wp-content\\\/uploads\\\/sites\\\/4\\\/2024\\\/10\\\/29143630\\\/Capacitacion-31-1.jpg\",\"width\":800,\"height\":500},{\"@type\":\"WebSite\",\"@id\":\"https:\\\/\\\/www.feyalegria.org\\\/venezuela\\\/#website\",\"url\":\"https:\\\/\\\/www.feyalegria.org\\\/venezuela\\\/\",\"name\":\"Fe y Alegr\u00eda en Venezuela\",\"description\":\"\",\"potentialAction\":[{\"@type\":\"SearchAction\",\"target\":{\"@type\":\"EntryPoint\",\"urlTemplate\":\"https:\\\/\\\/www.feyalegria.org\\\/venezuela\\\/?s={search_term_string}\"},\"query-input\":{\"@type\":\"PropertyValueSpecification\",\"valueRequired\":true,\"valueName\":\"search_term_string\"}}],\"inLanguage\":\"es\"},{\"@type\":\"Person\",\"@id\":\"https:\\\/\\\/www.feyalegria.org\\\/venezuela\\\/#\\\/schema\\\/person\\\/fcd504e06f93320841b99f79f3ab0180\",\"name\":\"Erika Briceno\",\"url\":\"https:\\\/\\\/www.feyalegria.org\\\/venezuela\\\/author\\\/comunfifya\\\/\"}]}<\/script>\n<!-- \/ Yoast SEO plugin. -->","yoast_head_json":{"title":"Desarrolla tus habilidades emprendedoras para un futuro exitoso en Fe y Alegr\u00eda Capacitaci\u00f3n - Fe y Alegr\u00eda en Venezuela","description":"En Capacitaci\u00f3n, adoptamos una metodolog\u00eda de aprendizaje integral que desarrolla habilidades socioemocionales y emprendedoras","robots":{"index":"index","follow":"follow","max-snippet":"max-snippet:-1","max-image-preview":"max-image-preview:large","max-video-preview":"max-video-preview:-1"},"canonical":"https:\/\/www.feyalegria.org\/venezuela\/desarrolla-tus-habilidades-emprendedoras-para-un-futuro-exitoso-en-fe-y-alegria-capacitacion\/","og_locale":"es_ES","og_type":"article","og_title":"Desarrolla tus habilidades emprendedoras para un futuro exitoso en Fe y Alegr\u00eda Capacitaci\u00f3n - Fe y Alegr\u00eda en Venezuela","og_description":"En Capacitaci\u00f3n, adoptamos una metodolog\u00eda de aprendizaje integral que desarrolla habilidades socioemocionales y emprendedoras","og_url":"https:\/\/www.feyalegria.org\/venezuela\/desarrolla-tus-habilidades-emprendedoras-para-un-futuro-exitoso-en-fe-y-alegria-capacitacion\/","og_site_name":"Fe y Alegr\u00eda en Venezuela","article_published_time":"2024-10-30T11:49:00+00:00","og_image":[{"width":800,"height":500,"url":"https:\/\/d3pugrm67vf9n7.cloudfront.net\/wp-content\/uploads\/sites\/4\/2024\/10\/29143630\/Capacitacion-31-1.jpg","type":"image\/jpeg"}],"author":"Erika Briceno","twitter_card":"summary_large_image","twitter_misc":{"Escrito por":"Erika Briceno","Tiempo de lectura":"4 minutos"},"schema":{"@context":"https:\/\/schema.org","@graph":[{"@type":"Article","@id":"https:\/\/www.feyalegria.org\/venezuela\/desarrolla-tus-habilidades-emprendedoras-para-un-futuro-exitoso-en-fe-y-alegria-capacitacion\/#article","isPartOf":{"@id":"https:\/\/www.feyalegria.org\/venezuela\/desarrolla-tus-habilidades-emprendedoras-para-un-futuro-exitoso-en-fe-y-alegria-capacitacion\/"},"author":{"name":"Erika Briceno","@id":"https:\/\/www.feyalegria.org\/venezuela\/#\/schema\/person\/fcd504e06f93320841b99f79f3ab0180"},"headline":"Desarrolla tus habilidades emprendedoras para un futuro exitoso en Fe y Alegr\u00eda Capacitaci\u00f3n","datePublished":"2024-10-30T11:49:00+00:00","mainEntityOfPage":{"@id":"https:\/\/www.feyalegria.org\/venezuela\/desarrolla-tus-habilidades-emprendedoras-para-un-futuro-exitoso-en-fe-y-alegria-capacitacion\/"},"wordCount":757,"commentCount":0,"image":{"@id":"https:\/\/www.feyalegria.org\/venezuela\/desarrolla-tus-habilidades-emprendedoras-para-un-futuro-exitoso-en-fe-y-alegria-capacitacion\/#primaryimage"},"thumbnailUrl":"https:\/\/d3pugrm67vf9n7.cloudfront.net\/wp-content\/uploads\/sites\/4\/2024\/10\/29143630\/Capacitacion-31-1.jpg","keywords":["Capacitaci\u00f3n","Cursos"],"articleSection":["Bolet\u00edn Interno"],"inLanguage":"es","potentialAction":[{"@type":"CommentAction","name":"Comment","target":["https:\/\/www.feyalegria.org\/venezuela\/desarrolla-tus-habilidades-emprendedoras-para-un-futuro-exitoso-en-fe-y-alegria-capacitacion\/#respond"]}]},{"@type":"WebPage","@id":"https:\/\/www.feyalegria.org\/venezuela\/desarrolla-tus-habilidades-emprendedoras-para-un-futuro-exitoso-en-fe-y-alegria-capacitacion\/","url":"https:\/\/www.feyalegria.org\/venezuela\/desarrolla-tus-habilidades-emprendedoras-para-un-futuro-exitoso-en-fe-y-alegria-capacitacion\/","name":"Desarrolla tus habilidades emprendedoras para un futuro exitoso en Fe y Alegr\u00eda Capacitaci\u00f3n - Fe y Alegr\u00eda en Venezuela","isPartOf":{"@id":"https:\/\/www.feyalegria.org\/venezuela\/#website"},"primaryImageOfPage":{"@id":"https:\/\/www.feyalegria.org\/venezuela\/desarrolla-tus-habilidades-emprendedoras-para-un-futuro-exitoso-en-fe-y-alegria-capacitacion\/#primaryimage"},"image":{"@id":"https:\/\/www.feyalegria.org\/venezuela\/desarrolla-tus-habilidades-emprendedoras-para-un-futuro-exitoso-en-fe-y-alegria-capacitacion\/#primaryimage"},"thumbnailUrl":"https:\/\/d3pugrm67vf9n7.cloudfront.net\/wp-content\/uploads\/sites\/4\/2024\/10\/29143630\/Capacitacion-31-1.jpg","datePublished":"2024-10-30T11:49:00+00:00","author":{"@id":"https:\/\/www.feyalegria.org\/venezuela\/#\/schema\/person\/fcd504e06f93320841b99f79f3ab0180"},"description":"En Capacitaci\u00f3n, adoptamos una metodolog\u00eda de aprendizaje integral que desarrolla habilidades socioemocionales y emprendedoras","inLanguage":"es","potentialAction":[{"@type":"ReadAction","target":["https:\/\/www.feyalegria.org\/venezuela\/desarrolla-tus-habilidades-emprendedoras-para-un-futuro-exitoso-en-fe-y-alegria-capacitacion\/"]}]},{"@type":"ImageObject","inLanguage":"es","@id":"https:\/\/www.feyalegria.org\/venezuela\/desarrolla-tus-habilidades-emprendedoras-para-un-futuro-exitoso-en-fe-y-alegria-capacitacion\/#primaryimage","url":"https:\/\/d3pugrm67vf9n7.cloudfront.net\/wp-content\/uploads\/sites\/4\/2024\/10\/29143630\/Capacitacion-31-1.jpg","contentUrl":"https:\/\/d3pugrm67vf9n7.cloudfront.net\/wp-content\/uploads\/sites\/4\/2024\/10\/29143630\/Capacitacion-31-1.jpg","width":800,"height":500},{"@type":"WebSite","@id":"https:\/\/www.feyalegria.org\/venezuela\/#website","url":"https:\/\/www.feyalegria.org\/venezuela\/","name":"Fe y Alegr\u00eda en Venezuela","description":"","potentialAction":[{"@type":"SearchAction","target":{"@type":"EntryPoint","urlTemplate":"https:\/\/www.feyalegria.org\/venezuela\/?s={search_term_string}"},"query-input":{"@type":"PropertyValueSpecification","valueRequired":true,"valueName":"search_term_string"}}],"inLanguage":"es"},{"@type":"Person","@id":"https:\/\/www.feyalegria.org\/venezuela\/#\/schema\/person\/fcd504e06f93320841b99f79f3ab0180","name":"Erika Briceno","url":"https:\/\/www.feyalegria.org\/venezuela\/author\/comunfifya\/"}]}},"_links":{"self":[{"href":"https:\/\/www.feyalegria.org\/venezuela\/wp-json\/wp\/v2\/posts\/7870","targetHints":{"allow":["GET"]}}],"collection":[{"href":"https:\/\/www.feyalegria.org\/venezuela\/wp-json\/wp\/v2\/posts"}],"about":[{"href":"https:\/\/www.feyalegria.org\/venezuela\/wp-json\/wp\/v2\/types\/post"}],"author":[{"embeddable":true,"href":"https:\/\/www.feyalegria.org\/venezuela\/wp-json\/wp\/v2\/users\/6"}],"replies":[{"embeddable":true,"href":"https:\/\/www.feyalegria.org\/venezuela\/wp-json\/wp\/v2\/comments?post=7870"}],"version-history":[{"count":0,"href":"https:\/\/www.feyalegria.org\/venezuela\/wp-json\/wp\/v2\/posts\/7870\/revisions"}],"wp:featuredmedia":[{"embeddable":true,"href":"https:\/\/www.feyalegria.org\/venezuela\/wp-json\/wp\/v2\/media\/7871"}],"wp:attachment":[{"href":"https:\/\/www.feyalegria.org\/venezuela\/wp-json\/wp\/v2\/media?parent=7870"}],"wp:term":[{"taxonomy":"category","embeddable":true,"href":"https:\/\/www.feyalegria.org\/venezuela\/wp-json\/wp\/v2\/categories?post=7870"},{"taxonomy":"post_tag","embeddable":true,"href":"https:\/\/www.feyalegria.org\/venezuela\/wp-json\/wp\/v2\/tags?post=7870"},{"taxonomy":"post_folder","embeddable":true,"href":"https:\/\/www.feyalegria.org\/venezuela\/wp-json\/wp\/v2\/post_folder?post=7870"}],"curies":[{"name":"wp","href":"https:\/\/api.w.org\/{rel}","templated":true}]}}