 {"id":8022,"date":"2024-11-07T02:01:47","date_gmt":"2024-11-07T02:01:47","guid":{"rendered":"https:\/\/www.feyalegria.org\/venezuela\/?p=8022"},"modified":"2024-11-07T02:01:47","modified_gmt":"2024-11-07T02:01:47","slug":"conoce-las-5-claves-para-el-futuro-en-formacion-y-capacitacion-laboral","status":"publish","type":"post","link":"https:\/\/www.feyalegria.org\/venezuela\/conoce-las-5-claves-para-el-futuro-en-formacion-y-capacitacion-laboral\/","title":{"rendered":"Conoce las 5 claves para el futuro en formaci\u00f3n y capacitaci\u00f3n laboral"},"content":{"rendered":"<div class=\"wpb-content-wrapper\"><p>[vc_row][vc_column][vc_column_text css=\u00bb\u00bb]<\/p>\n<h1><b>Conoce las 5 claves para el futuro en formaci\u00f3n y capacitaci\u00f3n laboral<\/b><\/h1>\n<p>[\/vc_column_text][vc_column_text css=\u00bb\u00bb]<\/p>\n<p style=\"text-align: right;\"><span style=\"font-weight: 400;\"><strong>Germ\u00e1n Osorio<\/strong> | <em>Referente de Comunicaci\u00f3n Fe y Alegr\u00eda Capacitaci\u00f3n<\/em><\/span><\/p>\n<p style=\"text-align: right;\"><span style=\"font-weight: 400;\"><strong>Sandra Chac\u00f3n<\/strong> | <em>Directora Nacional de Fe y Alegr\u00eda Capacitaci\u00f3n<\/em><\/span><\/p>\n<p>[\/vc_column_text][vc_separator][vc_column_text css=\u00bb\u00bb]<\/p>\n<p style=\"text-align: justify;\"><img loading=\"lazy\" decoding=\"async\" class=\"wp-image-8023 alignleft\" src=\"https:\/\/d3pugrm67vf9n7.cloudfront.net\/wp-content\/uploads\/sites\/4\/2024\/11\/07015359\/Capacitacion-31-1-225x300.jpg\" alt=\"\" width=\"350\" height=\"467\" srcset=\"https:\/\/d3pugrm67vf9n7.cloudfront.net\/wp-content\/uploads\/sites\/4\/2024\/11\/07015359\/Capacitacion-31-1-225x300.jpg 225w, https:\/\/d3pugrm67vf9n7.cloudfront.net\/wp-content\/uploads\/sites\/4\/2024\/11\/07015359\/Capacitacion-31-1-768x1024.jpg 768w, https:\/\/d3pugrm67vf9n7.cloudfront.net\/wp-content\/uploads\/sites\/4\/2024\/11\/07015359\/Capacitacion-31-1.jpg 900w\" sizes=\"auto, (max-width: 350px) 100vw, 350px\" \/>En el futuro, se espera que la capacitaci\u00f3n y formaci\u00f3n laboral evolucione para adaptarse a los cambios y din\u00e1micas emergentes en el mercado de trabajo. Algunas de las tendencias que se vislumbran incluyen:<\/p>\n<p>&nbsp;<\/p>\n<p style=\"text-align: justify;\">1. <strong>Aprendizaje continuo y a lo largo de la vida<\/strong>: en Fe y Alegr\u00eda, reconocemos que la formaci\u00f3n y capacitaci\u00f3n constante del personal es fundamental para el \u00e9xito de nuestra labor educativa y social. Nuestros empleados deben asumir una actitud de aprendizaje permanente, lo cual les permitir\u00e1 mantenerse actualizados, desarrollar nuevas habilidades y estar preparados para adaptarse a los cambios y retos que enfrentamos en nuestro entorno.<\/p>\n<p>&nbsp;<\/p>\n<p style=\"text-align: justify;\">La capacitaci\u00f3n y el desarrollo profesional constante se convierten en una prioridad estrat\u00e9gica que fortalece nuestro compromiso con la calidad educativa y la transformaci\u00f3n social.<\/p>\n<p>&nbsp;<\/p>\n<p style=\"text-align: justify;\">2. <strong>Capacitaci\u00f3n en habilidades digitales<\/strong>: entendemos que la adquisici\u00f3n y desarrollo de habilidades tecnol\u00f3gicas y digitales es fundamental para el \u00e9xito laboral y profesional de nuestro personal. Por ello, nuestra \u00e1rea de capacitaci\u00f3n se enfoca en brindar a nuestros empleados una formaci\u00f3n integral que les permita dominar las herramientas y competencias digitales necesarias para desempe\u00f1arse de manera eficiente en un mundo cada vez m\u00e1s tecnol\u00f3gico.<\/p>\n<p>&nbsp;<\/p>\n<p style=\"text-align: justify;\">Desde el manejo de aplicaciones y plataformas digitales, hasta el desarrollo de pensamiento computacional y la adopci\u00f3n de metodolog\u00edas de trabajo en entornos virtuales, nuestra propuesta de capacitaci\u00f3n busca preparar a nuestro equipo para hacer un uso efectivo de la tecnolog\u00eda y adaptarse a los continuos cambios en el \u00e1mbito laboral.<\/p>\n<p>&nbsp;<\/p>\n<p style=\"text-align: justify;\">Al fortalecer estas habilidades digitales, no solo mejoramos el desempe\u00f1o de nuestros colaboradores, sino que tambi\u00e9n les otorgamos las herramientas necesarias para ofrecer una educaci\u00f3n m\u00e1s innovadora y conectada a las necesidades de las comunidades a las que servimos.<\/p>\n<p>&nbsp;<\/p>\n<p style=\"text-align: justify;\"><img loading=\"lazy\" decoding=\"async\" class=\" wp-image-8024 alignright\" src=\"https:\/\/d3pugrm67vf9n7.cloudfront.net\/wp-content\/uploads\/sites\/4\/2024\/11\/07015402\/Capacitacion-31-2-300x200.jpg\" alt=\"\" width=\"360\" height=\"240\" srcset=\"https:\/\/d3pugrm67vf9n7.cloudfront.net\/wp-content\/uploads\/sites\/4\/2024\/11\/07015402\/Capacitacion-31-2-300x200.jpg 300w, https:\/\/d3pugrm67vf9n7.cloudfront.net\/wp-content\/uploads\/sites\/4\/2024\/11\/07015402\/Capacitacion-31-2-1024x683.jpg 1024w, https:\/\/d3pugrm67vf9n7.cloudfront.net\/wp-content\/uploads\/sites\/4\/2024\/11\/07015402\/Capacitacion-31-2-768x512.jpg 768w, https:\/\/d3pugrm67vf9n7.cloudfront.net\/wp-content\/uploads\/sites\/4\/2024\/11\/07015402\/Capacitacion-31-2.jpg 1200w\" sizes=\"auto, (max-width: 360px) 100vw, 360px\" \/>3. <strong>Formaci\u00f3n personalizada<\/strong>: desde Capacitaci\u00f3n comprendemos que cada uno de nuestros empleados tiene necesidades, habilidades y perfiles profesionales diferentes. Por ello, nuestro enfoque en la capacitaci\u00f3n y desarrollo del personal se basa en una propuesta de formaci\u00f3n altamente personalizada.<\/p>\n<p>&nbsp;<\/p>\n<p style=\"text-align: justify;\">Esto nos permite ofrecer una capacitaci\u00f3n mucho m\u00e1s efectiva y adaptada a las necesidades individuales, lo que se traduce en un mayor impacto y aprovechamiento por parte de nuestros facilitadores.<\/p>\n<p>&nbsp;<\/p>\n<p style=\"text-align: justify;\">Al priorizar este abordaje personalizado, no s\u00f3lo fortalecemos las competencias de nuestro equipo, sino que tambi\u00e9n generamos un mayor sentido de pertenencia y compromiso, al saber que su formaci\u00f3n es una prioridad para el Movimiento.<\/p>\n<p>&nbsp;<\/p>\n<p style=\"text-align: justify;\">De esta manera, la capacitaci\u00f3n personalizada se convierte en una herramienta clave para potenciar el desarrollo y desempe\u00f1o de nuestro personal.<\/p>\n<p>&nbsp;<\/p>\n<p style=\"text-align: justify;\"><img loading=\"lazy\" decoding=\"async\" class=\" wp-image-8025 alignleft\" src=\"https:\/\/d3pugrm67vf9n7.cloudfront.net\/wp-content\/uploads\/sites\/4\/2024\/11\/07015405\/Capacitacion-31-3-300x200.jpg\" alt=\"\" width=\"360\" height=\"240\" srcset=\"https:\/\/d3pugrm67vf9n7.cloudfront.net\/wp-content\/uploads\/sites\/4\/2024\/11\/07015405\/Capacitacion-31-3-300x200.jpg 300w, https:\/\/d3pugrm67vf9n7.cloudfront.net\/wp-content\/uploads\/sites\/4\/2024\/11\/07015405\/Capacitacion-31-3-1024x683.jpg 1024w, https:\/\/d3pugrm67vf9n7.cloudfront.net\/wp-content\/uploads\/sites\/4\/2024\/11\/07015405\/Capacitacion-31-3-768x512.jpg 768w, https:\/\/d3pugrm67vf9n7.cloudfront.net\/wp-content\/uploads\/sites\/4\/2024\/11\/07015405\/Capacitacion-31-3.jpg 1200w\" sizes=\"auto, (max-width: 360px) 100vw, 360px\" \/>4. <strong>Microaprendizaje<\/strong>: En Fe y Alegr\u00eda, reconocemos que la forma en que las personas aprenden y se actualizan constantemente est\u00e1 evolucionando. Por ello, nuestra \u00e1rea de capacitaci\u00f3n ha adoptado un enfoque de microaprendizaje como parte fundamental de nuestra propuesta formativa. Esta metodolog\u00eda consiste en ofrecer contenidos y recursos de aprendizaje en peque\u00f1as dosis, a trav\u00e9s de formatos diversos como videos, podcasts, infograf\u00edas y m\u00f3dulos cortos.<\/p>\n<p>&nbsp;<\/p>\n<p style=\"text-align: justify;\">Entendemos que, en un mundo cada vez m\u00e1s din\u00e1mico y con demandas constantes de tiempo, este tipo de aprendizaje en p\u00edldoras resulta m\u00e1s efectivo y atractivo para nuestro personal, quienes pueden acceder a estos recursos de manera flexible y adaptada a sus ritmos y necesidades. Adem\u00e1s, el microaprendizaje nos permite actualizar y reforzar conocimientos de manera continua, sin requerir largos per\u00edodos de capacitaci\u00f3n presencial.<\/p>\n<p>&nbsp;<\/p>\n<p style=\"text-align: justify;\">De esta manera, nuestros colaboradores pueden mantener un proceso de aprendizaje permanente, que les permita desarrollar nuevas habilidades y estar preparados para enfrentar los desaf\u00edos cambiantes de su entorno laboral.<\/p>\n<p>&nbsp;<\/p>\n<p style=\"text-align: justify;\">5. <strong>Soft skills<\/strong>: desde nuestro programa entendemos que el \u00e9xito profesional y la capacidad de adaptaci\u00f3n no dependen \u00fanicamente de sus habilidades t\u00e9cnicas o conocimientos espec\u00edficos, sino tambi\u00e9n de las denominadas \u00abhabilidades blandas\u00bb o socioemocionales.<\/p>\n<p>&nbsp;<\/p>\n<p style=\"text-align: justify;\">Por eso, en nuestra estrategia de capacitaci\u00f3n, hemos puesto un \u00e9nfasis cada vez mayor en el desarrollo de competencias como la comunicaci\u00f3n efectiva, el trabajo en equipo, la resoluci\u00f3n de conflictos, el pensamiento cr\u00edtico y la gesti\u00f3n adecuada del tiempo.<\/p>\n<p>&nbsp;<\/p>\n<p style=\"text-align: justify;\">Estas habilidades transversales no solo les permitir\u00e1n a nuestros empleados relacionarse de manera m\u00e1s eficaz, sino que tambi\u00e9n les brindar\u00e1n herramientas invaluables para adaptarse a entornos cambiantes, liderar proyectos de manera colaborativa y tomar decisiones de forma aut\u00f3noma.<br \/>\nEn Fe y Alegr\u00eda Capacitaci\u00f3n, tenemos la firme convicci\u00f3n de que nuestros programas formativos deben preparar a los j\u00f3venes y adultos participantes para insertarse y prosperar en el mercado laboral. Nuestra labor se centra en desarrollar las competencias esenciales que les permitir\u00e1n desempe\u00f1arse con \u00e9xito en sus roles profesionales, adapt\u00e1ndose a los cambios y tendencias emergentes en el campo de la capacitaci\u00f3n y el aprendizaje.<\/p>\n<p>&nbsp;<\/p>\n<p style=\"text-align: justify;\">As\u00ed, desde Fe y Alegr\u00eda Capacitaci\u00f3n, nos enorgullecemos de contribuir al desarrollo de una fuerza de trabajo calificada, adaptable y comprometida con la transformaci\u00f3n social.<\/p>\n<p>[\/vc_column_text][vc_column_text css=\u00bb\u00bb]<\/p>\n<p style=\"text-align: right;\"><strong>Caracas, 6 de noviembre de 2024<\/strong><\/p>\n<p>[\/vc_column_text][\/vc_column][\/vc_row]<\/p>\n<\/div>","protected":false},"excerpt":{"rendered":"<div style=\"height: 265px\">Para Fe y Alegr\u00eda Capacitaci\u00f3n los programas formativos deben preparar a los j\u00f3venes y adultos participantes para insertarse y prosperar en el mercado laboral. Nuestra labor se centra en desarrollar las competencias esenciales<\/div>\n","protected":false},"author":6,"featured_media":8023,"comment_status":"open","ping_status":"open","sticky":false,"template":"","format":"standard","meta":{"_acf_changed":false,"footnotes":""},"categories":[746],"tags":[634,766],"post_folder":[],"class_list":["post-8022","post","type-post","status-publish","format-standard","has-post-thumbnail","hentry","category-boletin-interno","tag-capacitacion","tag-cursos"],"acf":[],"yoast_head":"<!-- This site is optimized with the Yoast SEO plugin v27.4 - https:\/\/yoast.com\/product\/yoast-seo-wordpress\/ -->\n<title>Conoce las 5 claves para el futuro en formaci\u00f3n y capacitaci\u00f3n laboral - Fe y Alegr\u00eda en Venezuela<\/title>\n<meta name=\"description\" content=\"En el futuro, se espera que la capacitaci\u00f3n y formaci\u00f3n laboral evolucionen y se adapten a los cambios y din\u00e1micas emergentes en el mercado\" \/>\n<meta name=\"robots\" content=\"index, follow, max-snippet:-1, max-image-preview:large, max-video-preview:-1\" \/>\n<link rel=\"canonical\" href=\"https:\/\/www.feyalegria.org\/venezuela\/conoce-las-5-claves-para-el-futuro-en-formacion-y-capacitacion-laboral\/\" \/>\n<meta property=\"og:locale\" content=\"es_ES\" \/>\n<meta property=\"og:type\" content=\"article\" \/>\n<meta property=\"og:title\" content=\"Conoce las 5 claves para el futuro en formaci\u00f3n y capacitaci\u00f3n laboral - Fe y Alegr\u00eda en Venezuela\" \/>\n<meta property=\"og:description\" content=\"En el futuro, se espera que la capacitaci\u00f3n y formaci\u00f3n laboral evolucionen y se adapten a los cambios y din\u00e1micas emergentes en el mercado\" \/>\n<meta property=\"og:url\" content=\"https:\/\/www.feyalegria.org\/venezuela\/conoce-las-5-claves-para-el-futuro-en-formacion-y-capacitacion-laboral\/\" \/>\n<meta property=\"og:site_name\" content=\"Fe y Alegr\u00eda en Venezuela\" \/>\n<meta property=\"article:published_time\" content=\"2024-11-07T02:01:47+00:00\" \/>\n<meta property=\"og:image\" content=\"https:\/\/d3pugrm67vf9n7.cloudfront.net\/wp-content\/uploads\/sites\/4\/2024\/11\/07015359\/Capacitacion-31-1.jpg\" \/>\n\t<meta property=\"og:image:width\" content=\"900\" \/>\n\t<meta property=\"og:image:height\" content=\"1200\" \/>\n\t<meta property=\"og:image:type\" content=\"image\/jpeg\" \/>\n<meta name=\"author\" content=\"Erika Briceno\" \/>\n<meta name=\"twitter:card\" content=\"summary_large_image\" \/>\n<meta name=\"twitter:label1\" content=\"Escrito por\" \/>\n\t<meta name=\"twitter:data1\" content=\"Erika Briceno\" \/>\n\t<meta name=\"twitter:label2\" content=\"Tiempo de lectura\" \/>\n\t<meta name=\"twitter:data2\" content=\"5 minutos\" \/>\n<script type=\"application\/ld+json\" class=\"yoast-schema-graph\">{\"@context\":\"https:\\\/\\\/schema.org\",\"@graph\":[{\"@type\":\"Article\",\"@id\":\"https:\\\/\\\/www.feyalegria.org\\\/venezuela\\\/conoce-las-5-claves-para-el-futuro-en-formacion-y-capacitacion-laboral\\\/#article\",\"isPartOf\":{\"@id\":\"https:\\\/\\\/www.feyalegria.org\\\/venezuela\\\/conoce-las-5-claves-para-el-futuro-en-formacion-y-capacitacion-laboral\\\/\"},\"author\":{\"name\":\"Erika Briceno\",\"@id\":\"https:\\\/\\\/www.feyalegria.org\\\/venezuela\\\/#\\\/schema\\\/person\\\/fcd504e06f93320841b99f79f3ab0180\"},\"headline\":\"Conoce las 5 claves para el futuro en formaci\u00f3n y capacitaci\u00f3n laboral\",\"datePublished\":\"2024-11-07T02:01:47+00:00\",\"mainEntityOfPage\":{\"@id\":\"https:\\\/\\\/www.feyalegria.org\\\/venezuela\\\/conoce-las-5-claves-para-el-futuro-en-formacion-y-capacitacion-laboral\\\/\"},\"wordCount\":947,\"commentCount\":0,\"image\":{\"@id\":\"https:\\\/\\\/www.feyalegria.org\\\/venezuela\\\/conoce-las-5-claves-para-el-futuro-en-formacion-y-capacitacion-laboral\\\/#primaryimage\"},\"thumbnailUrl\":\"https:\\\/\\\/d3pugrm67vf9n7.cloudfront.net\\\/wp-content\\\/uploads\\\/sites\\\/4\\\/2024\\\/11\\\/07015359\\\/Capacitacion-31-1.jpg\",\"keywords\":[\"Capacitaci\u00f3n\",\"Cursos\"],\"articleSection\":[\"Bolet\u00edn Interno\"],\"inLanguage\":\"es\",\"potentialAction\":[{\"@type\":\"CommentAction\",\"name\":\"Comment\",\"target\":[\"https:\\\/\\\/www.feyalegria.org\\\/venezuela\\\/conoce-las-5-claves-para-el-futuro-en-formacion-y-capacitacion-laboral\\\/#respond\"]}]},{\"@type\":\"WebPage\",\"@id\":\"https:\\\/\\\/www.feyalegria.org\\\/venezuela\\\/conoce-las-5-claves-para-el-futuro-en-formacion-y-capacitacion-laboral\\\/\",\"url\":\"https:\\\/\\\/www.feyalegria.org\\\/venezuela\\\/conoce-las-5-claves-para-el-futuro-en-formacion-y-capacitacion-laboral\\\/\",\"name\":\"Conoce las 5 claves para el futuro en formaci\u00f3n y capacitaci\u00f3n laboral - Fe y Alegr\u00eda en Venezuela\",\"isPartOf\":{\"@id\":\"https:\\\/\\\/www.feyalegria.org\\\/venezuela\\\/#website\"},\"primaryImageOfPage\":{\"@id\":\"https:\\\/\\\/www.feyalegria.org\\\/venezuela\\\/conoce-las-5-claves-para-el-futuro-en-formacion-y-capacitacion-laboral\\\/#primaryimage\"},\"image\":{\"@id\":\"https:\\\/\\\/www.feyalegria.org\\\/venezuela\\\/conoce-las-5-claves-para-el-futuro-en-formacion-y-capacitacion-laboral\\\/#primaryimage\"},\"thumbnailUrl\":\"https:\\\/\\\/d3pugrm67vf9n7.cloudfront.net\\\/wp-content\\\/uploads\\\/sites\\\/4\\\/2024\\\/11\\\/07015359\\\/Capacitacion-31-1.jpg\",\"datePublished\":\"2024-11-07T02:01:47+00:00\",\"author\":{\"@id\":\"https:\\\/\\\/www.feyalegria.org\\\/venezuela\\\/#\\\/schema\\\/person\\\/fcd504e06f93320841b99f79f3ab0180\"},\"description\":\"En el futuro, se espera que la capacitaci\u00f3n y formaci\u00f3n laboral evolucionen y se adapten a los cambios y din\u00e1micas emergentes en el mercado\",\"inLanguage\":\"es\",\"potentialAction\":[{\"@type\":\"ReadAction\",\"target\":[\"https:\\\/\\\/www.feyalegria.org\\\/venezuela\\\/conoce-las-5-claves-para-el-futuro-en-formacion-y-capacitacion-laboral\\\/\"]}]},{\"@type\":\"ImageObject\",\"inLanguage\":\"es\",\"@id\":\"https:\\\/\\\/www.feyalegria.org\\\/venezuela\\\/conoce-las-5-claves-para-el-futuro-en-formacion-y-capacitacion-laboral\\\/#primaryimage\",\"url\":\"https:\\\/\\\/d3pugrm67vf9n7.cloudfront.net\\\/wp-content\\\/uploads\\\/sites\\\/4\\\/2024\\\/11\\\/07015359\\\/Capacitacion-31-1.jpg\",\"contentUrl\":\"https:\\\/\\\/d3pugrm67vf9n7.cloudfront.net\\\/wp-content\\\/uploads\\\/sites\\\/4\\\/2024\\\/11\\\/07015359\\\/Capacitacion-31-1.jpg\",\"width\":900,\"height\":1200},{\"@type\":\"WebSite\",\"@id\":\"https:\\\/\\\/www.feyalegria.org\\\/venezuela\\\/#website\",\"url\":\"https:\\\/\\\/www.feyalegria.org\\\/venezuela\\\/\",\"name\":\"Fe y Alegr\u00eda en Venezuela\",\"description\":\"\",\"potentialAction\":[{\"@type\":\"SearchAction\",\"target\":{\"@type\":\"EntryPoint\",\"urlTemplate\":\"https:\\\/\\\/www.feyalegria.org\\\/venezuela\\\/?s={search_term_string}\"},\"query-input\":{\"@type\":\"PropertyValueSpecification\",\"valueRequired\":true,\"valueName\":\"search_term_string\"}}],\"inLanguage\":\"es\"},{\"@type\":\"Person\",\"@id\":\"https:\\\/\\\/www.feyalegria.org\\\/venezuela\\\/#\\\/schema\\\/person\\\/fcd504e06f93320841b99f79f3ab0180\",\"name\":\"Erika Briceno\",\"url\":\"https:\\\/\\\/www.feyalegria.org\\\/venezuela\\\/author\\\/comunfifya\\\/\"}]}<\/script>\n<!-- \/ Yoast SEO plugin. -->","yoast_head_json":{"title":"Conoce las 5 claves para el futuro en formaci\u00f3n y capacitaci\u00f3n laboral - Fe y Alegr\u00eda en Venezuela","description":"En el futuro, se espera que la capacitaci\u00f3n y formaci\u00f3n laboral evolucionen y se adapten a los cambios y din\u00e1micas emergentes en el mercado","robots":{"index":"index","follow":"follow","max-snippet":"max-snippet:-1","max-image-preview":"max-image-preview:large","max-video-preview":"max-video-preview:-1"},"canonical":"https:\/\/www.feyalegria.org\/venezuela\/conoce-las-5-claves-para-el-futuro-en-formacion-y-capacitacion-laboral\/","og_locale":"es_ES","og_type":"article","og_title":"Conoce las 5 claves para el futuro en formaci\u00f3n y capacitaci\u00f3n laboral - Fe y Alegr\u00eda en Venezuela","og_description":"En el futuro, se espera que la capacitaci\u00f3n y formaci\u00f3n laboral evolucionen y se adapten a los cambios y din\u00e1micas emergentes en el mercado","og_url":"https:\/\/www.feyalegria.org\/venezuela\/conoce-las-5-claves-para-el-futuro-en-formacion-y-capacitacion-laboral\/","og_site_name":"Fe y Alegr\u00eda en Venezuela","article_published_time":"2024-11-07T02:01:47+00:00","og_image":[{"width":900,"height":1200,"url":"https:\/\/d3pugrm67vf9n7.cloudfront.net\/wp-content\/uploads\/sites\/4\/2024\/11\/07015359\/Capacitacion-31-1.jpg","type":"image\/jpeg"}],"author":"Erika Briceno","twitter_card":"summary_large_image","twitter_misc":{"Escrito por":"Erika Briceno","Tiempo de lectura":"5 minutos"},"schema":{"@context":"https:\/\/schema.org","@graph":[{"@type":"Article","@id":"https:\/\/www.feyalegria.org\/venezuela\/conoce-las-5-claves-para-el-futuro-en-formacion-y-capacitacion-laboral\/#article","isPartOf":{"@id":"https:\/\/www.feyalegria.org\/venezuela\/conoce-las-5-claves-para-el-futuro-en-formacion-y-capacitacion-laboral\/"},"author":{"name":"Erika Briceno","@id":"https:\/\/www.feyalegria.org\/venezuela\/#\/schema\/person\/fcd504e06f93320841b99f79f3ab0180"},"headline":"Conoce las 5 claves para el futuro en formaci\u00f3n y capacitaci\u00f3n laboral","datePublished":"2024-11-07T02:01:47+00:00","mainEntityOfPage":{"@id":"https:\/\/www.feyalegria.org\/venezuela\/conoce-las-5-claves-para-el-futuro-en-formacion-y-capacitacion-laboral\/"},"wordCount":947,"commentCount":0,"image":{"@id":"https:\/\/www.feyalegria.org\/venezuela\/conoce-las-5-claves-para-el-futuro-en-formacion-y-capacitacion-laboral\/#primaryimage"},"thumbnailUrl":"https:\/\/d3pugrm67vf9n7.cloudfront.net\/wp-content\/uploads\/sites\/4\/2024\/11\/07015359\/Capacitacion-31-1.jpg","keywords":["Capacitaci\u00f3n","Cursos"],"articleSection":["Bolet\u00edn Interno"],"inLanguage":"es","potentialAction":[{"@type":"CommentAction","name":"Comment","target":["https:\/\/www.feyalegria.org\/venezuela\/conoce-las-5-claves-para-el-futuro-en-formacion-y-capacitacion-laboral\/#respond"]}]},{"@type":"WebPage","@id":"https:\/\/www.feyalegria.org\/venezuela\/conoce-las-5-claves-para-el-futuro-en-formacion-y-capacitacion-laboral\/","url":"https:\/\/www.feyalegria.org\/venezuela\/conoce-las-5-claves-para-el-futuro-en-formacion-y-capacitacion-laboral\/","name":"Conoce las 5 claves para el futuro en formaci\u00f3n y capacitaci\u00f3n laboral - Fe y Alegr\u00eda en Venezuela","isPartOf":{"@id":"https:\/\/www.feyalegria.org\/venezuela\/#website"},"primaryImageOfPage":{"@id":"https:\/\/www.feyalegria.org\/venezuela\/conoce-las-5-claves-para-el-futuro-en-formacion-y-capacitacion-laboral\/#primaryimage"},"image":{"@id":"https:\/\/www.feyalegria.org\/venezuela\/conoce-las-5-claves-para-el-futuro-en-formacion-y-capacitacion-laboral\/#primaryimage"},"thumbnailUrl":"https:\/\/d3pugrm67vf9n7.cloudfront.net\/wp-content\/uploads\/sites\/4\/2024\/11\/07015359\/Capacitacion-31-1.jpg","datePublished":"2024-11-07T02:01:47+00:00","author":{"@id":"https:\/\/www.feyalegria.org\/venezuela\/#\/schema\/person\/fcd504e06f93320841b99f79f3ab0180"},"description":"En el futuro, se espera que la capacitaci\u00f3n y formaci\u00f3n laboral evolucionen y se adapten a los cambios y din\u00e1micas emergentes en el mercado","inLanguage":"es","potentialAction":[{"@type":"ReadAction","target":["https:\/\/www.feyalegria.org\/venezuela\/conoce-las-5-claves-para-el-futuro-en-formacion-y-capacitacion-laboral\/"]}]},{"@type":"ImageObject","inLanguage":"es","@id":"https:\/\/www.feyalegria.org\/venezuela\/conoce-las-5-claves-para-el-futuro-en-formacion-y-capacitacion-laboral\/#primaryimage","url":"https:\/\/d3pugrm67vf9n7.cloudfront.net\/wp-content\/uploads\/sites\/4\/2024\/11\/07015359\/Capacitacion-31-1.jpg","contentUrl":"https:\/\/d3pugrm67vf9n7.cloudfront.net\/wp-content\/uploads\/sites\/4\/2024\/11\/07015359\/Capacitacion-31-1.jpg","width":900,"height":1200},{"@type":"WebSite","@id":"https:\/\/www.feyalegria.org\/venezuela\/#website","url":"https:\/\/www.feyalegria.org\/venezuela\/","name":"Fe y Alegr\u00eda en Venezuela","description":"","potentialAction":[{"@type":"SearchAction","target":{"@type":"EntryPoint","urlTemplate":"https:\/\/www.feyalegria.org\/venezuela\/?s={search_term_string}"},"query-input":{"@type":"PropertyValueSpecification","valueRequired":true,"valueName":"search_term_string"}}],"inLanguage":"es"},{"@type":"Person","@id":"https:\/\/www.feyalegria.org\/venezuela\/#\/schema\/person\/fcd504e06f93320841b99f79f3ab0180","name":"Erika Briceno","url":"https:\/\/www.feyalegria.org\/venezuela\/author\/comunfifya\/"}]}},"_links":{"self":[{"href":"https:\/\/www.feyalegria.org\/venezuela\/wp-json\/wp\/v2\/posts\/8022","targetHints":{"allow":["GET"]}}],"collection":[{"href":"https:\/\/www.feyalegria.org\/venezuela\/wp-json\/wp\/v2\/posts"}],"about":[{"href":"https:\/\/www.feyalegria.org\/venezuela\/wp-json\/wp\/v2\/types\/post"}],"author":[{"embeddable":true,"href":"https:\/\/www.feyalegria.org\/venezuela\/wp-json\/wp\/v2\/users\/6"}],"replies":[{"embeddable":true,"href":"https:\/\/www.feyalegria.org\/venezuela\/wp-json\/wp\/v2\/comments?post=8022"}],"version-history":[{"count":0,"href":"https:\/\/www.feyalegria.org\/venezuela\/wp-json\/wp\/v2\/posts\/8022\/revisions"}],"wp:featuredmedia":[{"embeddable":true,"href":"https:\/\/www.feyalegria.org\/venezuela\/wp-json\/wp\/v2\/media\/8023"}],"wp:attachment":[{"href":"https:\/\/www.feyalegria.org\/venezuela\/wp-json\/wp\/v2\/media?parent=8022"}],"wp:term":[{"taxonomy":"category","embeddable":true,"href":"https:\/\/www.feyalegria.org\/venezuela\/wp-json\/wp\/v2\/categories?post=8022"},{"taxonomy":"post_tag","embeddable":true,"href":"https:\/\/www.feyalegria.org\/venezuela\/wp-json\/wp\/v2\/tags?post=8022"},{"taxonomy":"post_folder","embeddable":true,"href":"https:\/\/www.feyalegria.org\/venezuela\/wp-json\/wp\/v2\/post_folder?post=8022"}],"curies":[{"name":"wp","href":"https:\/\/api.w.org\/{rel}","templated":true}]}}