{"id":8152,"date":"2024-11-20T11:31:23","date_gmt":"2024-11-20T11:31:23","guid":{"rendered":"https:\/\/www.feyalegria.org\/venezuela\/?p=8152"},"modified":"2024-11-20T11:34:29","modified_gmt":"2024-11-20T11:34:29","slug":"sistematizar-para-transformar-un-nuevo-diplomado-del-cfipj-para-educadores","status":"publish","type":"post","link":"https:\/\/www.feyalegria.org\/venezuela\/sistematizar-para-transformar-un-nuevo-diplomado-del-cfipj-para-educadores\/","title":{"rendered":"\u201cSistematizar para Transformar\u201d: un nuevo diplomado del CFIPJ para educadores"},"content":{"rendered":"<div class=\"wpb-content-wrapper\"><p>[vc_row][vc_column][vc_column_text css=\u00bb\u00bb]<\/p>\n<h1><b>\u201cSistematizar para Transformar\u201d: un nuevo diplomado del CFIPJ para educadores<\/b><\/h1>\n<p>[\/vc_column_text][vc_single_image image=\u00bb8153&#8243; img_size=\u00bbFull\u00bb add_caption=\u00bbyes\u00bb alignment=\u00bbcenter\u00bb css=\u00bb\u00bb][vc_column_text css=\u00bb\u00bb]<\/p>\n<p style=\"text-align: right;\"><b>Ver\u00f3nica Cubill\u00e1n |<\/b><span style=\"font-weight: 400;\">\u00a0<em>Referente de Comunicaci\u00f3n del Centro de Formaci\u00f3n e Investigaci\u00f3n Padre Joaqu\u00edn<\/em><\/span><\/p>\n<p style=\"text-align: right;\"><strong>Erika Espinoza |<\/strong> Docente Investigador <span style=\"font-weight: 400;\"><em>del Centro de Formaci\u00f3n e Investigaci\u00f3n Padre Joaqu\u00edn<\/em><\/span><\/p>\n<p>[\/vc_column_text][vc_separator][vc_column_text css=\u00bb\u00bb]<\/p>\n<p style=\"text-align: justify;\">El pasado 28 de octubre, el Centro de Formaci\u00f3n e Investigaci\u00f3n Padre Joaqu\u00edn (CFIPJ) dio inicio a su primer diplomado <strong>Sistematizar para Transformar<\/strong>, en alianza con el programa Fe y Alegr\u00eda Universidad. Esta iniciativa, dirigida a educadores y profesionales de los cinco institutos universitarios, es una oportunidad de \u201cformaci\u00f3n desde la experiencia\u201d, un camino que garantiza la observaci\u00f3n, reflexi\u00f3n cr\u00edtica y an\u00e1lisis de las propias pr\u00e1cticas educativas, con el objetivo de generar nuevos conocimientos y promover cambios significativos.<\/p>\n<p>&nbsp;<\/p>\n<h3 style=\"text-align: justify;\">Un viaje de aprendizaje y transformaci\u00f3n<\/h3>\n<p>&nbsp;<\/p>\n<p style=\"text-align: justify;\">Para dar la bienvenida a los participantes, el 30 de octubre se llev\u00f3 a cabo un encuentro virtual por la plataforma de Zoom. El espacio cont\u00f3 con la participaci\u00f3n de la directora del CFIPJ, Luz Bettina Fuenmayor, quien invit\u00f3 a los participantes a aprovechar al m\u00e1ximo esta oportunidad de formaci\u00f3n en sistematizaci\u00f3n. Destac\u00f3 que este diplomado no solo representa un desaf\u00edo, sino tambi\u00e9n una valiosa oportunidad para fortalecer las pr\u00e1cticas educativas en un contexto virtual.<\/p>\n<p>&nbsp;<\/p>\n<p style=\"text-align: justify;\">El objetivo, en palabras de Luz Bettina, es que los participantes \u201cadquieran nuevas herramientas para reflexionar sobre su experiencia y potenciar sus capacidades, en l\u00ednea con la visi\u00f3n de Fe y Alegr\u00eda de promover la Educaci\u00f3n Popular y la sistematizaci\u00f3n como metodolog\u00eda de investigaci\u00f3n\u201d.<\/p>\n<p>&nbsp;<\/p>\n<p style=\"text-align: justify;\">Por su parte, la profesora Ingrid Lux Gonz\u00e1lez, coordinadora del \u00e1rea de Formaci\u00f3n, enfatiz\u00f3 que esta es una propuesta centrada en un enfoque de reflexi\u00f3n cr\u00edtica de las pr\u00e1cticas educativas, con una intencionalidad clara y precisa que es \u201cformarnos para transformar lo que hacemos, nuestros centros educativos, nuestros espacios y nuestro pa\u00eds\u201d.<\/p>\n<p>&nbsp;<\/p>\n<p style=\"text-align: justify;\">La profesora Ingrid tambi\u00e9n present\u00f3 el diplomado como un viaje en el mar, donde los participantes navegar\u00e1n por diferentes momentos: \u00abMiremos la realidad\u00bb, \u00abAnalicemos cr\u00edticamente\u00bb, \u00abTransformemos nuestra pr\u00e1ctica\u00bb y \u00abValoremos nuestros aprendizajes\u00bb.<\/p>\n<p>[\/vc_column_text][vc_column_text css=\u00bb\u00bb]<\/p>\n<h3 style=\"text-align: justify;\">\u00bfQu\u00e9 aprender\u00e1n los participantes de este diplomado?<\/h3>\n<p>&nbsp;<\/p>\n<p style=\"text-align: justify;\">Al finalizar el diplomado, los participantes estar\u00e1n en capacidad de:<\/p>\n<p>&nbsp;<\/p>\n<p style=\"text-align: justify;\">&#8211; <strong>Reflexionar<\/strong> de manera cr\u00edtica y anal\u00edtica sobre su pr\u00e1ctica profesional.<\/p>\n<p>&nbsp;<\/p>\n<p style=\"text-align: justify;\">&#8211; <strong>Experimentar<\/strong> procesos de formaci\u00f3n que fortalezcan la innovaci\u00f3n y el cambio de paradigmas.<\/p>\n<p>&nbsp;<\/p>\n<p style=\"text-align: justify;\">&#8211; <strong>Transformar<\/strong> su pr\u00e1ctica profesional.<\/p>\n<p>&nbsp;<\/p>\n<p style=\"text-align: justify;\">&#8211; <strong>Sistematizar<\/strong> de manera aut\u00f3noma sus experiencias profesionales.<\/p>\n<p>[\/vc_column_text][\/vc_column][\/vc_row][vc_row css=\u00bb.vc_custom_1732096971364{background-color: #E4E4E45C !important;border-radius: 5px !important;}\u00bb][vc_column][vc_column_text css=\u00bb\u00bb]<\/p>\n<h3>Los m\u00f3dulos y tem\u00e1ticas<\/h3>\n<p>&nbsp;<\/p>\n<p><span style=\"font-weight: 400;\">Erika Espinoza, encargada de moderar el encuentro virtual, present\u00f3 las tem\u00e1ticas correspondientes de cada m\u00f3dulo. <\/span>[\/vc_column_text][vc_row_inner css=\u00bb.vc_custom_1732098198324{margin-right: 20px !important;margin-left: 20px !important;background-color: #FFFFFF !important;}\u00bb][vc_column_inner width=\u00bb1\/3&#8243;][vc_column_text css=\u00bb\u00bb]<\/p>\n<p style=\"text-align: center;\"><b>M\u00f3dulos<\/b><\/p>\n<p>[\/vc_column_text][\/vc_column_inner][vc_column_inner width=\u00bb2\/3&#8243;][vc_column_text css=\u00bb\u00bb]<\/p>\n<p style=\"text-align: center;\"><b>Tem\u00e1ticas<\/b><\/p>\n<p>[\/vc_column_text][\/vc_column_inner][\/vc_row_inner][vc_separator el_width=\u00bb80&#8243; css=\u00bb\u00bb][vc_row_inner css=\u00bb.vc_custom_1732098198324{margin-right: 20px !important;margin-left: 20px !important;background-color: #FFFFFF !important;}\u00bb][vc_column_inner width=\u00bb1\/3&#8243;][vc_column_text css=\u00bb\u00bb]<\/p>\n<p style=\"text-align: center;\"><b>0<\/b><\/p>\n<p style=\"text-align: center;\"><b>Claves para navegar<\/b><\/p>\n<p>[\/vc_column_text][\/vc_column_inner][vc_column_inner width=\u00bb2\/3&#8243;][vc_column_text css=\u00bb\u00bb]<\/p>\n<p style=\"text-align: center;\"><b>Introducci\u00f3n<\/b><\/p>\n<p style=\"text-align: center;\"><span style=\"font-weight: 400;\">Conociendo el proceso formativo<\/span><\/p>\n<p style=\"text-align: center;\"><span style=\"font-weight: 400;\">Foro: \u00bfQui\u00e9n nos acompa\u00f1a?<\/span><\/p>\n<p>[\/vc_column_text][\/vc_column_inner][\/vc_row_inner][vc_separator el_width=\u00bb80&#8243; css=\u00bb\u00bb][vc_row_inner css=\u00bb.vc_custom_1732098198324{margin-right: 20px !important;margin-left: 20px !important;background-color: #FFFFFF !important;}\u00bb][vc_column_inner width=\u00bb1\/3&#8243;][vc_column_text css=\u00bb\u00bb]<\/p>\n<p style=\"text-align: center;\"><b>I<\/b><\/p>\n<p style=\"text-align: center;\"><b>Preparemos nuestro viaje<\/b><\/p>\n<p>[\/vc_column_text][\/vc_column_inner][vc_column_inner width=\u00bb2\/3&#8243;][vc_column_text css=\u00bb\u00bb]<\/p>\n<p style=\"text-align: center;\"><b>Tema 1. <\/b><span style=\"font-weight: 400;\">La sistematizaci\u00f3n: definici\u00f3n e importancia<\/span><\/p>\n<p style=\"text-align: center;\"><b>Tema 2. <\/b><span style=\"font-weight: 400;\">Seleccionar y delimitar la experiencia a sistematizar<\/span><\/p>\n<p style=\"text-align: center;\"><b>Tema 3. <\/b><span style=\"font-weight: 400;\">Los actores de la sistematizaci\u00f3n<\/span><\/p>\n<p>[\/vc_column_text][\/vc_column_inner][\/vc_row_inner][vc_separator el_width=\u00bb80&#8243; css=\u00bb\u00bb][vc_row_inner css=\u00bb.vc_custom_1732098198324{margin-right: 20px !important;margin-left: 20px !important;background-color: #FFFFFF !important;}\u00bb][vc_column_inner width=\u00bb1\/3&#8243;][vc_column_text css=\u00bb\u00bb]<\/p>\n<p style=\"text-align: center;\"><b>II<\/b><\/p>\n<p style=\"text-align: center;\"><b>Miremos el mapa<\/b><\/p>\n<p>[\/vc_column_text][\/vc_column_inner][vc_column_inner width=\u00bb2\/3&#8243;][vc_column_text css=\u00bb\u00bb]<\/p>\n<p style=\"text-align: center;\"><b>Tema 4. <\/b><span style=\"font-weight: 400;\">Los objetivos: punto de partida y llegada<\/span><\/p>\n<p style=\"text-align: center;\"><b>Tema 5. <\/b><span style=\"font-weight: 400;\">Prop\u00f3sitos de la sistematizaci\u00f3n<\/span><\/p>\n<p style=\"text-align: center;\"><b>Tema 6. <\/b><span style=\"font-weight: 400;\">El nivel de la sistematizaci\u00f3n<\/span><\/p>\n<p>[\/vc_column_text][\/vc_column_inner][\/vc_row_inner][vc_separator el_width=\u00bb80&#8243; css=\u00bb\u00bb][vc_row_inner css=\u00bb.vc_custom_1732098198324{margin-right: 20px !important;margin-left: 20px !important;background-color: #FFFFFF !important;}\u00bb][vc_column_inner width=\u00bb1\/3&#8243;][vc_column_text css=\u00bb\u00bb]<\/p>\n<p style=\"text-align: center;\"><b>III<\/b><\/p>\n<p style=\"text-align: center;\"><b>Planifiquemos la ruta del viaje<\/b><\/p>\n<p>[\/vc_column_text][\/vc_column_inner][vc_column_inner width=\u00bb2\/3&#8243;][vc_column_text css=\u00bb\u00bb]<\/p>\n<p style=\"text-align: center;\"><b>Tema 7. <\/b><span style=\"font-weight: 400;\">Precisar el eje de la sistematizaci\u00f3n<\/span><\/p>\n<p style=\"text-align: center;\"><b>Tema 8. <\/b><span style=\"font-weight: 400;\">Trazar la ruta de la sistematizaci\u00f3n<\/span><\/p>\n<p>[\/vc_column_text][\/vc_column_inner][\/vc_row_inner][vc_separator el_width=\u00bb80&#8243; css=\u00bb\u00bb][vc_row_inner css=\u00bb.vc_custom_1732098198324{margin-right: 20px !important;margin-left: 20px !important;background-color: #FFFFFF !important;}\u00bb][vc_column_inner width=\u00bb1\/3&#8243;][vc_column_text css=\u00bb\u00bb]<\/p>\n<p style=\"text-align: center;\"><b>IV<\/b><\/p>\n<p style=\"text-align: center;\"><b>Icemos velas y relatemos nuestra primera bit\u00e1cora<\/b><\/p>\n<p>[\/vc_column_text][\/vc_column_inner][vc_column_inner width=\u00bb2\/3&#8243;][vc_column_text css=\u00bb\u00bb]<\/p>\n<p style=\"text-align: center;\"><b>Tema 9. <\/b><span style=\"font-weight: 400;\">Instrumentos para reconstruir la historia<\/span><\/p>\n<p style=\"text-align: center;\"><b>Tema 10. <\/b><span style=\"font-weight: 400;\">Reconstruir de forma ordenada la historia vivida<\/span><\/p>\n<p style=\"text-align: center;\"><b>Tema 11. <\/b><span style=\"font-weight: 400;\">Primer relato de la experiencia<\/span><\/p>\n<p>[\/vc_column_text][\/vc_column_inner][\/vc_row_inner][vc_separator el_width=\u00bb80&#8243; css=\u00bb\u00bb][vc_row_inner css=\u00bb.vc_custom_1732098198324{margin-right: 20px !important;margin-left: 20px !important;background-color: #FFFFFF !important;}\u00bb][vc_column_inner width=\u00bb1\/3&#8243;][vc_column_text css=\u00bb\u00bb]<\/p>\n<p style=\"text-align: center;\"><b>V<\/b><\/p>\n<p style=\"text-align: center;\"><b>Reconstruyamos la carta de navegaci\u00f3n<\/b><\/p>\n<p>[\/vc_column_text][\/vc_column_inner][vc_column_inner width=\u00bb2\/3&#8243;][vc_column_text css=\u00bb\u00bb]<\/p>\n<p style=\"text-align: center;\"><b>Tema 12. <\/b><span style=\"font-weight: 400;\">Descubramos las categor\u00edas de la pr\u00e1ctica<\/span><\/p>\n<p style=\"text-align: center;\"><b>Tema 13. <\/b><span style=\"font-weight: 400;\">La descripci\u00f3n anal\u00edtica e interpretaci\u00f3n de la experiencia<\/span><\/p>\n<p style=\"text-align: center;\"><b>Tema 14. <\/b><span style=\"font-weight: 400;\">Contrastamos y construimos nuevos saberes<\/span><\/p>\n<p>[\/vc_column_text][\/vc_column_inner][\/vc_row_inner][vc_separator el_width=\u00bb80&#8243; css=\u00bb\u00bb][vc_row_inner css=\u00bb.vc_custom_1732098198324{margin-right: 20px !important;margin-left: 20px !important;background-color: #FFFFFF !important;}\u00bb][vc_column_inner width=\u00bb1\/3&#8243;][vc_column_text css=\u00bb\u00bb]<\/p>\n<p style=\"text-align: center;\"><b>VI<\/b><\/p>\n<p style=\"text-align: center;\"><b>Llegamos a tierra firme<\/b><\/p>\n<p>[\/vc_column_text][\/vc_column_inner][vc_column_inner width=\u00bb2\/3&#8243;][vc_column_text css=\u00bb\u00bb]<\/p>\n<p style=\"text-align: center;\"><b>Tema 15. <\/b><span style=\"font-weight: 400;\">Organizar y analizar los aprendizajes obtenidos<\/span><\/p>\n<p style=\"text-align: center;\"><b>\u00a0Tema 16. <span style=\"font-weight: 400;\">Establecer oportunidades de mejora<\/span><\/b><\/p>\n<p>[\/vc_column_text][\/vc_column_inner][\/vc_row_inner][vc_separator el_width=\u00bb80&#8243; css=\u00bb\u00bb][vc_row_inner css=\u00bb.vc_custom_1732098198324{margin-right: 20px !important;margin-left: 20px !important;background-color: #FFFFFF !important;}\u00bb][vc_column_inner width=\u00bb1\/3&#8243;][vc_column_text css=\u00bb\u00bb]<\/p>\n<p style=\"text-align: center;\"><b>VII<\/b><\/p>\n<p style=\"text-align: center;\"><b>Comunicamos la experiencia del viaje<\/b><\/p>\n<p>[\/vc_column_text][\/vc_column_inner][vc_column_inner width=\u00bb2\/3&#8243;][vc_column_text css=\u00bb\u00bb]<\/p>\n<p style=\"text-align: center;\"><b>Tema 17<\/b><span style=\"font-weight: 400;\">. Escoger un estilo de redacci\u00f3n<\/span><\/p>\n<p style=\"text-align: center;\"><b>Tema 18. <\/b><span style=\"font-weight: 400;\">Estrategias de organizaci\u00f3n para ampliar la sistematizaci\u00f3n<\/span><\/p>\n<p style=\"text-align: center;\"><b>Tema 19. <\/b><span style=\"font-weight: 400;\">Recrear la sistematizaci\u00f3n cuidando la escritura<\/span><\/p>\n<p>[\/vc_column_text][\/vc_column_inner][\/vc_row_inner][vc_separator el_width=\u00bb80&#8243; css=\u00bb\u00bb][\/vc_column][\/vc_row][vc_row][vc_column][vc_column_text css=\u00bb\u00bb]<\/p>\n<h3 style=\"text-align: left;\">Un equipo de expertos para acompa\u00f1arte<\/h3>\n<p>&nbsp;<\/p>\n<p style=\"text-align: justify;\"><span style=\"font-weight: 400;\">El diplomado cuenta con un equipo de tutores altamente calificados, quienes guiar\u00e1n a los participantes a lo largo de los siete m\u00f3dulos que componen el programa. Entre los tutores se encuentran destacados profesionales en el \u00e1rea de la educaci\u00f3n y la sistematizaci\u00f3n, quienes aportar\u00e1n sus conocimientos y experiencias para enriquecer el proceso de aprendizaje.<\/span><\/p>\n<p>&nbsp;<\/p>\n<h3 style=\"text-align: left;\">Recorrido por la plataforma<\/h3>\n<p>&nbsp;<\/p>\n<p style=\"text-align: justify;\"><span style=\"font-weight: 400;\">Para cerrar el encuentro, se realiz\u00f3 un recorrido por la plataforma virtual de CFIPJ. Se invit\u00f3 a cada participante a navegar por cada uno de los espacios y disfrutar del m\u00f3dulo 0, que tendr\u00e1 los siguientes espacios: 1) \u00bfQui\u00e9nes nos acompa\u00f1an?, 2) Conoce la propuesta formativa, 3) La ruta de sistematizaci\u00f3n y 4) el Manual de recursos y herramientas.<\/span><\/p>\n<p>&nbsp;<\/p>\n<p style=\"text-align: justify;\"><span style=\"font-weight: 400;\">Desde el CFIPJ, agradecemos a cada uno de los participantes e invitados especiales por aceptar el reto y unirse a esta propuesta formativa, basada en la metodolog\u00eda de la Educaci\u00f3n Popular, que les permitir\u00e1 desarrollar competencias claves como la reflexi\u00f3n cr\u00edtica, la innovaci\u00f3n y la transformaci\u00f3n de sus pr\u00e1cticas profesionales. Agradecemos tambi\u00e9n al programa de Educaci\u00f3n Universitaria por asumir la invitaci\u00f3n y la certificaci\u00f3n del Diplomado.<\/span><\/p>\n<p>[\/vc_column_text][\/vc_column][\/vc_row][vc_row][vc_column][vc_column_text css=\u00bb\u00bb]<\/p>\n<p style=\"text-align: right;\"><strong>Caracas, 20 de noviembre de 2024<\/strong><\/p>\n<p>[\/vc_column_text][\/vc_column][\/vc_row]<\/p>\n<\/div>","protected":false},"excerpt":{"rendered":"<div style=\"height: 265px\">El objetivo es que los participantes adquieran nuevas herramientas para reflexionar sobre su experiencia y potenciar sus capacidades, en l\u00ednea con la visi\u00f3n de Fe y Alegr\u00eda de promover la Educaci\u00f3n Popular<\/div>\n","protected":false},"author":6,"featured_media":8153,"comment_status":"open","ping_status":"open","sticky":false,"template":"","format":"standard","meta":{"_acf_changed":false,"footnotes":""},"categories":[746],"tags":[430,973],"post_folder":[],"class_list":["post-8152","post","type-post","status-publish","format-standard","has-post-thumbnail","hentry","category-boletin-interno","tag-cfipj","tag-docentes"],"acf":[],"yoast_head":"<!-- This site is optimized with the Yoast SEO plugin v27.5 - https:\/\/yoast.com\/product\/yoast-seo-wordpress\/ -->\n<title>\u201cSistematizar para Transformar\u201d: un nuevo diplomado del CFIPJ para educadores - Fe y Alegr\u00eda en Venezuela<\/title>\n<meta name=\"description\" content=\"El objetivo es que los participantes adquieran nuevas herramientas para reflexionar sobre su experiencia y potenciar sus capacidades\" \/>\n<meta name=\"robots\" content=\"index, follow, max-snippet:-1, max-image-preview:large, max-video-preview:-1\" \/>\n<link rel=\"canonical\" href=\"https:\/\/www.feyalegria.org\/venezuela\/sistematizar-para-transformar-un-nuevo-diplomado-del-cfipj-para-educadores\/\" \/>\n<meta property=\"og:locale\" content=\"es_ES\" \/>\n<meta property=\"og:type\" content=\"article\" \/>\n<meta property=\"og:title\" content=\"\u201cSistematizar para Transformar\u201d: un nuevo diplomado del CFIPJ para educadores - Fe y Alegr\u00eda en Venezuela\" \/>\n<meta property=\"og:description\" content=\"El objetivo es que los participantes adquieran nuevas herramientas para reflexionar sobre su experiencia y potenciar sus capacidades\" \/>\n<meta property=\"og:url\" content=\"https:\/\/www.feyalegria.org\/venezuela\/sistematizar-para-transformar-un-nuevo-diplomado-del-cfipj-para-educadores\/\" \/>\n<meta property=\"og:site_name\" content=\"Fe y Alegr\u00eda en Venezuela\" \/>\n<meta property=\"article:published_time\" content=\"2024-11-20T11:31:23+00:00\" \/>\n<meta property=\"article:modified_time\" content=\"2024-11-20T11:34:29+00:00\" \/>\n<meta property=\"og:image\" content=\"https:\/\/d3pugrm67vf9n7.cloudfront.net\/wp-content\/uploads\/sites\/4\/2024\/11\/20095625\/CFIPJ-33-1.jpeg\" \/>\n\t<meta property=\"og:image:width\" content=\"1440\" \/>\n\t<meta property=\"og:image:height\" content=\"900\" \/>\n\t<meta property=\"og:image:type\" content=\"image\/jpeg\" \/>\n<meta name=\"author\" content=\"Erika Briceno\" \/>\n<meta name=\"twitter:card\" content=\"summary_large_image\" \/>\n<meta name=\"twitter:label1\" content=\"Escrito por\" \/>\n\t<meta name=\"twitter:data1\" content=\"Erika Briceno\" \/>\n\t<meta name=\"twitter:label2\" content=\"Tiempo de lectura\" \/>\n\t<meta name=\"twitter:data2\" content=\"5 minutos\" \/>\n<script type=\"application\/ld+json\" class=\"yoast-schema-graph\">{\"@context\":\"https:\\\/\\\/schema.org\",\"@graph\":[{\"@type\":\"Article\",\"@id\":\"https:\\\/\\\/www.feyalegria.org\\\/venezuela\\\/sistematizar-para-transformar-un-nuevo-diplomado-del-cfipj-para-educadores\\\/#article\",\"isPartOf\":{\"@id\":\"https:\\\/\\\/www.feyalegria.org\\\/venezuela\\\/sistematizar-para-transformar-un-nuevo-diplomado-del-cfipj-para-educadores\\\/\"},\"author\":{\"name\":\"Erika Briceno\",\"@id\":\"https:\\\/\\\/www.feyalegria.org\\\/venezuela\\\/#\\\/schema\\\/person\\\/fcd504e06f93320841b99f79f3ab0180\"},\"headline\":\"\u201cSistematizar para Transformar\u201d: un nuevo diplomado del CFIPJ para educadores\",\"datePublished\":\"2024-11-20T11:31:23+00:00\",\"dateModified\":\"2024-11-20T11:34:29+00:00\",\"mainEntityOfPage\":{\"@id\":\"https:\\\/\\\/www.feyalegria.org\\\/venezuela\\\/sistematizar-para-transformar-un-nuevo-diplomado-del-cfipj-para-educadores\\\/\"},\"wordCount\":1457,\"commentCount\":0,\"image\":{\"@id\":\"https:\\\/\\\/www.feyalegria.org\\\/venezuela\\\/sistematizar-para-transformar-un-nuevo-diplomado-del-cfipj-para-educadores\\\/#primaryimage\"},\"thumbnailUrl\":\"https:\\\/\\\/d3pugrm67vf9n7.cloudfront.net\\\/wp-content\\\/uploads\\\/sites\\\/4\\\/2024\\\/11\\\/20095625\\\/CFIPJ-33-1.jpeg\",\"keywords\":[\"CFIPJ\",\"Docentes\"],\"articleSection\":[\"Bolet\u00edn Interno\"],\"inLanguage\":\"es\",\"potentialAction\":[{\"@type\":\"CommentAction\",\"name\":\"Comment\",\"target\":[\"https:\\\/\\\/www.feyalegria.org\\\/venezuela\\\/sistematizar-para-transformar-un-nuevo-diplomado-del-cfipj-para-educadores\\\/#respond\"]}]},{\"@type\":\"WebPage\",\"@id\":\"https:\\\/\\\/www.feyalegria.org\\\/venezuela\\\/sistematizar-para-transformar-un-nuevo-diplomado-del-cfipj-para-educadores\\\/\",\"url\":\"https:\\\/\\\/www.feyalegria.org\\\/venezuela\\\/sistematizar-para-transformar-un-nuevo-diplomado-del-cfipj-para-educadores\\\/\",\"name\":\"\u201cSistematizar para Transformar\u201d: un nuevo diplomado del CFIPJ para educadores - Fe y Alegr\u00eda en Venezuela\",\"isPartOf\":{\"@id\":\"https:\\\/\\\/www.feyalegria.org\\\/venezuela\\\/#website\"},\"primaryImageOfPage\":{\"@id\":\"https:\\\/\\\/www.feyalegria.org\\\/venezuela\\\/sistematizar-para-transformar-un-nuevo-diplomado-del-cfipj-para-educadores\\\/#primaryimage\"},\"image\":{\"@id\":\"https:\\\/\\\/www.feyalegria.org\\\/venezuela\\\/sistematizar-para-transformar-un-nuevo-diplomado-del-cfipj-para-educadores\\\/#primaryimage\"},\"thumbnailUrl\":\"https:\\\/\\\/d3pugrm67vf9n7.cloudfront.net\\\/wp-content\\\/uploads\\\/sites\\\/4\\\/2024\\\/11\\\/20095625\\\/CFIPJ-33-1.jpeg\",\"datePublished\":\"2024-11-20T11:31:23+00:00\",\"dateModified\":\"2024-11-20T11:34:29+00:00\",\"author\":{\"@id\":\"https:\\\/\\\/www.feyalegria.org\\\/venezuela\\\/#\\\/schema\\\/person\\\/fcd504e06f93320841b99f79f3ab0180\"},\"description\":\"El objetivo es que los participantes adquieran nuevas herramientas para reflexionar sobre su experiencia y potenciar sus capacidades\",\"inLanguage\":\"es\",\"potentialAction\":[{\"@type\":\"ReadAction\",\"target\":[\"https:\\\/\\\/www.feyalegria.org\\\/venezuela\\\/sistematizar-para-transformar-un-nuevo-diplomado-del-cfipj-para-educadores\\\/\"]}]},{\"@type\":\"ImageObject\",\"inLanguage\":\"es\",\"@id\":\"https:\\\/\\\/www.feyalegria.org\\\/venezuela\\\/sistematizar-para-transformar-un-nuevo-diplomado-del-cfipj-para-educadores\\\/#primaryimage\",\"url\":\"https:\\\/\\\/d3pugrm67vf9n7.cloudfront.net\\\/wp-content\\\/uploads\\\/sites\\\/4\\\/2024\\\/11\\\/20095625\\\/CFIPJ-33-1.jpeg\",\"contentUrl\":\"https:\\\/\\\/d3pugrm67vf9n7.cloudfront.net\\\/wp-content\\\/uploads\\\/sites\\\/4\\\/2024\\\/11\\\/20095625\\\/CFIPJ-33-1.jpeg\",\"width\":1440,\"height\":900},{\"@type\":\"WebSite\",\"@id\":\"https:\\\/\\\/www.feyalegria.org\\\/venezuela\\\/#website\",\"url\":\"https:\\\/\\\/www.feyalegria.org\\\/venezuela\\\/\",\"name\":\"Fe y Alegr\u00eda en Venezuela\",\"description\":\"\",\"potentialAction\":[{\"@type\":\"SearchAction\",\"target\":{\"@type\":\"EntryPoint\",\"urlTemplate\":\"https:\\\/\\\/www.feyalegria.org\\\/venezuela\\\/?s={search_term_string}\"},\"query-input\":{\"@type\":\"PropertyValueSpecification\",\"valueRequired\":true,\"valueName\":\"search_term_string\"}}],\"inLanguage\":\"es\"},{\"@type\":\"Person\",\"@id\":\"https:\\\/\\\/www.feyalegria.org\\\/venezuela\\\/#\\\/schema\\\/person\\\/fcd504e06f93320841b99f79f3ab0180\",\"name\":\"Erika Briceno\",\"url\":\"https:\\\/\\\/www.feyalegria.org\\\/venezuela\\\/author\\\/comunfifya\\\/\"}]}<\/script>\n<!-- \/ Yoast SEO plugin. -->","yoast_head_json":{"title":"\u201cSistematizar para Transformar\u201d: un nuevo diplomado del CFIPJ para educadores - Fe y Alegr\u00eda en Venezuela","description":"El objetivo es que los participantes adquieran nuevas herramientas para reflexionar sobre su experiencia y potenciar sus capacidades","robots":{"index":"index","follow":"follow","max-snippet":"max-snippet:-1","max-image-preview":"max-image-preview:large","max-video-preview":"max-video-preview:-1"},"canonical":"https:\/\/www.feyalegria.org\/venezuela\/sistematizar-para-transformar-un-nuevo-diplomado-del-cfipj-para-educadores\/","og_locale":"es_ES","og_type":"article","og_title":"\u201cSistematizar para Transformar\u201d: un nuevo diplomado del CFIPJ para educadores - Fe y Alegr\u00eda en Venezuela","og_description":"El objetivo es que los participantes adquieran nuevas herramientas para reflexionar sobre su experiencia y potenciar sus capacidades","og_url":"https:\/\/www.feyalegria.org\/venezuela\/sistematizar-para-transformar-un-nuevo-diplomado-del-cfipj-para-educadores\/","og_site_name":"Fe y Alegr\u00eda en Venezuela","article_published_time":"2024-11-20T11:31:23+00:00","article_modified_time":"2024-11-20T11:34:29+00:00","og_image":[{"width":1440,"height":900,"url":"https:\/\/d3pugrm67vf9n7.cloudfront.net\/wp-content\/uploads\/sites\/4\/2024\/11\/20095625\/CFIPJ-33-1.jpeg","type":"image\/jpeg"}],"author":"Erika Briceno","twitter_card":"summary_large_image","twitter_misc":{"Escrito por":"Erika Briceno","Tiempo de lectura":"5 minutos"},"schema":{"@context":"https:\/\/schema.org","@graph":[{"@type":"Article","@id":"https:\/\/www.feyalegria.org\/venezuela\/sistematizar-para-transformar-un-nuevo-diplomado-del-cfipj-para-educadores\/#article","isPartOf":{"@id":"https:\/\/www.feyalegria.org\/venezuela\/sistematizar-para-transformar-un-nuevo-diplomado-del-cfipj-para-educadores\/"},"author":{"name":"Erika Briceno","@id":"https:\/\/www.feyalegria.org\/venezuela\/#\/schema\/person\/fcd504e06f93320841b99f79f3ab0180"},"headline":"\u201cSistematizar para Transformar\u201d: un nuevo diplomado del CFIPJ para educadores","datePublished":"2024-11-20T11:31:23+00:00","dateModified":"2024-11-20T11:34:29+00:00","mainEntityOfPage":{"@id":"https:\/\/www.feyalegria.org\/venezuela\/sistematizar-para-transformar-un-nuevo-diplomado-del-cfipj-para-educadores\/"},"wordCount":1457,"commentCount":0,"image":{"@id":"https:\/\/www.feyalegria.org\/venezuela\/sistematizar-para-transformar-un-nuevo-diplomado-del-cfipj-para-educadores\/#primaryimage"},"thumbnailUrl":"https:\/\/d3pugrm67vf9n7.cloudfront.net\/wp-content\/uploads\/sites\/4\/2024\/11\/20095625\/CFIPJ-33-1.jpeg","keywords":["CFIPJ","Docentes"],"articleSection":["Bolet\u00edn Interno"],"inLanguage":"es","potentialAction":[{"@type":"CommentAction","name":"Comment","target":["https:\/\/www.feyalegria.org\/venezuela\/sistematizar-para-transformar-un-nuevo-diplomado-del-cfipj-para-educadores\/#respond"]}]},{"@type":"WebPage","@id":"https:\/\/www.feyalegria.org\/venezuela\/sistematizar-para-transformar-un-nuevo-diplomado-del-cfipj-para-educadores\/","url":"https:\/\/www.feyalegria.org\/venezuela\/sistematizar-para-transformar-un-nuevo-diplomado-del-cfipj-para-educadores\/","name":"\u201cSistematizar para Transformar\u201d: un nuevo diplomado del CFIPJ para educadores - Fe y Alegr\u00eda en Venezuela","isPartOf":{"@id":"https:\/\/www.feyalegria.org\/venezuela\/#website"},"primaryImageOfPage":{"@id":"https:\/\/www.feyalegria.org\/venezuela\/sistematizar-para-transformar-un-nuevo-diplomado-del-cfipj-para-educadores\/#primaryimage"},"image":{"@id":"https:\/\/www.feyalegria.org\/venezuela\/sistematizar-para-transformar-un-nuevo-diplomado-del-cfipj-para-educadores\/#primaryimage"},"thumbnailUrl":"https:\/\/d3pugrm67vf9n7.cloudfront.net\/wp-content\/uploads\/sites\/4\/2024\/11\/20095625\/CFIPJ-33-1.jpeg","datePublished":"2024-11-20T11:31:23+00:00","dateModified":"2024-11-20T11:34:29+00:00","author":{"@id":"https:\/\/www.feyalegria.org\/venezuela\/#\/schema\/person\/fcd504e06f93320841b99f79f3ab0180"},"description":"El objetivo es que los participantes adquieran nuevas herramientas para reflexionar sobre su experiencia y potenciar sus capacidades","inLanguage":"es","potentialAction":[{"@type":"ReadAction","target":["https:\/\/www.feyalegria.org\/venezuela\/sistematizar-para-transformar-un-nuevo-diplomado-del-cfipj-para-educadores\/"]}]},{"@type":"ImageObject","inLanguage":"es","@id":"https:\/\/www.feyalegria.org\/venezuela\/sistematizar-para-transformar-un-nuevo-diplomado-del-cfipj-para-educadores\/#primaryimage","url":"https:\/\/d3pugrm67vf9n7.cloudfront.net\/wp-content\/uploads\/sites\/4\/2024\/11\/20095625\/CFIPJ-33-1.jpeg","contentUrl":"https:\/\/d3pugrm67vf9n7.cloudfront.net\/wp-content\/uploads\/sites\/4\/2024\/11\/20095625\/CFIPJ-33-1.jpeg","width":1440,"height":900},{"@type":"WebSite","@id":"https:\/\/www.feyalegria.org\/venezuela\/#website","url":"https:\/\/www.feyalegria.org\/venezuela\/","name":"Fe y Alegr\u00eda en Venezuela","description":"","potentialAction":[{"@type":"SearchAction","target":{"@type":"EntryPoint","urlTemplate":"https:\/\/www.feyalegria.org\/venezuela\/?s={search_term_string}"},"query-input":{"@type":"PropertyValueSpecification","valueRequired":true,"valueName":"search_term_string"}}],"inLanguage":"es"},{"@type":"Person","@id":"https:\/\/www.feyalegria.org\/venezuela\/#\/schema\/person\/fcd504e06f93320841b99f79f3ab0180","name":"Erika Briceno","url":"https:\/\/www.feyalegria.org\/venezuela\/author\/comunfifya\/"}]}},"_links":{"self":[{"href":"https:\/\/www.feyalegria.org\/venezuela\/wp-json\/wp\/v2\/posts\/8152","targetHints":{"allow":["GET"]}}],"collection":[{"href":"https:\/\/www.feyalegria.org\/venezuela\/wp-json\/wp\/v2\/posts"}],"about":[{"href":"https:\/\/www.feyalegria.org\/venezuela\/wp-json\/wp\/v2\/types\/post"}],"author":[{"embeddable":true,"href":"https:\/\/www.feyalegria.org\/venezuela\/wp-json\/wp\/v2\/users\/6"}],"replies":[{"embeddable":true,"href":"https:\/\/www.feyalegria.org\/venezuela\/wp-json\/wp\/v2\/comments?post=8152"}],"version-history":[{"count":0,"href":"https:\/\/www.feyalegria.org\/venezuela\/wp-json\/wp\/v2\/posts\/8152\/revisions"}],"wp:featuredmedia":[{"embeddable":true,"href":"https:\/\/www.feyalegria.org\/venezuela\/wp-json\/wp\/v2\/media\/8153"}],"wp:attachment":[{"href":"https:\/\/www.feyalegria.org\/venezuela\/wp-json\/wp\/v2\/media?parent=8152"}],"wp:term":[{"taxonomy":"category","embeddable":true,"href":"https:\/\/www.feyalegria.org\/venezuela\/wp-json\/wp\/v2\/categories?post=8152"},{"taxonomy":"post_tag","embeddable":true,"href":"https:\/\/www.feyalegria.org\/venezuela\/wp-json\/wp\/v2\/tags?post=8152"},{"taxonomy":"post_folder","embeddable":true,"href":"https:\/\/www.feyalegria.org\/venezuela\/wp-json\/wp\/v2\/post_folder?post=8152"}],"curies":[{"name":"wp","href":"https:\/\/api.w.org\/{rel}","templated":true}]}}