 {"id":8250,"date":"2024-11-27T19:44:20","date_gmt":"2024-11-27T19:44:20","guid":{"rendered":"https:\/\/www.feyalegria.org\/venezuela\/?p=8250"},"modified":"2024-11-27T20:39:26","modified_gmt":"2024-11-27T20:39:26","slug":"en-un-webinar-fe-y-alegria-reflexionara-sobre-el-aporte-de-las-mujeres-y-las-ninas-para-prevenir-la-violencia","status":"publish","type":"post","link":"https:\/\/www.feyalegria.org\/venezuela\/en-un-webinar-fe-y-alegria-reflexionara-sobre-el-aporte-de-las-mujeres-y-las-ninas-para-prevenir-la-violencia\/","title":{"rendered":"En un webinar Fe y Alegr\u00eda reflexionar\u00e1 sobre el aporte de las mujeres y las ni\u00f1as para prevenir la violencia"},"content":{"rendered":"<div class=\"wpb-content-wrapper\"><p>[vc_row][vc_column][vc_column_text css=\u00bb\u00bb]<\/p>\n<h1><b>En un webinar Fe y Alegr\u00eda reflexionar\u00e1 sobre el aporte de las mujeres y las ni\u00f1as para prevenir la violencia\u00a0<\/b><\/h1>\n<p>[\/vc_column_text][vc_single_image image=\u00bb8253&#8243; img_size=\u00bbfull\u00bb add_caption=\u00bbyes\u00bb alignment=\u00bbcenter\u00bb css=\u00bb\u00bb][vc_column_text css=\u00bb\u00bb]<\/p>\n<p style=\"text-align: right;\"><b>Shirley G\u00f3mez | <\/b><em>Referente de Comunicaci\u00f3n de Fe y Alegr\u00eda EduComunicaci\u00f3n<\/em><\/p>\n<p>[\/vc_column_text][vc_separator][vc_column_text css=\u00bb\u00bb]<\/p>\n<p style=\"text-align: justify;\"><span style=\"font-weight: 400;\">En el marco de la conmemoraci\u00f3n del D\u00eda Internacional de la Eliminaci\u00f3n de la Violencia contra la Mujer, nuestra compa\u00f1era Yelitza Guill\u00e9n, coordinadora nacional de pedagog\u00eda del programa EduComunicaci\u00f3n, representar\u00e1 a Fe y Alegr\u00eda Venezuela en el webinar \u00abUnidas por el derecho a una vida plena y sin violencia\u00bb, organizado por la Federaci\u00f3n Internacional y que ser\u00e1 transmitido por Facebook el pr\u00f3ximo 29 de noviembre a las 3 de la tarde (Hora Venezuela) a trav\u00e9s del siguiente enlace: <strong><a href=\"https:\/\/www.facebook.com\/share\/17udxfwwWb\/?mibextid=9l3rBW\"><u>https:\/\/www.facebook.com\/share\/17udxfwwWb\/?mibextid=9l3rBW<\/u><\/a><\/strong><\/span><\/p>\n<p style=\"text-align: justify;\"><span style=\"font-weight: 400;\"><br \/>\n<img loading=\"lazy\" decoding=\"async\" class=\" wp-image-8254 alignright\" src=\"https:\/\/d3pugrm67vf9n7.cloudfront.net\/wp-content\/uploads\/sites\/4\/2024\/11\/27193006\/Educomunicacion-35-2-300x300.jpg\" alt=\"\" width=\"407\" height=\"407\" srcset=\"https:\/\/d3pugrm67vf9n7.cloudfront.net\/wp-content\/uploads\/sites\/4\/2024\/11\/27193006\/Educomunicacion-35-2-300x300.jpg 300w, https:\/\/d3pugrm67vf9n7.cloudfront.net\/wp-content\/uploads\/sites\/4\/2024\/11\/27193006\/Educomunicacion-35-2-150x150.jpg 150w, https:\/\/d3pugrm67vf9n7.cloudfront.net\/wp-content\/uploads\/sites\/4\/2024\/11\/27193006\/Educomunicacion-35-2-768x768.jpg 768w, https:\/\/d3pugrm67vf9n7.cloudfront.net\/wp-content\/uploads\/sites\/4\/2024\/11\/27193006\/Educomunicacion-35-2.jpg 800w\" sizes=\"auto, (max-width: 407px) 100vw, 407px\" \/>En una entrevista concedida al programa Alianza por la Educaci\u00f3n, transmitido por la Red Nacional de Radio Fe y Alegr\u00eda, Guill\u00e9n destac\u00f3 la importancia de la educaci\u00f3n para prevenir y combatir la violencia hacia las mujeres.<\/span><\/p>\n<p style=\"text-align: justify;\"><span style=\"font-weight: 400;\"><br \/>\nDesde 2020, cuando aumentaron los casos de abusos y feminicidios, EduComunicaci\u00f3n ha enfocado sus esfuerzos en los Espacios Presenciales de Aprendizaje (EPA) para brindar herramientas a los participantes y orientarlos sobre c\u00f3mo actuar ante situaciones de maltrato.<\/span><\/p>\n<p style=\"text-align: justify;\"><span style=\"font-weight: 400;\"><br \/>\nEn ese sentido, se\u00f1al\u00f3 que en la mayor\u00eda de los casos cuesta reconocer cuando se es v\u00edctima porque se ve como algo normal un evento de este tipo ya sea en las zonas urbanas, rurales, pueblos ind\u00edgenas y hasta en la comunidad privada de libertad.<\/span><\/p>\n<p style=\"text-align: justify;\"><span style=\"font-weight: 400;\"><br \/>\nLa coordinadora nacional se\u00f1al\u00f3 que, lamentablemente, muchas mujeres no identifican las situaciones de violencia que viven, ya sea por falta de informaci\u00f3n, miedo o por considerarlas normales.<\/span><\/p>\n<p style=\"text-align: justify;\"><span style=\"font-weight: 400;\"><br \/>\nPara Guill\u00e9n, la educaci\u00f3n es un derecho habilitador de otros derechos, \u201cnecesitamos educarnos y aumentar los espacios de debate, para que cada vez sean m\u00e1s mujeres las que se identifiquen como v\u00edctimas de violencia y abuso de todo tipo, solo as\u00ed se erradica el problema\u201d, afirm\u00f3.<\/span><\/p>\n<h3 style=\"text-align: justify;\"><span style=\"font-weight: 400;\"><br \/>\nNuestro aporte educativo<\/span><\/h3>\n<p style=\"text-align: justify;\"><span style=\"font-weight: 400;\"><br \/>\nGuill\u00e9n detall\u00f3 que, a trav\u00e9s del programa EduComunicaci\u00f3n, han desarrollado gu\u00edas de trabajo que facilitan la identificaci\u00f3n de deberes y derechos en relaciones de pareja. Mediante grupos focales en los 117 Espacios Presenciales de Aprendizaje (EPA) y las 63 Aulas de Aprendizaje (ADA), se promueve la construcci\u00f3n de relaciones basadas en el respeto y la responsabilidad.<\/span><\/p>\n<p style=\"text-align: justify;\"><span style=\"font-weight: 400;\"><br \/>\nEstas gu\u00edas utilizan diversas herramientas, como el an\u00e1lisis de canciones, pel\u00edculas, publicaciones en redes sociales y testimonios reales, para ayudar a los participantes a identificar situaciones de abuso y maltrato, tanto directas como indirectas.<\/span><\/p>\n<p style=\"text-align: justify;\"><span style=\"font-weight: 400;\"><br \/>\n\u00abEs fundamental que las personas reconozcan cuando est\u00e1n siendo v\u00edctimas o perpetradores de violencia\u00bb, afirm\u00f3 Guill\u00e9n. \u00abSolo a trav\u00e9s de esta identificaci\u00f3n podemos generar cambios significativos\u00bb. La coordinadora destac\u00f3 experiencias exitosas en los estados Lara y Zulia, especialmente en el municipio Guajira, donde se ha trabajado de manera proactiva en la detecci\u00f3n y prevenci\u00f3n de la violencia contra las adolescentes participantes del programa.<\/span><\/p>\n<h3 style=\"text-align: justify;\"><span style=\"font-weight: 400;\"><br \/>\nSensibilizaci\u00f3n del entorno<\/span><\/h3>\n<p style=\"text-align: justify;\"><span style=\"font-weight: 400;\"><br \/>\nYelitza Guill\u00e9n destac\u00f3 que la Federaci\u00f3n Internacional de Fe y Alegr\u00eda cuenta con una iniciativa de g\u00e9nero que promueve una metodolog\u00eda de transformaci\u00f3n para generar cambios profundos. Seg\u00fan Guill\u00e9n, la familia es un pilar fundamental para construir sociedades igualitarias y pac\u00edficas, ya que es en el hogar donde se deben inculcar los valores de igualdad y respeto.<\/span><\/p>\n<p style=\"text-align: justify;\"><span style=\"font-weight: 400;\"><br \/>\nAl referirse al derecho al descanso, Guill\u00e9n se\u00f1al\u00f3 que a pesar de trabajar las mismas horas que los hombres, muchas mujeres asumen la mayor parte de las tareas dom\u00e9sticas, lo que evidencia una desigualdad en el reparto de responsabilidades.<\/span><\/p>\n<p style=\"text-align: justify;\"><span style=\"font-weight: 400;\"><br \/>\nFinalmente, la coordinadora nacional de pedagog\u00eda enfatiz\u00f3 la importancia de brindar apoyo a las mujeres que sufren violencia.<br \/>\n<\/span><\/p>\n<p>[\/vc_column_text][vc_column_text css=\u00bb\u00bb]<\/p>\n<p style=\"text-align: right;\"><strong>Caracas, 27 de noviembre de 2024<\/strong><\/p>\n<p>[\/vc_column_text][\/vc_column][\/vc_row]<\/p>\n<\/div>","protected":false},"excerpt":{"rendered":"<div style=\"height: 265px\">En el marco de la conmemoraci\u00f3n del D\u00eda Internacional de la Eliminaci\u00f3n de la Violencia contra la Mujer, Yelitza Guill\u00e9n, representar\u00e1 a Fe y Alegr\u00eda Venezuela en el webinar organizado por la Federaci\u00f3n Internacional<\/div>\n","protected":false},"author":6,"featured_media":8253,"comment_status":"open","ping_status":"open","sticky":false,"template":"","format":"standard","meta":{"_acf_changed":false,"footnotes":""},"categories":[746],"tags":[709],"post_folder":[],"class_list":["post-8250","post","type-post","status-publish","format-standard","has-post-thumbnail","hentry","category-boletin-interno","tag-fe-y-alegria-educomunicacion"],"acf":[],"yoast_head":"<!-- This site is optimized with the Yoast SEO plugin v27.5 - https:\/\/yoast.com\/product\/yoast-seo-wordpress\/ -->\n<title>En un webinar Fe y Alegr\u00eda reflexionar\u00e1 sobre el aporte de las mujeres y las ni\u00f1as para prevenir la violencia - Fe y Alegr\u00eda en Venezuela<\/title>\n<meta name=\"description\" content=\"En el marco del D\u00eda Internacional de la Eliminaci\u00f3n de la Violencia contra la Mujer, Yelitza Guill\u00e9n representar\u00e1 a Fe y Alegr\u00eda Venezuela\" \/>\n<meta name=\"robots\" content=\"index, follow, max-snippet:-1, max-image-preview:large, max-video-preview:-1\" \/>\n<link rel=\"canonical\" href=\"https:\/\/www.feyalegria.org\/venezuela\/en-un-webinar-fe-y-alegria-reflexionara-sobre-el-aporte-de-las-mujeres-y-las-ninas-para-prevenir-la-violencia\/\" \/>\n<meta property=\"og:locale\" content=\"es_ES\" \/>\n<meta property=\"og:type\" content=\"article\" \/>\n<meta property=\"og:title\" content=\"En un webinar Fe y Alegr\u00eda reflexionar\u00e1 sobre el aporte de las mujeres y las ni\u00f1as para prevenir la violencia - Fe y Alegr\u00eda en Venezuela\" \/>\n<meta property=\"og:description\" content=\"En el marco del D\u00eda Internacional de la Eliminaci\u00f3n de la Violencia contra la Mujer, Yelitza Guill\u00e9n representar\u00e1 a Fe y Alegr\u00eda Venezuela\" \/>\n<meta property=\"og:url\" content=\"https:\/\/www.feyalegria.org\/venezuela\/en-un-webinar-fe-y-alegria-reflexionara-sobre-el-aporte-de-las-mujeres-y-las-ninas-para-prevenir-la-violencia\/\" \/>\n<meta property=\"og:site_name\" content=\"Fe y Alegr\u00eda en Venezuela\" \/>\n<meta property=\"article:published_time\" content=\"2024-11-27T19:44:20+00:00\" \/>\n<meta property=\"article:modified_time\" content=\"2024-11-27T20:39:26+00:00\" \/>\n<meta property=\"og:image\" content=\"https:\/\/d3pugrm67vf9n7.cloudfront.net\/wp-content\/uploads\/sites\/4\/2024\/11\/27193004\/Educomunicacion-35-1.jpg\" \/>\n\t<meta property=\"og:image:width\" content=\"1200\" \/>\n\t<meta property=\"og:image:height\" content=\"900\" \/>\n\t<meta property=\"og:image:type\" content=\"image\/jpeg\" \/>\n<meta name=\"author\" content=\"Erika Briceno\" \/>\n<meta name=\"twitter:card\" content=\"summary_large_image\" \/>\n<meta name=\"twitter:label1\" content=\"Escrito por\" \/>\n\t<meta name=\"twitter:data1\" content=\"Erika Briceno\" \/>\n\t<meta name=\"twitter:label2\" content=\"Tiempo de lectura\" \/>\n\t<meta name=\"twitter:data2\" content=\"4 minutos\" \/>\n<script type=\"application\/ld+json\" class=\"yoast-schema-graph\">{\"@context\":\"https:\\\/\\\/schema.org\",\"@graph\":[{\"@type\":\"Article\",\"@id\":\"https:\\\/\\\/www.feyalegria.org\\\/venezuela\\\/en-un-webinar-fe-y-alegria-reflexionara-sobre-el-aporte-de-las-mujeres-y-las-ninas-para-prevenir-la-violencia\\\/#article\",\"isPartOf\":{\"@id\":\"https:\\\/\\\/www.feyalegria.org\\\/venezuela\\\/en-un-webinar-fe-y-alegria-reflexionara-sobre-el-aporte-de-las-mujeres-y-las-ninas-para-prevenir-la-violencia\\\/\"},\"author\":{\"name\":\"Erika Briceno\",\"@id\":\"https:\\\/\\\/www.feyalegria.org\\\/venezuela\\\/#\\\/schema\\\/person\\\/fcd504e06f93320841b99f79f3ab0180\"},\"headline\":\"En un webinar Fe y Alegr\u00eda reflexionar\u00e1 sobre el aporte de las mujeres y las ni\u00f1as para prevenir la violencia\",\"datePublished\":\"2024-11-27T19:44:20+00:00\",\"dateModified\":\"2024-11-27T20:39:26+00:00\",\"mainEntityOfPage\":{\"@id\":\"https:\\\/\\\/www.feyalegria.org\\\/venezuela\\\/en-un-webinar-fe-y-alegria-reflexionara-sobre-el-aporte-de-las-mujeres-y-las-ninas-para-prevenir-la-violencia\\\/\"},\"wordCount\":716,\"commentCount\":0,\"image\":{\"@id\":\"https:\\\/\\\/www.feyalegria.org\\\/venezuela\\\/en-un-webinar-fe-y-alegria-reflexionara-sobre-el-aporte-de-las-mujeres-y-las-ninas-para-prevenir-la-violencia\\\/#primaryimage\"},\"thumbnailUrl\":\"https:\\\/\\\/d3pugrm67vf9n7.cloudfront.net\\\/wp-content\\\/uploads\\\/sites\\\/4\\\/2024\\\/11\\\/27193004\\\/Educomunicacion-35-1.jpg\",\"keywords\":[\"Fe y Alegr\u00eda Educomunicaci\u00f3n\"],\"articleSection\":[\"Bolet\u00edn Interno\"],\"inLanguage\":\"es\",\"potentialAction\":[{\"@type\":\"CommentAction\",\"name\":\"Comment\",\"target\":[\"https:\\\/\\\/www.feyalegria.org\\\/venezuela\\\/en-un-webinar-fe-y-alegria-reflexionara-sobre-el-aporte-de-las-mujeres-y-las-ninas-para-prevenir-la-violencia\\\/#respond\"]}]},{\"@type\":\"WebPage\",\"@id\":\"https:\\\/\\\/www.feyalegria.org\\\/venezuela\\\/en-un-webinar-fe-y-alegria-reflexionara-sobre-el-aporte-de-las-mujeres-y-las-ninas-para-prevenir-la-violencia\\\/\",\"url\":\"https:\\\/\\\/www.feyalegria.org\\\/venezuela\\\/en-un-webinar-fe-y-alegria-reflexionara-sobre-el-aporte-de-las-mujeres-y-las-ninas-para-prevenir-la-violencia\\\/\",\"name\":\"En un webinar Fe y Alegr\u00eda reflexionar\u00e1 sobre el aporte de las mujeres y las ni\u00f1as para prevenir la violencia - Fe y Alegr\u00eda en Venezuela\",\"isPartOf\":{\"@id\":\"https:\\\/\\\/www.feyalegria.org\\\/venezuela\\\/#website\"},\"primaryImageOfPage\":{\"@id\":\"https:\\\/\\\/www.feyalegria.org\\\/venezuela\\\/en-un-webinar-fe-y-alegria-reflexionara-sobre-el-aporte-de-las-mujeres-y-las-ninas-para-prevenir-la-violencia\\\/#primaryimage\"},\"image\":{\"@id\":\"https:\\\/\\\/www.feyalegria.org\\\/venezuela\\\/en-un-webinar-fe-y-alegria-reflexionara-sobre-el-aporte-de-las-mujeres-y-las-ninas-para-prevenir-la-violencia\\\/#primaryimage\"},\"thumbnailUrl\":\"https:\\\/\\\/d3pugrm67vf9n7.cloudfront.net\\\/wp-content\\\/uploads\\\/sites\\\/4\\\/2024\\\/11\\\/27193004\\\/Educomunicacion-35-1.jpg\",\"datePublished\":\"2024-11-27T19:44:20+00:00\",\"dateModified\":\"2024-11-27T20:39:26+00:00\",\"author\":{\"@id\":\"https:\\\/\\\/www.feyalegria.org\\\/venezuela\\\/#\\\/schema\\\/person\\\/fcd504e06f93320841b99f79f3ab0180\"},\"description\":\"En el marco del D\u00eda Internacional de la Eliminaci\u00f3n de la Violencia contra la Mujer, Yelitza Guill\u00e9n representar\u00e1 a Fe y Alegr\u00eda Venezuela\",\"inLanguage\":\"es\",\"potentialAction\":[{\"@type\":\"ReadAction\",\"target\":[\"https:\\\/\\\/www.feyalegria.org\\\/venezuela\\\/en-un-webinar-fe-y-alegria-reflexionara-sobre-el-aporte-de-las-mujeres-y-las-ninas-para-prevenir-la-violencia\\\/\"]}]},{\"@type\":\"ImageObject\",\"inLanguage\":\"es\",\"@id\":\"https:\\\/\\\/www.feyalegria.org\\\/venezuela\\\/en-un-webinar-fe-y-alegria-reflexionara-sobre-el-aporte-de-las-mujeres-y-las-ninas-para-prevenir-la-violencia\\\/#primaryimage\",\"url\":\"https:\\\/\\\/d3pugrm67vf9n7.cloudfront.net\\\/wp-content\\\/uploads\\\/sites\\\/4\\\/2024\\\/11\\\/27193004\\\/Educomunicacion-35-1.jpg\",\"contentUrl\":\"https:\\\/\\\/d3pugrm67vf9n7.cloudfront.net\\\/wp-content\\\/uploads\\\/sites\\\/4\\\/2024\\\/11\\\/27193004\\\/Educomunicacion-35-1.jpg\",\"width\":1200,\"height\":900},{\"@type\":\"WebSite\",\"@id\":\"https:\\\/\\\/www.feyalegria.org\\\/venezuela\\\/#website\",\"url\":\"https:\\\/\\\/www.feyalegria.org\\\/venezuela\\\/\",\"name\":\"Fe y Alegr\u00eda en Venezuela\",\"description\":\"\",\"potentialAction\":[{\"@type\":\"SearchAction\",\"target\":{\"@type\":\"EntryPoint\",\"urlTemplate\":\"https:\\\/\\\/www.feyalegria.org\\\/venezuela\\\/?s={search_term_string}\"},\"query-input\":{\"@type\":\"PropertyValueSpecification\",\"valueRequired\":true,\"valueName\":\"search_term_string\"}}],\"inLanguage\":\"es\"},{\"@type\":\"Person\",\"@id\":\"https:\\\/\\\/www.feyalegria.org\\\/venezuela\\\/#\\\/schema\\\/person\\\/fcd504e06f93320841b99f79f3ab0180\",\"name\":\"Erika Briceno\",\"url\":\"https:\\\/\\\/www.feyalegria.org\\\/venezuela\\\/author\\\/comunfifya\\\/\"}]}<\/script>\n<!-- \/ Yoast SEO plugin. -->","yoast_head_json":{"title":"En un webinar Fe y Alegr\u00eda reflexionar\u00e1 sobre el aporte de las mujeres y las ni\u00f1as para prevenir la violencia - Fe y Alegr\u00eda en Venezuela","description":"En el marco del D\u00eda Internacional de la Eliminaci\u00f3n de la Violencia contra la Mujer, Yelitza Guill\u00e9n representar\u00e1 a Fe y Alegr\u00eda Venezuela","robots":{"index":"index","follow":"follow","max-snippet":"max-snippet:-1","max-image-preview":"max-image-preview:large","max-video-preview":"max-video-preview:-1"},"canonical":"https:\/\/www.feyalegria.org\/venezuela\/en-un-webinar-fe-y-alegria-reflexionara-sobre-el-aporte-de-las-mujeres-y-las-ninas-para-prevenir-la-violencia\/","og_locale":"es_ES","og_type":"article","og_title":"En un webinar Fe y Alegr\u00eda reflexionar\u00e1 sobre el aporte de las mujeres y las ni\u00f1as para prevenir la violencia - Fe y Alegr\u00eda en Venezuela","og_description":"En el marco del D\u00eda Internacional de la Eliminaci\u00f3n de la Violencia contra la Mujer, Yelitza Guill\u00e9n representar\u00e1 a Fe y Alegr\u00eda Venezuela","og_url":"https:\/\/www.feyalegria.org\/venezuela\/en-un-webinar-fe-y-alegria-reflexionara-sobre-el-aporte-de-las-mujeres-y-las-ninas-para-prevenir-la-violencia\/","og_site_name":"Fe y Alegr\u00eda en Venezuela","article_published_time":"2024-11-27T19:44:20+00:00","article_modified_time":"2024-11-27T20:39:26+00:00","og_image":[{"width":1200,"height":900,"url":"https:\/\/d3pugrm67vf9n7.cloudfront.net\/wp-content\/uploads\/sites\/4\/2024\/11\/27193004\/Educomunicacion-35-1.jpg","type":"image\/jpeg"}],"author":"Erika Briceno","twitter_card":"summary_large_image","twitter_misc":{"Escrito por":"Erika Briceno","Tiempo de lectura":"4 minutos"},"schema":{"@context":"https:\/\/schema.org","@graph":[{"@type":"Article","@id":"https:\/\/www.feyalegria.org\/venezuela\/en-un-webinar-fe-y-alegria-reflexionara-sobre-el-aporte-de-las-mujeres-y-las-ninas-para-prevenir-la-violencia\/#article","isPartOf":{"@id":"https:\/\/www.feyalegria.org\/venezuela\/en-un-webinar-fe-y-alegria-reflexionara-sobre-el-aporte-de-las-mujeres-y-las-ninas-para-prevenir-la-violencia\/"},"author":{"name":"Erika Briceno","@id":"https:\/\/www.feyalegria.org\/venezuela\/#\/schema\/person\/fcd504e06f93320841b99f79f3ab0180"},"headline":"En un webinar Fe y Alegr\u00eda reflexionar\u00e1 sobre el aporte de las mujeres y las ni\u00f1as para prevenir la violencia","datePublished":"2024-11-27T19:44:20+00:00","dateModified":"2024-11-27T20:39:26+00:00","mainEntityOfPage":{"@id":"https:\/\/www.feyalegria.org\/venezuela\/en-un-webinar-fe-y-alegria-reflexionara-sobre-el-aporte-de-las-mujeres-y-las-ninas-para-prevenir-la-violencia\/"},"wordCount":716,"commentCount":0,"image":{"@id":"https:\/\/www.feyalegria.org\/venezuela\/en-un-webinar-fe-y-alegria-reflexionara-sobre-el-aporte-de-las-mujeres-y-las-ninas-para-prevenir-la-violencia\/#primaryimage"},"thumbnailUrl":"https:\/\/d3pugrm67vf9n7.cloudfront.net\/wp-content\/uploads\/sites\/4\/2024\/11\/27193004\/Educomunicacion-35-1.jpg","keywords":["Fe y Alegr\u00eda Educomunicaci\u00f3n"],"articleSection":["Bolet\u00edn Interno"],"inLanguage":"es","potentialAction":[{"@type":"CommentAction","name":"Comment","target":["https:\/\/www.feyalegria.org\/venezuela\/en-un-webinar-fe-y-alegria-reflexionara-sobre-el-aporte-de-las-mujeres-y-las-ninas-para-prevenir-la-violencia\/#respond"]}]},{"@type":"WebPage","@id":"https:\/\/www.feyalegria.org\/venezuela\/en-un-webinar-fe-y-alegria-reflexionara-sobre-el-aporte-de-las-mujeres-y-las-ninas-para-prevenir-la-violencia\/","url":"https:\/\/www.feyalegria.org\/venezuela\/en-un-webinar-fe-y-alegria-reflexionara-sobre-el-aporte-de-las-mujeres-y-las-ninas-para-prevenir-la-violencia\/","name":"En un webinar Fe y Alegr\u00eda reflexionar\u00e1 sobre el aporte de las mujeres y las ni\u00f1as para prevenir la violencia - Fe y Alegr\u00eda en Venezuela","isPartOf":{"@id":"https:\/\/www.feyalegria.org\/venezuela\/#website"},"primaryImageOfPage":{"@id":"https:\/\/www.feyalegria.org\/venezuela\/en-un-webinar-fe-y-alegria-reflexionara-sobre-el-aporte-de-las-mujeres-y-las-ninas-para-prevenir-la-violencia\/#primaryimage"},"image":{"@id":"https:\/\/www.feyalegria.org\/venezuela\/en-un-webinar-fe-y-alegria-reflexionara-sobre-el-aporte-de-las-mujeres-y-las-ninas-para-prevenir-la-violencia\/#primaryimage"},"thumbnailUrl":"https:\/\/d3pugrm67vf9n7.cloudfront.net\/wp-content\/uploads\/sites\/4\/2024\/11\/27193004\/Educomunicacion-35-1.jpg","datePublished":"2024-11-27T19:44:20+00:00","dateModified":"2024-11-27T20:39:26+00:00","author":{"@id":"https:\/\/www.feyalegria.org\/venezuela\/#\/schema\/person\/fcd504e06f93320841b99f79f3ab0180"},"description":"En el marco del D\u00eda Internacional de la Eliminaci\u00f3n de la Violencia contra la Mujer, Yelitza Guill\u00e9n representar\u00e1 a Fe y Alegr\u00eda Venezuela","inLanguage":"es","potentialAction":[{"@type":"ReadAction","target":["https:\/\/www.feyalegria.org\/venezuela\/en-un-webinar-fe-y-alegria-reflexionara-sobre-el-aporte-de-las-mujeres-y-las-ninas-para-prevenir-la-violencia\/"]}]},{"@type":"ImageObject","inLanguage":"es","@id":"https:\/\/www.feyalegria.org\/venezuela\/en-un-webinar-fe-y-alegria-reflexionara-sobre-el-aporte-de-las-mujeres-y-las-ninas-para-prevenir-la-violencia\/#primaryimage","url":"https:\/\/d3pugrm67vf9n7.cloudfront.net\/wp-content\/uploads\/sites\/4\/2024\/11\/27193004\/Educomunicacion-35-1.jpg","contentUrl":"https:\/\/d3pugrm67vf9n7.cloudfront.net\/wp-content\/uploads\/sites\/4\/2024\/11\/27193004\/Educomunicacion-35-1.jpg","width":1200,"height":900},{"@type":"WebSite","@id":"https:\/\/www.feyalegria.org\/venezuela\/#website","url":"https:\/\/www.feyalegria.org\/venezuela\/","name":"Fe y Alegr\u00eda en Venezuela","description":"","potentialAction":[{"@type":"SearchAction","target":{"@type":"EntryPoint","urlTemplate":"https:\/\/www.feyalegria.org\/venezuela\/?s={search_term_string}"},"query-input":{"@type":"PropertyValueSpecification","valueRequired":true,"valueName":"search_term_string"}}],"inLanguage":"es"},{"@type":"Person","@id":"https:\/\/www.feyalegria.org\/venezuela\/#\/schema\/person\/fcd504e06f93320841b99f79f3ab0180","name":"Erika Briceno","url":"https:\/\/www.feyalegria.org\/venezuela\/author\/comunfifya\/"}]}},"_links":{"self":[{"href":"https:\/\/www.feyalegria.org\/venezuela\/wp-json\/wp\/v2\/posts\/8250","targetHints":{"allow":["GET"]}}],"collection":[{"href":"https:\/\/www.feyalegria.org\/venezuela\/wp-json\/wp\/v2\/posts"}],"about":[{"href":"https:\/\/www.feyalegria.org\/venezuela\/wp-json\/wp\/v2\/types\/post"}],"author":[{"embeddable":true,"href":"https:\/\/www.feyalegria.org\/venezuela\/wp-json\/wp\/v2\/users\/6"}],"replies":[{"embeddable":true,"href":"https:\/\/www.feyalegria.org\/venezuela\/wp-json\/wp\/v2\/comments?post=8250"}],"version-history":[{"count":0,"href":"https:\/\/www.feyalegria.org\/venezuela\/wp-json\/wp\/v2\/posts\/8250\/revisions"}],"wp:featuredmedia":[{"embeddable":true,"href":"https:\/\/www.feyalegria.org\/venezuela\/wp-json\/wp\/v2\/media\/8253"}],"wp:attachment":[{"href":"https:\/\/www.feyalegria.org\/venezuela\/wp-json\/wp\/v2\/media?parent=8250"}],"wp:term":[{"taxonomy":"category","embeddable":true,"href":"https:\/\/www.feyalegria.org\/venezuela\/wp-json\/wp\/v2\/categories?post=8250"},{"taxonomy":"post_tag","embeddable":true,"href":"https:\/\/www.feyalegria.org\/venezuela\/wp-json\/wp\/v2\/tags?post=8250"},{"taxonomy":"post_folder","embeddable":true,"href":"https:\/\/www.feyalegria.org\/venezuela\/wp-json\/wp\/v2\/post_folder?post=8250"}],"curies":[{"name":"wp","href":"https:\/\/api.w.org\/{rel}","templated":true}]}}