{"id":8252,"date":"2024-11-27T20:02:15","date_gmt":"2024-11-27T20:02:15","guid":{"rendered":"https:\/\/www.feyalegria.org\/venezuela\/?p=8252"},"modified":"2024-11-27T20:02:15","modified_gmt":"2024-11-27T20:02:15","slug":"fe-y-alegria-capacitacion-fortalece-a-sus-formadores-en-el-tigre","status":"publish","type":"post","link":"https:\/\/www.feyalegria.org\/venezuela\/fe-y-alegria-capacitacion-fortalece-a-sus-formadores-en-el-tigre\/","title":{"rendered":"Fe y Alegr\u00eda Capacitaci\u00f3n fortalece a sus formadores en El Tigre"},"content":{"rendered":"<div class=\"wpb-content-wrapper\"><p>[vc_row][vc_column][vc_column_text css=\u00bb\u00bb]<\/p>\n<h1><b>Fe y Alegr\u00eda Capacitaci\u00f3n fortalece a sus formadores en El Tigre <\/b><\/h1>\n<p>[\/vc_column_text][vc_single_image image=\u00bb8257&#8243; img_size=\u00bbfull\u00bb add_caption=\u00bbyes\u00bb alignment=\u00bbcenter\u00bb css=\u00bb\u00bb][vc_column_text css=\u00bb\u00bb]<\/p>\n<p style=\"text-align: right;\"><b>Germ\u00e1n Osorio | <\/b><em>Referente de Comunicaci\u00f3n de Fe y Alegr\u00eda Capacitaci\u00f3n<\/em><\/p>\n<p style=\"text-align: right;\"><b>Lisbeth Rodr\u00edguez<\/b><span style=\"font-weight: 400;\"> | <\/span><i><span style=\"font-weight: 400;\">Coordinadora Nacional de Comunicaciones, Emprendimiento y Productividad.<\/span><\/i><\/p>\n<p>[\/vc_column_text][vc_separator][vc_column_text css=\u00bb\u00bb]<\/p>\n<p style=\"text-align: justify;\"><span style=\"font-weight: 400;\">Fe y Alegr\u00eda Capacitaci\u00f3n llev\u00f3 a cabo los d\u00edas 12 y 13 de noviembre un enriquecedor Encuentro de Saberes en la ciudad del El Tigre, destinado a capacitar a personal de los centros de capacitaci\u00f3n: Santa In\u00e9s &#8211; Cuman\u00e1, Atapirire \u2013 Anaco, Santa Joaquina \u2013 Puerto Ordaz y Sim\u00f3n Rodr\u00edguez de El Tigre, por parte de nuestro compa\u00f1ero Crist\u00f3bal Moreno, responsable del centro de capacitaci\u00f3n Divina Pastora en el estado Lara.<\/span><\/p>\n<p style=\"text-align: justify;\"><span style=\"font-weight: 400;\"><br \/>\nEsta iniciativa llamada \u201cFormaci\u00f3n de Formadores\u00bb, pretende elevar la calidad educativa mediante la capacitaci\u00f3n del personal que trabaja en nuestros centros y con ello fortalecer el \u00e1rea textil que viene impulsando el programa como medio de vida e inserci\u00f3n laboral.<\/span><\/p>\n<p style=\"text-align: justify;\"><span style=\"font-weight: 400;\"><br \/>\nLa directora nacional del programa, Sandra Chac\u00f3n, resalt\u00f3 la importancia de formar a formadores en las diversas \u00e1reas del conocimiento, subrayando que este impulso se genera desde el mismo programa. A trav\u00e9s de un enriquecedor intercambio de experiencias entre los equipos de los centros, se busca compartir las capacidades y aprendizajes acumulados, lo que permitir\u00e1 diversificar a\u00fan m\u00e1s nuestra oferta educativa en todo el pa\u00eds. Al centrarse en la capacitaci\u00f3n de quienes est\u00e1n directamente involucrados en la capacitaci\u00f3n, aseguramos que los conocimientos y herramientas adquiridos se transmiten de manera efectiva a los participantes.<\/span><\/p>\n<h3 style=\"text-align: justify;\"><span style=\"font-weight: 400;\"><br \/>\n\u00bfDe qu\u00e9 se habl\u00f3 en el encuentro?<\/span><\/h3>\n<p style=\"text-align: justify;\"><span style=\"font-weight: 400;\"><br \/>\n<img loading=\"lazy\" decoding=\"async\" class=\" wp-image-8259 alignright\" src=\"https:\/\/d3pugrm67vf9n7.cloudfront.net\/wp-content\/uploads\/sites\/4\/2024\/11\/27195446\/capacitacion-35-3-300x225.jpg\" alt=\"\" width=\"400\" height=\"300\" srcset=\"https:\/\/d3pugrm67vf9n7.cloudfront.net\/wp-content\/uploads\/sites\/4\/2024\/11\/27195446\/capacitacion-35-3-300x225.jpg 300w, https:\/\/d3pugrm67vf9n7.cloudfront.net\/wp-content\/uploads\/sites\/4\/2024\/11\/27195446\/capacitacion-35-3-768x576.jpg 768w, https:\/\/d3pugrm67vf9n7.cloudfront.net\/wp-content\/uploads\/sites\/4\/2024\/11\/27195446\/capacitacion-35-3.jpg 800w\" sizes=\"auto, (max-width: 400px) 100vw, 400px\" \/>Durante la jornada, los compa\u00f1eros profundizaron en el arte de la sublimaci\u00f3n, analizando aspectos clave como la calidad de la impresi\u00f3n, los diferentes tipos de materiales y el uso de la tecnolog\u00eda DTF (Direct to Film). Estos temas son esenciales para que no solo se dominen las t\u00e9cnicas necesarias, sino que tambi\u00e9n se pueda guiar a los participantes en la creaci\u00f3n de productos de alta calidad, potenciando as\u00ed sus oportunidades de empleo y emprendimiento en el \u00e1rea textil.<\/span><\/p>\n<p style=\"text-align: justify;\"><span style=\"font-weight: 400;\"><br \/>\nLa formaci\u00f3n se articula en torno a tres aspectos fundamentales que no solo se complementan, sino que son esenciales para su efectividad. En primer lugar, en el acondicionamiento de espacios formativos, lo cual proporciona un entorno propicio para el aprendizaje.<\/span><\/p>\n<p style=\"text-align: justify;\"><span style=\"font-weight: 400;\"><br \/>\nEn segundo lugar, la adecuaci\u00f3n de la oferta educativa a las necesidades espec\u00edficas de cada contexto, garantizando que los procesos formativos sean relevantes y \u00fatiles para los participantes.<\/span><\/p>\n<p style=\"text-align: justify;\"><span style=\"font-weight: 400;\"><br \/>\nY por \u00faltimo, se impulsa la sostenibilidad del programa a trav\u00e9s de la consolidaci\u00f3n de unidades productivas, lo que asegura que los resultados de la formaci\u00f3n se traduzcan en beneficios duraderos para la comunidad.<\/span><\/p>\n<h3 style=\"text-align: justify;\"><span style=\"font-weight: 400;\"><br \/>\nResultados al instante<\/span><\/h3>\n<p style=\"text-align: justify;\"><span style=\"font-weight: 400;\"><br \/>\n<img loading=\"lazy\" decoding=\"async\" class=\" wp-image-8258 alignleft\" src=\"https:\/\/d3pugrm67vf9n7.cloudfront.net\/wp-content\/uploads\/sites\/4\/2024\/11\/27195443\/capacitacion-35-2-300x225.jpg\" alt=\"\" width=\"400\" height=\"300\" srcset=\"https:\/\/d3pugrm67vf9n7.cloudfront.net\/wp-content\/uploads\/sites\/4\/2024\/11\/27195443\/capacitacion-35-2-300x225.jpg 300w, https:\/\/d3pugrm67vf9n7.cloudfront.net\/wp-content\/uploads\/sites\/4\/2024\/11\/27195443\/capacitacion-35-2-768x576.jpg 768w, https:\/\/d3pugrm67vf9n7.cloudfront.net\/wp-content\/uploads\/sites\/4\/2024\/11\/27195443\/capacitacion-35-2.jpg 800w\" sizes=\"auto, (max-width: 400px) 100vw, 400px\" \/>La jornada culmin\u00f3 con una exposici\u00f3n de los productos desarrollados por los asistentes, as\u00ed como de las muestras aportadas por cada centro participante. Estas \u00faltimas dieron cuenta de los trabajos que vienen realizando para impulsar las pr\u00f3ximas Unidades de Producci\u00f3n Textil de Fe y Alegr\u00eda Capacitaci\u00f3n. Este espacio permiti\u00f3 apreciar el talento y la creatividad de nuestro personal. M\u00e1s all\u00e1 de fortalecer las habilidades t\u00e9cnicas, este encuentro foment\u00f3 un fuerte sentido de comunidad y colaboraci\u00f3n entre los diferentes centros. Result\u00f3 ser una experiencia enriquecedora que trascendi\u00f3 lo meramente instructivo, forjando v\u00ednculos y sinergias entre los participantes.<\/span><\/p>\n<p style=\"text-align: justify;\"><span style=\"font-weight: 400;\"><br \/>\nDesde Fe y Alegr\u00eda Capacitaci\u00f3n, nos comprometemos firmemente a la mejora continua y al desarrollo integral de nuestros j\u00f3venes y adultos. Para ello, adaptamos constantemente nuestra oferta educativa a las realidades cambiantes de la sociedad. Creemos firmemente que, al mantener la formaci\u00f3n de nuestros formadores actualizada, podemos contribuir de manera decisiva a construir un futuro m\u00e1s prometedor para toda la comunidad y as\u00ed brindar a nuestros participantes las herramientas y conocimientos que necesitan para desarrollarse y prosperar en el mundo actual.<\/span><\/p>\n<p>[\/vc_column_text][vc_column_text css=\u00bb\u00bb]<\/p>\n<p style=\"text-align: right;\"><strong>Caracas, 27 de noviembre de 2024<\/strong><\/p>\n<p>[\/vc_column_text][\/vc_column][\/vc_row]<\/p>\n<\/div>","protected":false},"excerpt":{"rendered":"<div style=\"height: 265px\">Esta iniciativa llamada \u201cFormaci\u00f3n de Formadores\u00bb, pretende elevar la calidad educativa mediante la capacitaci\u00f3n del personal que trabaja en nuestros centros<\/div>\n","protected":false},"author":6,"featured_media":8257,"comment_status":"open","ping_status":"open","sticky":false,"template":"","format":"standard","meta":{"_acf_changed":false,"footnotes":""},"categories":[746],"tags":[634],"post_folder":[],"class_list":["post-8252","post","type-post","status-publish","format-standard","has-post-thumbnail","hentry","category-boletin-interno","tag-capacitacion"],"acf":[],"yoast_head":"<!-- This site is optimized with the Yoast SEO plugin v27.5 - https:\/\/yoast.com\/product\/yoast-seo-wordpress\/ -->\n<title>Fe y Alegr\u00eda Capacitaci\u00f3n fortalece a sus formadores en El Tigre - Fe y Alegr\u00eda en Venezuela<\/title>\n<meta name=\"description\" content=\"Esta iniciativa llamada \u201cFormaci\u00f3n de Formadores&quot;, pretende elevar la calidad educativa mediante la capacitaci\u00f3n del personal\" \/>\n<meta name=\"robots\" content=\"index, follow, max-snippet:-1, max-image-preview:large, max-video-preview:-1\" \/>\n<link rel=\"canonical\" href=\"https:\/\/www.feyalegria.org\/venezuela\/fe-y-alegria-capacitacion-fortalece-a-sus-formadores-en-el-tigre\/\" \/>\n<meta property=\"og:locale\" content=\"es_ES\" \/>\n<meta property=\"og:type\" content=\"article\" \/>\n<meta property=\"og:title\" content=\"Fe y Alegr\u00eda Capacitaci\u00f3n fortalece a sus formadores en El Tigre - Fe y Alegr\u00eda en Venezuela\" \/>\n<meta property=\"og:description\" content=\"Esta iniciativa llamada \u201cFormaci\u00f3n de Formadores&quot;, pretende elevar la calidad educativa mediante la capacitaci\u00f3n del personal\" \/>\n<meta property=\"og:url\" content=\"https:\/\/www.feyalegria.org\/venezuela\/fe-y-alegria-capacitacion-fortalece-a-sus-formadores-en-el-tigre\/\" \/>\n<meta property=\"og:site_name\" content=\"Fe y Alegr\u00eda en Venezuela\" \/>\n<meta property=\"article:published_time\" content=\"2024-11-27T20:02:15+00:00\" \/>\n<meta property=\"og:image\" content=\"https:\/\/d3pugrm67vf9n7.cloudfront.net\/wp-content\/uploads\/sites\/4\/2024\/11\/27195441\/capacitacion-35-1.jpg\" \/>\n\t<meta property=\"og:image:width\" content=\"800\" \/>\n\t<meta property=\"og:image:height\" content=\"500\" \/>\n\t<meta property=\"og:image:type\" content=\"image\/jpeg\" \/>\n<meta name=\"author\" content=\"Erika Briceno\" \/>\n<meta name=\"twitter:card\" content=\"summary_large_image\" \/>\n<meta name=\"twitter:label1\" content=\"Escrito por\" \/>\n\t<meta name=\"twitter:data1\" content=\"Erika Briceno\" \/>\n\t<meta name=\"twitter:label2\" content=\"Tiempo de lectura\" \/>\n\t<meta name=\"twitter:data2\" content=\"4 minutos\" \/>\n<script type=\"application\/ld+json\" class=\"yoast-schema-graph\">{\"@context\":\"https:\\\/\\\/schema.org\",\"@graph\":[{\"@type\":\"Article\",\"@id\":\"https:\\\/\\\/www.feyalegria.org\\\/venezuela\\\/fe-y-alegria-capacitacion-fortalece-a-sus-formadores-en-el-tigre\\\/#article\",\"isPartOf\":{\"@id\":\"https:\\\/\\\/www.feyalegria.org\\\/venezuela\\\/fe-y-alegria-capacitacion-fortalece-a-sus-formadores-en-el-tigre\\\/\"},\"author\":{\"name\":\"Erika Briceno\",\"@id\":\"https:\\\/\\\/www.feyalegria.org\\\/venezuela\\\/#\\\/schema\\\/person\\\/fcd504e06f93320841b99f79f3ab0180\"},\"headline\":\"Fe y Alegr\u00eda Capacitaci\u00f3n fortalece a sus formadores en El Tigre\",\"datePublished\":\"2024-11-27T20:02:15+00:00\",\"mainEntityOfPage\":{\"@id\":\"https:\\\/\\\/www.feyalegria.org\\\/venezuela\\\/fe-y-alegria-capacitacion-fortalece-a-sus-formadores-en-el-tigre\\\/\"},\"wordCount\":720,\"commentCount\":0,\"image\":{\"@id\":\"https:\\\/\\\/www.feyalegria.org\\\/venezuela\\\/fe-y-alegria-capacitacion-fortalece-a-sus-formadores-en-el-tigre\\\/#primaryimage\"},\"thumbnailUrl\":\"https:\\\/\\\/d3pugrm67vf9n7.cloudfront.net\\\/wp-content\\\/uploads\\\/sites\\\/4\\\/2024\\\/11\\\/27195441\\\/capacitacion-35-1.jpg\",\"keywords\":[\"Capacitaci\u00f3n\"],\"articleSection\":[\"Bolet\u00edn Interno\"],\"inLanguage\":\"es\",\"potentialAction\":[{\"@type\":\"CommentAction\",\"name\":\"Comment\",\"target\":[\"https:\\\/\\\/www.feyalegria.org\\\/venezuela\\\/fe-y-alegria-capacitacion-fortalece-a-sus-formadores-en-el-tigre\\\/#respond\"]}]},{\"@type\":\"WebPage\",\"@id\":\"https:\\\/\\\/www.feyalegria.org\\\/venezuela\\\/fe-y-alegria-capacitacion-fortalece-a-sus-formadores-en-el-tigre\\\/\",\"url\":\"https:\\\/\\\/www.feyalegria.org\\\/venezuela\\\/fe-y-alegria-capacitacion-fortalece-a-sus-formadores-en-el-tigre\\\/\",\"name\":\"Fe y Alegr\u00eda Capacitaci\u00f3n fortalece a sus formadores en El Tigre - Fe y Alegr\u00eda en Venezuela\",\"isPartOf\":{\"@id\":\"https:\\\/\\\/www.feyalegria.org\\\/venezuela\\\/#website\"},\"primaryImageOfPage\":{\"@id\":\"https:\\\/\\\/www.feyalegria.org\\\/venezuela\\\/fe-y-alegria-capacitacion-fortalece-a-sus-formadores-en-el-tigre\\\/#primaryimage\"},\"image\":{\"@id\":\"https:\\\/\\\/www.feyalegria.org\\\/venezuela\\\/fe-y-alegria-capacitacion-fortalece-a-sus-formadores-en-el-tigre\\\/#primaryimage\"},\"thumbnailUrl\":\"https:\\\/\\\/d3pugrm67vf9n7.cloudfront.net\\\/wp-content\\\/uploads\\\/sites\\\/4\\\/2024\\\/11\\\/27195441\\\/capacitacion-35-1.jpg\",\"datePublished\":\"2024-11-27T20:02:15+00:00\",\"author\":{\"@id\":\"https:\\\/\\\/www.feyalegria.org\\\/venezuela\\\/#\\\/schema\\\/person\\\/fcd504e06f93320841b99f79f3ab0180\"},\"description\":\"Esta iniciativa llamada \u201cFormaci\u00f3n de Formadores\\\", pretende elevar la calidad educativa mediante la capacitaci\u00f3n del personal\",\"inLanguage\":\"es\",\"potentialAction\":[{\"@type\":\"ReadAction\",\"target\":[\"https:\\\/\\\/www.feyalegria.org\\\/venezuela\\\/fe-y-alegria-capacitacion-fortalece-a-sus-formadores-en-el-tigre\\\/\"]}]},{\"@type\":\"ImageObject\",\"inLanguage\":\"es\",\"@id\":\"https:\\\/\\\/www.feyalegria.org\\\/venezuela\\\/fe-y-alegria-capacitacion-fortalece-a-sus-formadores-en-el-tigre\\\/#primaryimage\",\"url\":\"https:\\\/\\\/d3pugrm67vf9n7.cloudfront.net\\\/wp-content\\\/uploads\\\/sites\\\/4\\\/2024\\\/11\\\/27195441\\\/capacitacion-35-1.jpg\",\"contentUrl\":\"https:\\\/\\\/d3pugrm67vf9n7.cloudfront.net\\\/wp-content\\\/uploads\\\/sites\\\/4\\\/2024\\\/11\\\/27195441\\\/capacitacion-35-1.jpg\",\"width\":800,\"height\":500},{\"@type\":\"WebSite\",\"@id\":\"https:\\\/\\\/www.feyalegria.org\\\/venezuela\\\/#website\",\"url\":\"https:\\\/\\\/www.feyalegria.org\\\/venezuela\\\/\",\"name\":\"Fe y Alegr\u00eda en Venezuela\",\"description\":\"\",\"potentialAction\":[{\"@type\":\"SearchAction\",\"target\":{\"@type\":\"EntryPoint\",\"urlTemplate\":\"https:\\\/\\\/www.feyalegria.org\\\/venezuela\\\/?s={search_term_string}\"},\"query-input\":{\"@type\":\"PropertyValueSpecification\",\"valueRequired\":true,\"valueName\":\"search_term_string\"}}],\"inLanguage\":\"es\"},{\"@type\":\"Person\",\"@id\":\"https:\\\/\\\/www.feyalegria.org\\\/venezuela\\\/#\\\/schema\\\/person\\\/fcd504e06f93320841b99f79f3ab0180\",\"name\":\"Erika Briceno\",\"url\":\"https:\\\/\\\/www.feyalegria.org\\\/venezuela\\\/author\\\/comunfifya\\\/\"}]}<\/script>\n<!-- \/ Yoast SEO plugin. -->","yoast_head_json":{"title":"Fe y Alegr\u00eda Capacitaci\u00f3n fortalece a sus formadores en El Tigre - Fe y Alegr\u00eda en Venezuela","description":"Esta iniciativa llamada \u201cFormaci\u00f3n de Formadores\", pretende elevar la calidad educativa mediante la capacitaci\u00f3n del personal","robots":{"index":"index","follow":"follow","max-snippet":"max-snippet:-1","max-image-preview":"max-image-preview:large","max-video-preview":"max-video-preview:-1"},"canonical":"https:\/\/www.feyalegria.org\/venezuela\/fe-y-alegria-capacitacion-fortalece-a-sus-formadores-en-el-tigre\/","og_locale":"es_ES","og_type":"article","og_title":"Fe y Alegr\u00eda Capacitaci\u00f3n fortalece a sus formadores en El Tigre - Fe y Alegr\u00eda en Venezuela","og_description":"Esta iniciativa llamada \u201cFormaci\u00f3n de Formadores\", pretende elevar la calidad educativa mediante la capacitaci\u00f3n del personal","og_url":"https:\/\/www.feyalegria.org\/venezuela\/fe-y-alegria-capacitacion-fortalece-a-sus-formadores-en-el-tigre\/","og_site_name":"Fe y Alegr\u00eda en Venezuela","article_published_time":"2024-11-27T20:02:15+00:00","og_image":[{"width":800,"height":500,"url":"https:\/\/d3pugrm67vf9n7.cloudfront.net\/wp-content\/uploads\/sites\/4\/2024\/11\/27195441\/capacitacion-35-1.jpg","type":"image\/jpeg"}],"author":"Erika Briceno","twitter_card":"summary_large_image","twitter_misc":{"Escrito por":"Erika Briceno","Tiempo de lectura":"4 minutos"},"schema":{"@context":"https:\/\/schema.org","@graph":[{"@type":"Article","@id":"https:\/\/www.feyalegria.org\/venezuela\/fe-y-alegria-capacitacion-fortalece-a-sus-formadores-en-el-tigre\/#article","isPartOf":{"@id":"https:\/\/www.feyalegria.org\/venezuela\/fe-y-alegria-capacitacion-fortalece-a-sus-formadores-en-el-tigre\/"},"author":{"name":"Erika Briceno","@id":"https:\/\/www.feyalegria.org\/venezuela\/#\/schema\/person\/fcd504e06f93320841b99f79f3ab0180"},"headline":"Fe y Alegr\u00eda Capacitaci\u00f3n fortalece a sus formadores en El Tigre","datePublished":"2024-11-27T20:02:15+00:00","mainEntityOfPage":{"@id":"https:\/\/www.feyalegria.org\/venezuela\/fe-y-alegria-capacitacion-fortalece-a-sus-formadores-en-el-tigre\/"},"wordCount":720,"commentCount":0,"image":{"@id":"https:\/\/www.feyalegria.org\/venezuela\/fe-y-alegria-capacitacion-fortalece-a-sus-formadores-en-el-tigre\/#primaryimage"},"thumbnailUrl":"https:\/\/d3pugrm67vf9n7.cloudfront.net\/wp-content\/uploads\/sites\/4\/2024\/11\/27195441\/capacitacion-35-1.jpg","keywords":["Capacitaci\u00f3n"],"articleSection":["Bolet\u00edn Interno"],"inLanguage":"es","potentialAction":[{"@type":"CommentAction","name":"Comment","target":["https:\/\/www.feyalegria.org\/venezuela\/fe-y-alegria-capacitacion-fortalece-a-sus-formadores-en-el-tigre\/#respond"]}]},{"@type":"WebPage","@id":"https:\/\/www.feyalegria.org\/venezuela\/fe-y-alegria-capacitacion-fortalece-a-sus-formadores-en-el-tigre\/","url":"https:\/\/www.feyalegria.org\/venezuela\/fe-y-alegria-capacitacion-fortalece-a-sus-formadores-en-el-tigre\/","name":"Fe y Alegr\u00eda Capacitaci\u00f3n fortalece a sus formadores en El Tigre - Fe y Alegr\u00eda en Venezuela","isPartOf":{"@id":"https:\/\/www.feyalegria.org\/venezuela\/#website"},"primaryImageOfPage":{"@id":"https:\/\/www.feyalegria.org\/venezuela\/fe-y-alegria-capacitacion-fortalece-a-sus-formadores-en-el-tigre\/#primaryimage"},"image":{"@id":"https:\/\/www.feyalegria.org\/venezuela\/fe-y-alegria-capacitacion-fortalece-a-sus-formadores-en-el-tigre\/#primaryimage"},"thumbnailUrl":"https:\/\/d3pugrm67vf9n7.cloudfront.net\/wp-content\/uploads\/sites\/4\/2024\/11\/27195441\/capacitacion-35-1.jpg","datePublished":"2024-11-27T20:02:15+00:00","author":{"@id":"https:\/\/www.feyalegria.org\/venezuela\/#\/schema\/person\/fcd504e06f93320841b99f79f3ab0180"},"description":"Esta iniciativa llamada \u201cFormaci\u00f3n de Formadores\", pretende elevar la calidad educativa mediante la capacitaci\u00f3n del personal","inLanguage":"es","potentialAction":[{"@type":"ReadAction","target":["https:\/\/www.feyalegria.org\/venezuela\/fe-y-alegria-capacitacion-fortalece-a-sus-formadores-en-el-tigre\/"]}]},{"@type":"ImageObject","inLanguage":"es","@id":"https:\/\/www.feyalegria.org\/venezuela\/fe-y-alegria-capacitacion-fortalece-a-sus-formadores-en-el-tigre\/#primaryimage","url":"https:\/\/d3pugrm67vf9n7.cloudfront.net\/wp-content\/uploads\/sites\/4\/2024\/11\/27195441\/capacitacion-35-1.jpg","contentUrl":"https:\/\/d3pugrm67vf9n7.cloudfront.net\/wp-content\/uploads\/sites\/4\/2024\/11\/27195441\/capacitacion-35-1.jpg","width":800,"height":500},{"@type":"WebSite","@id":"https:\/\/www.feyalegria.org\/venezuela\/#website","url":"https:\/\/www.feyalegria.org\/venezuela\/","name":"Fe y Alegr\u00eda en Venezuela","description":"","potentialAction":[{"@type":"SearchAction","target":{"@type":"EntryPoint","urlTemplate":"https:\/\/www.feyalegria.org\/venezuela\/?s={search_term_string}"},"query-input":{"@type":"PropertyValueSpecification","valueRequired":true,"valueName":"search_term_string"}}],"inLanguage":"es"},{"@type":"Person","@id":"https:\/\/www.feyalegria.org\/venezuela\/#\/schema\/person\/fcd504e06f93320841b99f79f3ab0180","name":"Erika Briceno","url":"https:\/\/www.feyalegria.org\/venezuela\/author\/comunfifya\/"}]}},"_links":{"self":[{"href":"https:\/\/www.feyalegria.org\/venezuela\/wp-json\/wp\/v2\/posts\/8252","targetHints":{"allow":["GET"]}}],"collection":[{"href":"https:\/\/www.feyalegria.org\/venezuela\/wp-json\/wp\/v2\/posts"}],"about":[{"href":"https:\/\/www.feyalegria.org\/venezuela\/wp-json\/wp\/v2\/types\/post"}],"author":[{"embeddable":true,"href":"https:\/\/www.feyalegria.org\/venezuela\/wp-json\/wp\/v2\/users\/6"}],"replies":[{"embeddable":true,"href":"https:\/\/www.feyalegria.org\/venezuela\/wp-json\/wp\/v2\/comments?post=8252"}],"version-history":[{"count":0,"href":"https:\/\/www.feyalegria.org\/venezuela\/wp-json\/wp\/v2\/posts\/8252\/revisions"}],"wp:featuredmedia":[{"embeddable":true,"href":"https:\/\/www.feyalegria.org\/venezuela\/wp-json\/wp\/v2\/media\/8257"}],"wp:attachment":[{"href":"https:\/\/www.feyalegria.org\/venezuela\/wp-json\/wp\/v2\/media?parent=8252"}],"wp:term":[{"taxonomy":"category","embeddable":true,"href":"https:\/\/www.feyalegria.org\/venezuela\/wp-json\/wp\/v2\/categories?post=8252"},{"taxonomy":"post_tag","embeddable":true,"href":"https:\/\/www.feyalegria.org\/venezuela\/wp-json\/wp\/v2\/tags?post=8252"},{"taxonomy":"post_folder","embeddable":true,"href":"https:\/\/www.feyalegria.org\/venezuela\/wp-json\/wp\/v2\/post_folder?post=8252"}],"curies":[{"name":"wp","href":"https:\/\/api.w.org\/{rel}","templated":true}]}}