 {"id":8741,"date":"2025-01-23T02:35:11","date_gmt":"2025-01-23T02:35:11","guid":{"rendered":"https:\/\/www.feyalegria.org\/venezuela\/?p=8741"},"modified":"2025-01-23T12:29:08","modified_gmt":"2025-01-23T12:29:08","slug":"feria-de-emprendimiento-reune-a-diversas-organizaciones-en-el-tachira","status":"publish","type":"post","link":"https:\/\/www.feyalegria.org\/venezuela\/feria-de-emprendimiento-reune-a-diversas-organizaciones-en-el-tachira\/","title":{"rendered":"Feria de Emprendimiento re\u00fane a diversas organizaciones en el T\u00e1chira"},"content":{"rendered":"<div class=\"wpb-content-wrapper\"><p>[vc_row][vc_column][vc_column_text css=\u00bb\u00bb]<\/p>\n<h1><b>Feria de Emprendimiento re\u00fane a diversas organizaciones en el T\u00e1chira<\/b><\/h1>\n<p>[\/vc_column_text][vc_single_image image=\u00bb8770&#8243; img_size=\u00bbfull\u00bb alignment=\u00bbcenter\u00bb css=\u00bb\u00bb][vc_column_text css=\u00bb\u00bb]<\/p>\n<p style=\"text-align: right;\"><b>Germ\u00e1n Osorio | <\/b><em>Referente de Comunicaci\u00f3n de Fe y Alegr\u00eda Capacitaci\u00f3n<\/em><\/p>\n<p>[\/vc_column_text][vc_separator][vc_column_text css=\u00bb\u00bb]<\/p>\n<p style=\"text-align: justify;\"><span style=\"font-weight: 400;\">Fe y Alegr\u00eda Capacitaci\u00f3n organiz\u00f3 en alianza con la Agencia de la ONU para los Refugiados (ACNUR) la Feria de Emprendimiento desarrollada en el estado T\u00e1chira, espec\u00edficamente en la localidad del Tejar de Rubio, de la parroquia Jun\u00edn, en el municipio Jun\u00edn.<br \/>\nEl objetivo principal de esta iniciativa fue visibilizar y potenciar los diversos procesos de emprendimiento en la regi\u00f3n, especialmente aquellos desarrollados por el centro de capacitaci\u00f3n de Fe y Alegr\u00eda en el oficio de Corte y Costura.<\/span><\/p>\n<p style=\"text-align: justify;\"><span style=\"font-weight: 400;\"><br \/>\nDaniel Torres, coordinador regional de terreno de Fe y Alegr\u00eda Capacitaci\u00f3n nos coment\u00f3 que crear una red de emprendedores es un objetivo clave de estos eventos.<\/span><\/p>\n<p style=\"text-align: justify;\"><span style=\"font-weight: 400;\"><br \/>\n\u201cQue el sector empresarial visibilice a los nuevos emprendedores y que estos puedan conocer a empresarios experimentados es un logro invaluable, pues puede impulsar considerablemente el desarrollo de sus propios proyectos\u201d, agreg\u00f3.<\/span><\/p>\n<p style=\"text-align: justify;\"><span style=\"font-weight: 400;\"><br \/>\nEn ese sentido, se\u00f1al\u00f3 que es motivo de orgullo ser parte del crecimiento y fortalecimiento de la cultura emprendedora en el estado T\u00e1chira.<\/span><\/p>\n<p>&nbsp;<\/p>\n<p style=\"text-align: justify;\"><span style=\"font-weight: 400;\">En la actividad tambi\u00e9n participaron otras organizaciones como la Organizaci\u00f3n Internacional para las Migraciones (OIM), la Sociedad de Ayuda a Inmigrantes Hebreos (HIAS),la Fundaci\u00f3n Econ\u00f3mica del estado T\u00e1chira (FUNDESTA), representantes de la Embajada Colombiana y la C\u00e1mara Cooperativa de Textileros del T\u00e1chira.<br \/>\n<\/span><\/p>\n<p>[\/vc_column_text][vc_row_inner][vc_column_inner width=\u00bb1\/2&#8243;][vc_single_image image=\u00bb8771&#8243; img_size=\u00bbFull\u00bb alignment=\u00bbcenter\u00bb css=\u00bb\u00bb][\/vc_column_inner][vc_column_inner width=\u00bb1\/2&#8243;][vc_single_image image=\u00bb8772&#8243; img_size=\u00bbFull\u00bb alignment=\u00bbcenter\u00bb css=\u00bb\u00bb][\/vc_column_inner][\/vc_row_inner][vc_row_inner][vc_column_inner][vc_column_text css=\u00bb\u00bb]<\/p>\n<p style=\"text-align: right;\"><strong>Caracas, 22 de enero de 2025<\/strong><\/p>\n<p>[\/vc_column_text][\/vc_column_inner][\/vc_row_inner][\/vc_column][\/vc_row]<\/p>\n<\/div>","protected":false},"excerpt":{"rendered":"<div style=\"height: 265px\">Fe y Alegr\u00eda Capacitaci\u00f3n organiz\u00f3, en alianza con la Agencia de la ONU para los Refugiados (ACNUR), la Feria de Emprendimiento <\/div>\n","protected":false},"author":6,"featured_media":8770,"comment_status":"open","ping_status":"open","sticky":false,"template":"","format":"standard","meta":{"_acf_changed":false,"footnotes":""},"categories":[746],"tags":[634,774],"post_folder":[],"class_list":["post-8741","post","type-post","status-publish","format-standard","has-post-thumbnail","hentry","category-boletin-interno","tag-capacitacion","tag-emprendimiento"],"acf":[],"yoast_head":"<!-- This site is optimized with the Yoast SEO plugin v27.4 - https:\/\/yoast.com\/product\/yoast-seo-wordpress\/ -->\n<title>Feria de Emprendimiento re\u00fane a diversas organizaciones en el T\u00e1chira - Fe y Alegr\u00eda en Venezuela<\/title>\n<meta name=\"description\" content=\"Fe y Alegr\u00eda Capacitaci\u00f3n organiz\u00f3, en alianza con la Agencia de la ONU para los Refugiados (ACNUR), la Feria de Emprendimiento\" \/>\n<meta name=\"robots\" content=\"index, follow, max-snippet:-1, max-image-preview:large, max-video-preview:-1\" \/>\n<link rel=\"canonical\" href=\"https:\/\/www.feyalegria.org\/venezuela\/feria-de-emprendimiento-reune-a-diversas-organizaciones-en-el-tachira\/\" \/>\n<meta property=\"og:locale\" content=\"es_ES\" \/>\n<meta property=\"og:type\" content=\"article\" \/>\n<meta property=\"og:title\" content=\"Feria de Emprendimiento re\u00fane a diversas organizaciones en el T\u00e1chira - Fe y Alegr\u00eda en Venezuela\" \/>\n<meta property=\"og:description\" content=\"Fe y Alegr\u00eda Capacitaci\u00f3n organiz\u00f3, en alianza con la Agencia de la ONU para los Refugiados (ACNUR), la Feria de Emprendimiento\" \/>\n<meta property=\"og:url\" content=\"https:\/\/www.feyalegria.org\/venezuela\/feria-de-emprendimiento-reune-a-diversas-organizaciones-en-el-tachira\/\" \/>\n<meta property=\"og:site_name\" content=\"Fe y Alegr\u00eda en Venezuela\" \/>\n<meta property=\"article:published_time\" content=\"2025-01-23T02:35:11+00:00\" \/>\n<meta property=\"article:modified_time\" content=\"2025-01-23T12:29:08+00:00\" \/>\n<meta property=\"og:image\" content=\"https:\/\/d3pugrm67vf9n7.cloudfront.net\/wp-content\/uploads\/sites\/4\/2025\/01\/23122606\/Capacitacion-39-1.jpg\" \/>\n\t<meta property=\"og:image:width\" content=\"1200\" \/>\n\t<meta property=\"og:image:height\" content=\"900\" \/>\n\t<meta property=\"og:image:type\" content=\"image\/jpeg\" \/>\n<meta name=\"author\" content=\"Erika Briceno\" \/>\n<meta name=\"twitter:card\" content=\"summary_large_image\" \/>\n<meta name=\"twitter:label1\" content=\"Escrito por\" \/>\n\t<meta name=\"twitter:data1\" content=\"Erika Briceno\" \/>\n\t<meta name=\"twitter:label2\" content=\"Tiempo de lectura\" \/>\n\t<meta name=\"twitter:data2\" content=\"2 minutos\" \/>\n<script type=\"application\/ld+json\" class=\"yoast-schema-graph\">{\"@context\":\"https:\\\/\\\/schema.org\",\"@graph\":[{\"@type\":\"Article\",\"@id\":\"https:\\\/\\\/www.feyalegria.org\\\/venezuela\\\/feria-de-emprendimiento-reune-a-diversas-organizaciones-en-el-tachira\\\/#article\",\"isPartOf\":{\"@id\":\"https:\\\/\\\/www.feyalegria.org\\\/venezuela\\\/feria-de-emprendimiento-reune-a-diversas-organizaciones-en-el-tachira\\\/\"},\"author\":{\"name\":\"Erika Briceno\",\"@id\":\"https:\\\/\\\/www.feyalegria.org\\\/venezuela\\\/#\\\/schema\\\/person\\\/fcd504e06f93320841b99f79f3ab0180\"},\"headline\":\"Feria de Emprendimiento re\u00fane a diversas organizaciones en el T\u00e1chira\",\"datePublished\":\"2025-01-23T02:35:11+00:00\",\"dateModified\":\"2025-01-23T12:29:08+00:00\",\"mainEntityOfPage\":{\"@id\":\"https:\\\/\\\/www.feyalegria.org\\\/venezuela\\\/feria-de-emprendimiento-reune-a-diversas-organizaciones-en-el-tachira\\\/\"},\"wordCount\":366,\"commentCount\":0,\"image\":{\"@id\":\"https:\\\/\\\/www.feyalegria.org\\\/venezuela\\\/feria-de-emprendimiento-reune-a-diversas-organizaciones-en-el-tachira\\\/#primaryimage\"},\"thumbnailUrl\":\"https:\\\/\\\/d3pugrm67vf9n7.cloudfront.net\\\/wp-content\\\/uploads\\\/sites\\\/4\\\/2025\\\/01\\\/23122606\\\/Capacitacion-39-1.jpg\",\"keywords\":[\"Capacitaci\u00f3n\",\"emprendimiento\"],\"articleSection\":[\"Bolet\u00edn Interno\"],\"inLanguage\":\"es\",\"potentialAction\":[{\"@type\":\"CommentAction\",\"name\":\"Comment\",\"target\":[\"https:\\\/\\\/www.feyalegria.org\\\/venezuela\\\/feria-de-emprendimiento-reune-a-diversas-organizaciones-en-el-tachira\\\/#respond\"]}]},{\"@type\":\"WebPage\",\"@id\":\"https:\\\/\\\/www.feyalegria.org\\\/venezuela\\\/feria-de-emprendimiento-reune-a-diversas-organizaciones-en-el-tachira\\\/\",\"url\":\"https:\\\/\\\/www.feyalegria.org\\\/venezuela\\\/feria-de-emprendimiento-reune-a-diversas-organizaciones-en-el-tachira\\\/\",\"name\":\"Feria de Emprendimiento re\u00fane a diversas organizaciones en el T\u00e1chira - Fe y Alegr\u00eda en Venezuela\",\"isPartOf\":{\"@id\":\"https:\\\/\\\/www.feyalegria.org\\\/venezuela\\\/#website\"},\"primaryImageOfPage\":{\"@id\":\"https:\\\/\\\/www.feyalegria.org\\\/venezuela\\\/feria-de-emprendimiento-reune-a-diversas-organizaciones-en-el-tachira\\\/#primaryimage\"},\"image\":{\"@id\":\"https:\\\/\\\/www.feyalegria.org\\\/venezuela\\\/feria-de-emprendimiento-reune-a-diversas-organizaciones-en-el-tachira\\\/#primaryimage\"},\"thumbnailUrl\":\"https:\\\/\\\/d3pugrm67vf9n7.cloudfront.net\\\/wp-content\\\/uploads\\\/sites\\\/4\\\/2025\\\/01\\\/23122606\\\/Capacitacion-39-1.jpg\",\"datePublished\":\"2025-01-23T02:35:11+00:00\",\"dateModified\":\"2025-01-23T12:29:08+00:00\",\"author\":{\"@id\":\"https:\\\/\\\/www.feyalegria.org\\\/venezuela\\\/#\\\/schema\\\/person\\\/fcd504e06f93320841b99f79f3ab0180\"},\"description\":\"Fe y Alegr\u00eda Capacitaci\u00f3n organiz\u00f3, en alianza con la Agencia de la ONU para los Refugiados (ACNUR), la Feria de Emprendimiento\",\"inLanguage\":\"es\",\"potentialAction\":[{\"@type\":\"ReadAction\",\"target\":[\"https:\\\/\\\/www.feyalegria.org\\\/venezuela\\\/feria-de-emprendimiento-reune-a-diversas-organizaciones-en-el-tachira\\\/\"]}]},{\"@type\":\"ImageObject\",\"inLanguage\":\"es\",\"@id\":\"https:\\\/\\\/www.feyalegria.org\\\/venezuela\\\/feria-de-emprendimiento-reune-a-diversas-organizaciones-en-el-tachira\\\/#primaryimage\",\"url\":\"https:\\\/\\\/d3pugrm67vf9n7.cloudfront.net\\\/wp-content\\\/uploads\\\/sites\\\/4\\\/2025\\\/01\\\/23122606\\\/Capacitacion-39-1.jpg\",\"contentUrl\":\"https:\\\/\\\/d3pugrm67vf9n7.cloudfront.net\\\/wp-content\\\/uploads\\\/sites\\\/4\\\/2025\\\/01\\\/23122606\\\/Capacitacion-39-1.jpg\",\"width\":1200,\"height\":900},{\"@type\":\"WebSite\",\"@id\":\"https:\\\/\\\/www.feyalegria.org\\\/venezuela\\\/#website\",\"url\":\"https:\\\/\\\/www.feyalegria.org\\\/venezuela\\\/\",\"name\":\"Fe y Alegr\u00eda en Venezuela\",\"description\":\"\",\"potentialAction\":[{\"@type\":\"SearchAction\",\"target\":{\"@type\":\"EntryPoint\",\"urlTemplate\":\"https:\\\/\\\/www.feyalegria.org\\\/venezuela\\\/?s={search_term_string}\"},\"query-input\":{\"@type\":\"PropertyValueSpecification\",\"valueRequired\":true,\"valueName\":\"search_term_string\"}}],\"inLanguage\":\"es\"},{\"@type\":\"Person\",\"@id\":\"https:\\\/\\\/www.feyalegria.org\\\/venezuela\\\/#\\\/schema\\\/person\\\/fcd504e06f93320841b99f79f3ab0180\",\"name\":\"Erika Briceno\",\"url\":\"https:\\\/\\\/www.feyalegria.org\\\/venezuela\\\/author\\\/comunfifya\\\/\"}]}<\/script>\n<!-- \/ Yoast SEO plugin. -->","yoast_head_json":{"title":"Feria de Emprendimiento re\u00fane a diversas organizaciones en el T\u00e1chira - Fe y Alegr\u00eda en Venezuela","description":"Fe y Alegr\u00eda Capacitaci\u00f3n organiz\u00f3, en alianza con la Agencia de la ONU para los Refugiados (ACNUR), la Feria de Emprendimiento","robots":{"index":"index","follow":"follow","max-snippet":"max-snippet:-1","max-image-preview":"max-image-preview:large","max-video-preview":"max-video-preview:-1"},"canonical":"https:\/\/www.feyalegria.org\/venezuela\/feria-de-emprendimiento-reune-a-diversas-organizaciones-en-el-tachira\/","og_locale":"es_ES","og_type":"article","og_title":"Feria de Emprendimiento re\u00fane a diversas organizaciones en el T\u00e1chira - Fe y Alegr\u00eda en Venezuela","og_description":"Fe y Alegr\u00eda Capacitaci\u00f3n organiz\u00f3, en alianza con la Agencia de la ONU para los Refugiados (ACNUR), la Feria de Emprendimiento","og_url":"https:\/\/www.feyalegria.org\/venezuela\/feria-de-emprendimiento-reune-a-diversas-organizaciones-en-el-tachira\/","og_site_name":"Fe y Alegr\u00eda en Venezuela","article_published_time":"2025-01-23T02:35:11+00:00","article_modified_time":"2025-01-23T12:29:08+00:00","og_image":[{"width":1200,"height":900,"url":"https:\/\/d3pugrm67vf9n7.cloudfront.net\/wp-content\/uploads\/sites\/4\/2025\/01\/23122606\/Capacitacion-39-1.jpg","type":"image\/jpeg"}],"author":"Erika Briceno","twitter_card":"summary_large_image","twitter_misc":{"Escrito por":"Erika Briceno","Tiempo de lectura":"2 minutos"},"schema":{"@context":"https:\/\/schema.org","@graph":[{"@type":"Article","@id":"https:\/\/www.feyalegria.org\/venezuela\/feria-de-emprendimiento-reune-a-diversas-organizaciones-en-el-tachira\/#article","isPartOf":{"@id":"https:\/\/www.feyalegria.org\/venezuela\/feria-de-emprendimiento-reune-a-diversas-organizaciones-en-el-tachira\/"},"author":{"name":"Erika Briceno","@id":"https:\/\/www.feyalegria.org\/venezuela\/#\/schema\/person\/fcd504e06f93320841b99f79f3ab0180"},"headline":"Feria de Emprendimiento re\u00fane a diversas organizaciones en el T\u00e1chira","datePublished":"2025-01-23T02:35:11+00:00","dateModified":"2025-01-23T12:29:08+00:00","mainEntityOfPage":{"@id":"https:\/\/www.feyalegria.org\/venezuela\/feria-de-emprendimiento-reune-a-diversas-organizaciones-en-el-tachira\/"},"wordCount":366,"commentCount":0,"image":{"@id":"https:\/\/www.feyalegria.org\/venezuela\/feria-de-emprendimiento-reune-a-diversas-organizaciones-en-el-tachira\/#primaryimage"},"thumbnailUrl":"https:\/\/d3pugrm67vf9n7.cloudfront.net\/wp-content\/uploads\/sites\/4\/2025\/01\/23122606\/Capacitacion-39-1.jpg","keywords":["Capacitaci\u00f3n","emprendimiento"],"articleSection":["Bolet\u00edn Interno"],"inLanguage":"es","potentialAction":[{"@type":"CommentAction","name":"Comment","target":["https:\/\/www.feyalegria.org\/venezuela\/feria-de-emprendimiento-reune-a-diversas-organizaciones-en-el-tachira\/#respond"]}]},{"@type":"WebPage","@id":"https:\/\/www.feyalegria.org\/venezuela\/feria-de-emprendimiento-reune-a-diversas-organizaciones-en-el-tachira\/","url":"https:\/\/www.feyalegria.org\/venezuela\/feria-de-emprendimiento-reune-a-diversas-organizaciones-en-el-tachira\/","name":"Feria de Emprendimiento re\u00fane a diversas organizaciones en el T\u00e1chira - Fe y Alegr\u00eda en Venezuela","isPartOf":{"@id":"https:\/\/www.feyalegria.org\/venezuela\/#website"},"primaryImageOfPage":{"@id":"https:\/\/www.feyalegria.org\/venezuela\/feria-de-emprendimiento-reune-a-diversas-organizaciones-en-el-tachira\/#primaryimage"},"image":{"@id":"https:\/\/www.feyalegria.org\/venezuela\/feria-de-emprendimiento-reune-a-diversas-organizaciones-en-el-tachira\/#primaryimage"},"thumbnailUrl":"https:\/\/d3pugrm67vf9n7.cloudfront.net\/wp-content\/uploads\/sites\/4\/2025\/01\/23122606\/Capacitacion-39-1.jpg","datePublished":"2025-01-23T02:35:11+00:00","dateModified":"2025-01-23T12:29:08+00:00","author":{"@id":"https:\/\/www.feyalegria.org\/venezuela\/#\/schema\/person\/fcd504e06f93320841b99f79f3ab0180"},"description":"Fe y Alegr\u00eda Capacitaci\u00f3n organiz\u00f3, en alianza con la Agencia de la ONU para los Refugiados (ACNUR), la Feria de Emprendimiento","inLanguage":"es","potentialAction":[{"@type":"ReadAction","target":["https:\/\/www.feyalegria.org\/venezuela\/feria-de-emprendimiento-reune-a-diversas-organizaciones-en-el-tachira\/"]}]},{"@type":"ImageObject","inLanguage":"es","@id":"https:\/\/www.feyalegria.org\/venezuela\/feria-de-emprendimiento-reune-a-diversas-organizaciones-en-el-tachira\/#primaryimage","url":"https:\/\/d3pugrm67vf9n7.cloudfront.net\/wp-content\/uploads\/sites\/4\/2025\/01\/23122606\/Capacitacion-39-1.jpg","contentUrl":"https:\/\/d3pugrm67vf9n7.cloudfront.net\/wp-content\/uploads\/sites\/4\/2025\/01\/23122606\/Capacitacion-39-1.jpg","width":1200,"height":900},{"@type":"WebSite","@id":"https:\/\/www.feyalegria.org\/venezuela\/#website","url":"https:\/\/www.feyalegria.org\/venezuela\/","name":"Fe y Alegr\u00eda en Venezuela","description":"","potentialAction":[{"@type":"SearchAction","target":{"@type":"EntryPoint","urlTemplate":"https:\/\/www.feyalegria.org\/venezuela\/?s={search_term_string}"},"query-input":{"@type":"PropertyValueSpecification","valueRequired":true,"valueName":"search_term_string"}}],"inLanguage":"es"},{"@type":"Person","@id":"https:\/\/www.feyalegria.org\/venezuela\/#\/schema\/person\/fcd504e06f93320841b99f79f3ab0180","name":"Erika Briceno","url":"https:\/\/www.feyalegria.org\/venezuela\/author\/comunfifya\/"}]}},"_links":{"self":[{"href":"https:\/\/www.feyalegria.org\/venezuela\/wp-json\/wp\/v2\/posts\/8741","targetHints":{"allow":["GET"]}}],"collection":[{"href":"https:\/\/www.feyalegria.org\/venezuela\/wp-json\/wp\/v2\/posts"}],"about":[{"href":"https:\/\/www.feyalegria.org\/venezuela\/wp-json\/wp\/v2\/types\/post"}],"author":[{"embeddable":true,"href":"https:\/\/www.feyalegria.org\/venezuela\/wp-json\/wp\/v2\/users\/6"}],"replies":[{"embeddable":true,"href":"https:\/\/www.feyalegria.org\/venezuela\/wp-json\/wp\/v2\/comments?post=8741"}],"version-history":[{"count":0,"href":"https:\/\/www.feyalegria.org\/venezuela\/wp-json\/wp\/v2\/posts\/8741\/revisions"}],"wp:featuredmedia":[{"embeddable":true,"href":"https:\/\/www.feyalegria.org\/venezuela\/wp-json\/wp\/v2\/media\/8770"}],"wp:attachment":[{"href":"https:\/\/www.feyalegria.org\/venezuela\/wp-json\/wp\/v2\/media?parent=8741"}],"wp:term":[{"taxonomy":"category","embeddable":true,"href":"https:\/\/www.feyalegria.org\/venezuela\/wp-json\/wp\/v2\/categories?post=8741"},{"taxonomy":"post_tag","embeddable":true,"href":"https:\/\/www.feyalegria.org\/venezuela\/wp-json\/wp\/v2\/tags?post=8741"},{"taxonomy":"post_folder","embeddable":true,"href":"https:\/\/www.feyalegria.org\/venezuela\/wp-json\/wp\/v2\/post_folder?post=8741"}],"curies":[{"name":"wp","href":"https:\/\/api.w.org\/{rel}","templated":true}]}}