{"id":8850,"date":"2025-01-30T02:46:58","date_gmt":"2025-01-30T02:46:58","guid":{"rendered":"https:\/\/www.feyalegria.org\/venezuela\/?p=8850"},"modified":"2025-01-30T02:48:04","modified_gmt":"2025-01-30T02:48:04","slug":"daniel-villanueva-sj-en-2030-haran-falta-44-millones-de-profesores-en-el-mundo","status":"publish","type":"post","link":"https:\/\/www.feyalegria.org\/venezuela\/daniel-villanueva-sj-en-2030-haran-falta-44-millones-de-profesores-en-el-mundo\/","title":{"rendered":"Daniel Villanueva, SJ: \u201cEn 2030 har\u00e1n falta 44 millones de profesores en el mundo\u201d"},"content":{"rendered":"<div class=\"wpb-content-wrapper\"><p>[vc_row][vc_column][vc_column_text css=\u00bb\u00bb]<\/p>\n<div class=\"wpb_text_column wpb_content_element\">\n<div class=\"wpb_wrapper\">\n<div class=\"wpb_text_column wpb_content_element\">\n<div class=\"wpb_wrapper\">\n<h1><b>Daniel Villanueva, SJ: \u201cEn 2030 har\u00e1n falta 44 millones de profesores en el mundo\u201d<\/b><\/h1>\n<\/div>\n<\/div>\n<\/div>\n<\/div>\n<p>[\/vc_column_text][vc_single_image image=\u00bb8851&#8243; img_size=\u00bbfull\u00bb alignment=\u00bbcenter\u00bb css=\u00bb\u00bb][vc_column_text css=\u00bb\u00bb]<\/p>\n<p style=\"text-align: right;\"><b>Mar\u00eda Teresa Villafrade |\u00a0<\/b><em>Fe y Alegr\u00eda Chile<\/em><\/p>\n<p>[\/vc_column_text][vc_separator][vc_row_inner css=\u00bb.vc_custom_1738204336250{padding-right: 30px !important;padding-left: 30px !important;background-color: #E4E4E454 !important;}\u00bb][vc_column_inner][vc_column_text css=\u00bb\u00bb]<\/p>\n<p style=\"text-align: justify;\"><em>El sacerdote jesuita y coordinador general de Fe y Alegr\u00eda, lleg\u00f3 a Chile en una visita de cuatro d\u00edas para comprender el impacto de este movimiento internacional en el pa\u00eds. En su recorrido, conoci\u00f3 el trabajo de Fundaci\u00f3n S\u00famate y reflexion\u00f3 sobre los desaf\u00edos y oportunidades para la educaci\u00f3n popular. La crisis del profesorado, la falta de inter\u00e9s familiar y la pobreza de aprendizaje son algunos de los desaf\u00edos mencionados<\/em><\/p>\n<p>[\/vc_column_text][\/vc_column_inner][\/vc_row_inner][vc_row_inner][vc_column_inner][vc_column_text css=\u00bb\u00bb]<\/p>\n<p style=\"text-align: justify;\">El jesuita espa\u00f1ol Daniel Villanueva combina una s\u00f3lida formaci\u00f3n acad\u00e9mica y profesional. Ingeniero en sistemas, licenciado en Teolog\u00eda Moral Social, m\u00e1ster en gesti\u00f3n multinacional, tambi\u00e9n cuenta con postgrados en Ayuda Humanitaria, Liderazgo e Innovaci\u00f3n en oeneg\u00e9s. Durante m\u00e1s de una d\u00e9cada, desempe\u00f1\u00f3 diversos roles en Entreculturas\u2013Fe y Alegr\u00eda Espa\u00f1a, incluyendo la direcci\u00f3n general entre 2015 y 2017. En 2022 asume la coordinaci\u00f3n de Fe y Alegr\u00eda Internacional.<\/p>\n<p style=\"text-align: justify;\">\u201cFe y Alegr\u00eda est\u00e1 presente en 22 pa\u00edses y Fundaci\u00f3n S\u00famate representa nuestra labor en Chile. Mi objetivo es escuchar y comprender las necesidades locales para fortalecer la colaboraci\u00f3n internacional\u201d, declar\u00f3 Villanueva.<\/p>\n<p style=\"text-align: justify;\">En su primera jornada, visit\u00f3 el programa socioeducativo de S\u00famate en la poblaci\u00f3n El Castillo, en La Pintana y, al d\u00eda siguiente, recorri\u00f3 el Colegio Betania en La Granja. \u201cMe sorprende la similitud en las respuestas educativas de calidad en diferentes pa\u00edses. Lo que aprendo en Chile enriquecer\u00e1 nuestras estrategias globales\u201d.<\/p>\n<p style=\"text-align: justify;\">Adem\u00e1s, destac\u00f3 la sinton\u00eda entre S\u00famate y el Hogar de Cristo, en iniciativas como los 35 jardines infantiles que se enfocan en la educaci\u00f3n temprana. \u201cEste enfoque es clave para el impacto social que buscamos lograr\u201d, enfatiz\u00f3.<\/p>\n<p>[\/vc_column_text][vc_single_image image=\u00bb8856&#8243; img_size=\u00bbfull\u00bb alignment=\u00bbcenter\u00bb css=\u00bb\u00bb][vc_column_text css=\u00bb\u00bb]<\/p>\n<h3 style=\"text-align: justify;\">Pobreza de aprendizaje<\/h3>\n<p>&nbsp;<\/p>\n<p style=\"text-align: justify;\">Villanueva puso sobre la mesa un desaf\u00edo urgente y es lo que se conoce como \u201cpobreza de aprendizaje\u201d.<br \/>\n\u201cSeg\u00fan las cifras de la Unesco, el 70% de los ni\u00f1os de 10 a\u00f1os en pa\u00edses de ingresos medios y bajos no comprende lo que lee. Este dato nos obliga a replantear el modelo educativo\u201d, explic\u00f3. La pandemia exacerb\u00f3 esta situaci\u00f3n, evidenciando la necesidad de garantizar calidad educativa y ya no simplemente el acceso a la educaci\u00f3n. \u201cPor eso se entiende que se produzca una desvinculaci\u00f3n del inter\u00e9s familiar cuando antes era inconcebible que una familia no defendiera la educaci\u00f3n de sus hijos\u201d, agrega.<\/p>\n<p>&nbsp;<\/p>\n<p style=\"text-align: justify;\">Otro tema crucial para Villanueva es la crisis del profesorado. \u201cLa madurez de un pa\u00eds se refleja en c\u00f3mo trata a sus docentes. Sin profesores de calidad, no hay sistemas educativos sostenibles\u201d, se\u00f1al\u00f3. Con una proyecci\u00f3n de la Unesco de que har\u00e1n falta 44 millones de profesores para 2030, la brecha educativa podr\u00eda ampliarse si no se toman medidas urgentes. \u201cNo solo se ha producido una deserci\u00f3n masiva de profesores, sino que pronto ella se conjugar\u00e1 con una jubilaci\u00f3n en masa de ellos, lo que solo acrecentar\u00e1 el problema\u201d, sentenci\u00f3.<\/p>\n<p>&nbsp;<\/p>\n<p style=\"text-align: justify;\"><strong>\u2013\u00bfCu\u00e1l es la principal meta a corto plazo?<\/strong><\/p>\n<p>&nbsp;<\/p>\n<p style=\"text-align: justify;\">\u2013Nuestro sue\u00f1o, tanto de S\u00famate como de Fe y Alegr\u00eda, es influir en las pol\u00edticas p\u00fablicas. No es s\u00f3lo prestar servicio a la gente con la que trabajamos sino demostrar que la educaci\u00f3n es un bien p\u00fablico que tiene que estar garantizado por el Estado. Nosotros podemos ayudar al Estado a encontrar modalidades m\u00e1s justas y equitativas, m\u00e1s cercanas a la poblaci\u00f3n m\u00e1s necesitada, que sean m\u00e1s econ\u00f3micas y eficientes.<\/p>\n<p>[\/vc_column_text][\/vc_column_inner][\/vc_row_inner][vc_row_inner][vc_column_inner width=\u00bb1\/2&#8243;][vc_single_image image=\u00bb8854&#8243; img_size=\u00bbfull\u00bb alignment=\u00bbcenter\u00bb css=\u00bb\u00bb][\/vc_column_inner][vc_column_inner width=\u00bb1\/2&#8243;][vc_single_image image=\u00bb8857&#8243; img_size=\u00bbfull\u00bb alignment=\u00bbcenter\u00bb css=\u00bb\u00bb][\/vc_column_inner][\/vc_row_inner][vc_column_text css=\u00bb\u00bb]<\/p>\n<h3>Educaci\u00f3n radial<\/h3>\n<p>&nbsp;<\/p>\n<p style=\"text-align: justify;\">Para \u00e9l, S\u00famate tiene un componente de educaci\u00f3n no formal que es muy parecido a lo que Fe y Alegr\u00eda realiza en otros pa\u00edses, como el de los programas socioeducativos.<\/p>\n<p>&nbsp;<\/p>\n<p style=\"text-align: justify;\"><img loading=\"lazy\" decoding=\"async\" class=\" wp-image-23043 alignleft\" src=\"https:\/\/d3pugrm67vf9n7.cloudfront.net\/wp-content\/uploads\/2024\/12\/19143846\/Dani-Chile-334-3-500x375.jpg\" sizes=\"auto, (max-width: 400px) 100vw, 400px\" srcset=\"https:\/\/d3pugrm67vf9n7.cloudfront.net\/wp-content\/uploads\/2024\/12\/19143846\/Dani-Chile-334-3-500x375.jpg 500w, https:\/\/d3pugrm67vf9n7.cloudfront.net\/wp-content\/uploads\/2024\/12\/19143846\/Dani-Chile-334-3-1024x768.jpg 1024w, https:\/\/d3pugrm67vf9n7.cloudfront.net\/wp-content\/uploads\/2024\/12\/19143846\/Dani-Chile-334-3-768x576.jpg 768w, https:\/\/d3pugrm67vf9n7.cloudfront.net\/wp-content\/uploads\/2024\/12\/19143846\/Dani-Chile-334-3.jpg 1200w\" alt=\"\" width=\"400\" height=\"300\" \/>\u201cEl movimiento en general impacta a 826 mil personas. Principalmente somos un movimiento de educaci\u00f3n formal en su mayor\u00eda, pero a\u00fan as\u00ed tenemos 98 emisoras de institutos radiof\u00f3nicos. Es decir, mucho componente de educaci\u00f3n radial, de formaci\u00f3n para el trabajo, educaci\u00f3n alternativa, educaci\u00f3n de adultos. Lo que me est\u00e1 gustando de esta visita es que veo una sinton\u00eda muy grande con la l\u00ednea de Hogar de Cristo a trav\u00e9s de S\u00famate y de sus 35 jardines infantiles, que se dedican a la infancia temprana, otra de las grandes l\u00edneas de impacto que Fe y Alegr\u00eda desarrolla en muchas pa\u00edses\u201d.<\/p>\n<p>&nbsp;<\/p>\n<p style=\"text-align: justify;\">La visita de Daniel Villanueva SJ no solo refuerza la conexi\u00f3n de Chile con el movimiento global de Fe y Alegr\u00eda, sino que tambi\u00e9n deja un mensaje claro: la educaci\u00f3n es el camino para construir una sociedad m\u00e1s equitativa y solidaria.<\/p>\n<p>[\/vc_column_text][vc_row_inner][vc_column_inner][vc_column_text css=\u00bb\u00bb]<\/p>\n<p style=\"text-align: right;\"><strong><em>Caracas, 30 de enero de 2025<\/em><\/strong><\/p>\n<p>[\/vc_column_text][\/vc_column_inner][\/vc_row_inner][\/vc_column][\/vc_row]<\/p>\n<\/div>","protected":false},"excerpt":{"rendered":"<div style=\"height: 200px\">El sacerdote jesuita y coordinador general de Fe y Alegr\u00eda, visit\u00f3 Chile para comprender el impacto del movimiento internacional en el pa\u00eds.<\/div>\n","protected":false},"author":6,"featured_media":8858,"comment_status":"open","ping_status":"open","sticky":false,"template":"","format":"standard","meta":{"_acf_changed":false,"footnotes":""},"categories":[746,183],"tags":[1041,400,1043],"post_folder":[],"class_list":["post-8850","post","type-post","status-publish","format-standard","has-post-thumbnail","hentry","category-boletin-interno","category-noticias","tag-educadores","tag-fe-y-alegria","tag-fe-y-alegria-internacional"],"acf":[],"yoast_head":"<!-- This site is optimized with the Yoast SEO plugin v27.5 - https:\/\/yoast.com\/product\/yoast-seo-wordpress\/ -->\n<title>Daniel Villanueva, SJ: \u201cEn 2030 har\u00e1n falta 44 millones de profesores en el mundo\u201d - Fe y Alegr\u00eda en Venezuela<\/title>\n<meta name=\"description\" content=\"El sacerdote jesuita y coordinador general de Fe y Alegr\u00eda, visit\u00f3 Chile para comprender el impacto del movimiento internacional en el pa\u00eds.\" \/>\n<meta name=\"robots\" content=\"index, follow, max-snippet:-1, max-image-preview:large, max-video-preview:-1\" \/>\n<link rel=\"canonical\" href=\"https:\/\/www.feyalegria.org\/venezuela\/daniel-villanueva-sj-en-2030-haran-falta-44-millones-de-profesores-en-el-mundo\/\" \/>\n<meta property=\"og:locale\" content=\"es_ES\" \/>\n<meta property=\"og:type\" content=\"article\" \/>\n<meta property=\"og:title\" content=\"Daniel Villanueva, SJ: \u201cEn 2030 har\u00e1n falta 44 millones de profesores en el mundo\u201d - Fe y Alegr\u00eda en Venezuela\" \/>\n<meta property=\"og:description\" content=\"El sacerdote jesuita y coordinador general de Fe y Alegr\u00eda, visit\u00f3 Chile para comprender el impacto del movimiento internacional en el pa\u00eds.\" \/>\n<meta property=\"og:url\" content=\"https:\/\/www.feyalegria.org\/venezuela\/daniel-villanueva-sj-en-2030-haran-falta-44-millones-de-profesores-en-el-mundo\/\" \/>\n<meta property=\"og:site_name\" content=\"Fe y Alegr\u00eda en Venezuela\" \/>\n<meta property=\"article:published_time\" content=\"2025-01-30T02:46:58+00:00\" \/>\n<meta property=\"article:modified_time\" content=\"2025-01-30T02:48:04+00:00\" \/>\n<meta property=\"og:image\" content=\"https:\/\/d3pugrm67vf9n7.cloudfront.net\/wp-content\/uploads\/sites\/4\/2025\/01\/30023455\/Dani-Chile-334-6.jpg\" \/>\n\t<meta property=\"og:image:width\" content=\"300\" \/>\n\t<meta property=\"og:image:height\" content=\"300\" \/>\n\t<meta property=\"og:image:type\" content=\"image\/jpeg\" \/>\n<meta name=\"author\" content=\"Erika Briceno\" \/>\n<meta name=\"twitter:card\" content=\"summary_large_image\" \/>\n<meta name=\"twitter:label1\" content=\"Escrito por\" \/>\n\t<meta name=\"twitter:data1\" content=\"Erika Briceno\" \/>\n\t<meta name=\"twitter:label2\" content=\"Tiempo de lectura\" \/>\n\t<meta name=\"twitter:data2\" content=\"4 minutos\" \/>\n<script type=\"application\/ld+json\" class=\"yoast-schema-graph\">{\"@context\":\"https:\\\/\\\/schema.org\",\"@graph\":[{\"@type\":\"Article\",\"@id\":\"https:\\\/\\\/www.feyalegria.org\\\/venezuela\\\/daniel-villanueva-sj-en-2030-haran-falta-44-millones-de-profesores-en-el-mundo\\\/#article\",\"isPartOf\":{\"@id\":\"https:\\\/\\\/www.feyalegria.org\\\/venezuela\\\/daniel-villanueva-sj-en-2030-haran-falta-44-millones-de-profesores-en-el-mundo\\\/\"},\"author\":{\"name\":\"Erika Briceno\",\"@id\":\"https:\\\/\\\/www.feyalegria.org\\\/venezuela\\\/#\\\/schema\\\/person\\\/fcd504e06f93320841b99f79f3ab0180\"},\"headline\":\"Daniel Villanueva, SJ: \u201cEn 2030 har\u00e1n falta 44 millones de profesores en el mundo\u201d\",\"datePublished\":\"2025-01-30T02:46:58+00:00\",\"dateModified\":\"2025-01-30T02:48:04+00:00\",\"mainEntityOfPage\":{\"@id\":\"https:\\\/\\\/www.feyalegria.org\\\/venezuela\\\/daniel-villanueva-sj-en-2030-haran-falta-44-millones-de-profesores-en-el-mundo\\\/\"},\"wordCount\":1003,\"commentCount\":0,\"image\":{\"@id\":\"https:\\\/\\\/www.feyalegria.org\\\/venezuela\\\/daniel-villanueva-sj-en-2030-haran-falta-44-millones-de-profesores-en-el-mundo\\\/#primaryimage\"},\"thumbnailUrl\":\"https:\\\/\\\/d3pugrm67vf9n7.cloudfront.net\\\/wp-content\\\/uploads\\\/sites\\\/4\\\/2025\\\/01\\\/30023455\\\/Dani-Chile-334-6.jpg\",\"keywords\":[\"Educadores\",\"Fe y Alegr\u00eda\",\"Fe y Alegr\u00eda Internacional\"],\"articleSection\":[\"Bolet\u00edn Interno\",\"Noticias\"],\"inLanguage\":\"es\",\"potentialAction\":[{\"@type\":\"CommentAction\",\"name\":\"Comment\",\"target\":[\"https:\\\/\\\/www.feyalegria.org\\\/venezuela\\\/daniel-villanueva-sj-en-2030-haran-falta-44-millones-de-profesores-en-el-mundo\\\/#respond\"]}]},{\"@type\":\"WebPage\",\"@id\":\"https:\\\/\\\/www.feyalegria.org\\\/venezuela\\\/daniel-villanueva-sj-en-2030-haran-falta-44-millones-de-profesores-en-el-mundo\\\/\",\"url\":\"https:\\\/\\\/www.feyalegria.org\\\/venezuela\\\/daniel-villanueva-sj-en-2030-haran-falta-44-millones-de-profesores-en-el-mundo\\\/\",\"name\":\"Daniel Villanueva, SJ: \u201cEn 2030 har\u00e1n falta 44 millones de profesores en el mundo\u201d - Fe y Alegr\u00eda en Venezuela\",\"isPartOf\":{\"@id\":\"https:\\\/\\\/www.feyalegria.org\\\/venezuela\\\/#website\"},\"primaryImageOfPage\":{\"@id\":\"https:\\\/\\\/www.feyalegria.org\\\/venezuela\\\/daniel-villanueva-sj-en-2030-haran-falta-44-millones-de-profesores-en-el-mundo\\\/#primaryimage\"},\"image\":{\"@id\":\"https:\\\/\\\/www.feyalegria.org\\\/venezuela\\\/daniel-villanueva-sj-en-2030-haran-falta-44-millones-de-profesores-en-el-mundo\\\/#primaryimage\"},\"thumbnailUrl\":\"https:\\\/\\\/d3pugrm67vf9n7.cloudfront.net\\\/wp-content\\\/uploads\\\/sites\\\/4\\\/2025\\\/01\\\/30023455\\\/Dani-Chile-334-6.jpg\",\"datePublished\":\"2025-01-30T02:46:58+00:00\",\"dateModified\":\"2025-01-30T02:48:04+00:00\",\"author\":{\"@id\":\"https:\\\/\\\/www.feyalegria.org\\\/venezuela\\\/#\\\/schema\\\/person\\\/fcd504e06f93320841b99f79f3ab0180\"},\"description\":\"El sacerdote jesuita y coordinador general de Fe y Alegr\u00eda, visit\u00f3 Chile para comprender el impacto del movimiento internacional en el pa\u00eds.\",\"inLanguage\":\"es\",\"potentialAction\":[{\"@type\":\"ReadAction\",\"target\":[\"https:\\\/\\\/www.feyalegria.org\\\/venezuela\\\/daniel-villanueva-sj-en-2030-haran-falta-44-millones-de-profesores-en-el-mundo\\\/\"]}]},{\"@type\":\"ImageObject\",\"inLanguage\":\"es\",\"@id\":\"https:\\\/\\\/www.feyalegria.org\\\/venezuela\\\/daniel-villanueva-sj-en-2030-haran-falta-44-millones-de-profesores-en-el-mundo\\\/#primaryimage\",\"url\":\"https:\\\/\\\/d3pugrm67vf9n7.cloudfront.net\\\/wp-content\\\/uploads\\\/sites\\\/4\\\/2025\\\/01\\\/30023455\\\/Dani-Chile-334-6.jpg\",\"contentUrl\":\"https:\\\/\\\/d3pugrm67vf9n7.cloudfront.net\\\/wp-content\\\/uploads\\\/sites\\\/4\\\/2025\\\/01\\\/30023455\\\/Dani-Chile-334-6.jpg\",\"width\":300,\"height\":300},{\"@type\":\"WebSite\",\"@id\":\"https:\\\/\\\/www.feyalegria.org\\\/venezuela\\\/#website\",\"url\":\"https:\\\/\\\/www.feyalegria.org\\\/venezuela\\\/\",\"name\":\"Fe y Alegr\u00eda en Venezuela\",\"description\":\"\",\"potentialAction\":[{\"@type\":\"SearchAction\",\"target\":{\"@type\":\"EntryPoint\",\"urlTemplate\":\"https:\\\/\\\/www.feyalegria.org\\\/venezuela\\\/?s={search_term_string}\"},\"query-input\":{\"@type\":\"PropertyValueSpecification\",\"valueRequired\":true,\"valueName\":\"search_term_string\"}}],\"inLanguage\":\"es\"},{\"@type\":\"Person\",\"@id\":\"https:\\\/\\\/www.feyalegria.org\\\/venezuela\\\/#\\\/schema\\\/person\\\/fcd504e06f93320841b99f79f3ab0180\",\"name\":\"Erika Briceno\",\"url\":\"https:\\\/\\\/www.feyalegria.org\\\/venezuela\\\/author\\\/comunfifya\\\/\"}]}<\/script>\n<!-- \/ Yoast SEO plugin. -->","yoast_head_json":{"title":"Daniel Villanueva, SJ: \u201cEn 2030 har\u00e1n falta 44 millones de profesores en el mundo\u201d - Fe y Alegr\u00eda en Venezuela","description":"El sacerdote jesuita y coordinador general de Fe y Alegr\u00eda, visit\u00f3 Chile para comprender el impacto del movimiento internacional en el pa\u00eds.","robots":{"index":"index","follow":"follow","max-snippet":"max-snippet:-1","max-image-preview":"max-image-preview:large","max-video-preview":"max-video-preview:-1"},"canonical":"https:\/\/www.feyalegria.org\/venezuela\/daniel-villanueva-sj-en-2030-haran-falta-44-millones-de-profesores-en-el-mundo\/","og_locale":"es_ES","og_type":"article","og_title":"Daniel Villanueva, SJ: \u201cEn 2030 har\u00e1n falta 44 millones de profesores en el mundo\u201d - Fe y Alegr\u00eda en Venezuela","og_description":"El sacerdote jesuita y coordinador general de Fe y Alegr\u00eda, visit\u00f3 Chile para comprender el impacto del movimiento internacional en el pa\u00eds.","og_url":"https:\/\/www.feyalegria.org\/venezuela\/daniel-villanueva-sj-en-2030-haran-falta-44-millones-de-profesores-en-el-mundo\/","og_site_name":"Fe y Alegr\u00eda en Venezuela","article_published_time":"2025-01-30T02:46:58+00:00","article_modified_time":"2025-01-30T02:48:04+00:00","og_image":[{"width":300,"height":300,"url":"https:\/\/d3pugrm67vf9n7.cloudfront.net\/wp-content\/uploads\/sites\/4\/2025\/01\/30023455\/Dani-Chile-334-6.jpg","type":"image\/jpeg"}],"author":"Erika Briceno","twitter_card":"summary_large_image","twitter_misc":{"Escrito por":"Erika Briceno","Tiempo de lectura":"4 minutos"},"schema":{"@context":"https:\/\/schema.org","@graph":[{"@type":"Article","@id":"https:\/\/www.feyalegria.org\/venezuela\/daniel-villanueva-sj-en-2030-haran-falta-44-millones-de-profesores-en-el-mundo\/#article","isPartOf":{"@id":"https:\/\/www.feyalegria.org\/venezuela\/daniel-villanueva-sj-en-2030-haran-falta-44-millones-de-profesores-en-el-mundo\/"},"author":{"name":"Erika Briceno","@id":"https:\/\/www.feyalegria.org\/venezuela\/#\/schema\/person\/fcd504e06f93320841b99f79f3ab0180"},"headline":"Daniel Villanueva, SJ: \u201cEn 2030 har\u00e1n falta 44 millones de profesores en el mundo\u201d","datePublished":"2025-01-30T02:46:58+00:00","dateModified":"2025-01-30T02:48:04+00:00","mainEntityOfPage":{"@id":"https:\/\/www.feyalegria.org\/venezuela\/daniel-villanueva-sj-en-2030-haran-falta-44-millones-de-profesores-en-el-mundo\/"},"wordCount":1003,"commentCount":0,"image":{"@id":"https:\/\/www.feyalegria.org\/venezuela\/daniel-villanueva-sj-en-2030-haran-falta-44-millones-de-profesores-en-el-mundo\/#primaryimage"},"thumbnailUrl":"https:\/\/d3pugrm67vf9n7.cloudfront.net\/wp-content\/uploads\/sites\/4\/2025\/01\/30023455\/Dani-Chile-334-6.jpg","keywords":["Educadores","Fe y Alegr\u00eda","Fe y Alegr\u00eda Internacional"],"articleSection":["Bolet\u00edn Interno","Noticias"],"inLanguage":"es","potentialAction":[{"@type":"CommentAction","name":"Comment","target":["https:\/\/www.feyalegria.org\/venezuela\/daniel-villanueva-sj-en-2030-haran-falta-44-millones-de-profesores-en-el-mundo\/#respond"]}]},{"@type":"WebPage","@id":"https:\/\/www.feyalegria.org\/venezuela\/daniel-villanueva-sj-en-2030-haran-falta-44-millones-de-profesores-en-el-mundo\/","url":"https:\/\/www.feyalegria.org\/venezuela\/daniel-villanueva-sj-en-2030-haran-falta-44-millones-de-profesores-en-el-mundo\/","name":"Daniel Villanueva, SJ: \u201cEn 2030 har\u00e1n falta 44 millones de profesores en el mundo\u201d - Fe y Alegr\u00eda en Venezuela","isPartOf":{"@id":"https:\/\/www.feyalegria.org\/venezuela\/#website"},"primaryImageOfPage":{"@id":"https:\/\/www.feyalegria.org\/venezuela\/daniel-villanueva-sj-en-2030-haran-falta-44-millones-de-profesores-en-el-mundo\/#primaryimage"},"image":{"@id":"https:\/\/www.feyalegria.org\/venezuela\/daniel-villanueva-sj-en-2030-haran-falta-44-millones-de-profesores-en-el-mundo\/#primaryimage"},"thumbnailUrl":"https:\/\/d3pugrm67vf9n7.cloudfront.net\/wp-content\/uploads\/sites\/4\/2025\/01\/30023455\/Dani-Chile-334-6.jpg","datePublished":"2025-01-30T02:46:58+00:00","dateModified":"2025-01-30T02:48:04+00:00","author":{"@id":"https:\/\/www.feyalegria.org\/venezuela\/#\/schema\/person\/fcd504e06f93320841b99f79f3ab0180"},"description":"El sacerdote jesuita y coordinador general de Fe y Alegr\u00eda, visit\u00f3 Chile para comprender el impacto del movimiento internacional en el pa\u00eds.","inLanguage":"es","potentialAction":[{"@type":"ReadAction","target":["https:\/\/www.feyalegria.org\/venezuela\/daniel-villanueva-sj-en-2030-haran-falta-44-millones-de-profesores-en-el-mundo\/"]}]},{"@type":"ImageObject","inLanguage":"es","@id":"https:\/\/www.feyalegria.org\/venezuela\/daniel-villanueva-sj-en-2030-haran-falta-44-millones-de-profesores-en-el-mundo\/#primaryimage","url":"https:\/\/d3pugrm67vf9n7.cloudfront.net\/wp-content\/uploads\/sites\/4\/2025\/01\/30023455\/Dani-Chile-334-6.jpg","contentUrl":"https:\/\/d3pugrm67vf9n7.cloudfront.net\/wp-content\/uploads\/sites\/4\/2025\/01\/30023455\/Dani-Chile-334-6.jpg","width":300,"height":300},{"@type":"WebSite","@id":"https:\/\/www.feyalegria.org\/venezuela\/#website","url":"https:\/\/www.feyalegria.org\/venezuela\/","name":"Fe y Alegr\u00eda en Venezuela","description":"","potentialAction":[{"@type":"SearchAction","target":{"@type":"EntryPoint","urlTemplate":"https:\/\/www.feyalegria.org\/venezuela\/?s={search_term_string}"},"query-input":{"@type":"PropertyValueSpecification","valueRequired":true,"valueName":"search_term_string"}}],"inLanguage":"es"},{"@type":"Person","@id":"https:\/\/www.feyalegria.org\/venezuela\/#\/schema\/person\/fcd504e06f93320841b99f79f3ab0180","name":"Erika Briceno","url":"https:\/\/www.feyalegria.org\/venezuela\/author\/comunfifya\/"}]}},"_links":{"self":[{"href":"https:\/\/www.feyalegria.org\/venezuela\/wp-json\/wp\/v2\/posts\/8850","targetHints":{"allow":["GET"]}}],"collection":[{"href":"https:\/\/www.feyalegria.org\/venezuela\/wp-json\/wp\/v2\/posts"}],"about":[{"href":"https:\/\/www.feyalegria.org\/venezuela\/wp-json\/wp\/v2\/types\/post"}],"author":[{"embeddable":true,"href":"https:\/\/www.feyalegria.org\/venezuela\/wp-json\/wp\/v2\/users\/6"}],"replies":[{"embeddable":true,"href":"https:\/\/www.feyalegria.org\/venezuela\/wp-json\/wp\/v2\/comments?post=8850"}],"version-history":[{"count":0,"href":"https:\/\/www.feyalegria.org\/venezuela\/wp-json\/wp\/v2\/posts\/8850\/revisions"}],"wp:featuredmedia":[{"embeddable":true,"href":"https:\/\/www.feyalegria.org\/venezuela\/wp-json\/wp\/v2\/media\/8858"}],"wp:attachment":[{"href":"https:\/\/www.feyalegria.org\/venezuela\/wp-json\/wp\/v2\/media?parent=8850"}],"wp:term":[{"taxonomy":"category","embeddable":true,"href":"https:\/\/www.feyalegria.org\/venezuela\/wp-json\/wp\/v2\/categories?post=8850"},{"taxonomy":"post_tag","embeddable":true,"href":"https:\/\/www.feyalegria.org\/venezuela\/wp-json\/wp\/v2\/tags?post=8850"},{"taxonomy":"post_folder","embeddable":true,"href":"https:\/\/www.feyalegria.org\/venezuela\/wp-json\/wp\/v2\/post_folder?post=8850"}],"curies":[{"name":"wp","href":"https:\/\/api.w.org\/{rel}","templated":true}]}}