 {"id":8883,"date":"2025-01-30T13:58:14","date_gmt":"2025-01-30T13:58:14","guid":{"rendered":"https:\/\/www.feyalegria.org\/venezuela\/?p=8883"},"modified":"2025-01-30T14:05:05","modified_gmt":"2025-01-30T14:05:05","slug":"potencia-tu-practica-docente-con-la-serie-de-conversaciones","status":"publish","type":"post","link":"https:\/\/www.feyalegria.org\/venezuela\/potencia-tu-practica-docente-con-la-serie-de-conversaciones\/","title":{"rendered":"Potencia tu pr\u00e1ctica docente con la Serie de Conversaciones"},"content":{"rendered":"<div class=\"wpb-content-wrapper\"><p>[vc_row][vc_column][vc_column_text css=\u00bb\u00bb]<\/p>\n<h1><b>Potencia tu pr\u00e1ctica docente con la Serie de Conversaciones\u00a0<\/b><\/h1>\n<p>[\/vc_column_text][vc_single_image image=\u00bb8884&#8243; img_size=\u00bbfull\u00bb alignment=\u00bbcenter\u00bb css=\u00bb\u00bb][vc_column_text css=\u00bb\u00bb]<\/p>\n<p style=\"text-align: right;\"><b>Ver\u00f3nica Cubill\u00e1n | <\/b><em>Referente de Comunicaci\u00f3n del Centro de Formaci\u00f3n e Investigaci\u00f3n Padre Joaqu\u00edn<\/em><\/p>\n<p>[\/vc_column_text][vc_separator][vc_column_text css=\u00bb\u00bb]<\/p>\n<p style=\"text-align: justify;\"><span style=\"font-weight: 400;\">Desde el Centro de Formaci\u00f3n e Investigaci\u00f3n Padre Joaqu\u00edn (CFIPJ), nos emociona anunciar que continuaremos la quinta etapa de nuestra Serie de Conversaciones \u00abEntre Pupitres y Tecnolog\u00edas\u00bb.<\/span><\/p>\n<p style=\"text-align: justify;\"><span style=\"font-weight: 400;\"><br \/>\nEn esta ocasi\u00f3n, nos sumergiremos en temas interesantes como la neurodid\u00e1ctica para conocer c\u00f3mo funciona el cerebro de nuestros estudiantes y aplicar estos conocimientos en el aula. Trabajaremos tambi\u00e9n con las dificultades del aprendizaje para adquirir herramientas que nos ayuden a identificar y apoyar a quienes presentan necesidades especiales.<\/span><\/p>\n<p style=\"text-align: justify;\"><span style=\"font-weight: 400;\"><br \/>\nDedicaremos dos jornadas a las etapas de Educaci\u00f3n Inicial y Primaria, para impulsar el aprendizaje significativo y divertido a trav\u00e9s de las metodolog\u00edas activas, as\u00ed como el desarrollo del pensamiento l\u00f3gico-matem\u00e1tico desde temprana edad.<\/span><\/p>\n<p style=\"text-align: justify;\"><span style=\"font-weight: 400;\"><br \/>\nY, por supuesto, un tema que nunca falta en nuestros encuentros formativos es la importancia de conocer los derechos en el \u00e1mbito educativo y la equidad de g\u00e9nero en la sociedad.<\/span><\/p>\n<p style=\"text-align: justify;\"><span style=\"font-weight: 400;\"><br \/>\n\u00a1No te pierdas estos espacios para el intercambio de saberes! Recuerda que para cada encuentro contaremos con un especialista en el tema. Estas son las fechas, an\u00f3talas en tu agenda:<\/span><\/p>\n<p><span style=\"font-weight: 400;\"><br \/>\n&#8211; 12 de febrero: Neurodid\u00e1ctica<\/span><\/p>\n<p><span style=\"font-weight: 400;\"><br \/>\n&#8211; 28 de febrero: Dificultades del aprendizaje<\/span><\/p>\n<p><span style=\"font-weight: 400;\"><br \/>\n&#8211; 12 de marzo: Metodolog\u00edas activas en Inicial y Primaria<\/span><\/p>\n<p><span style=\"font-weight: 400;\"><br \/>\n&#8211; 26 de marzo: Matem\u00e1tica en la primera infancia<\/span><\/p>\n<p><span style=\"font-weight: 400;\"><br \/>\n&#8211; 9 de abril: Derechos y educaci\u00f3n<\/span><\/p>\n<p><span style=\"font-weight: 400;\"><br \/>\n&#8211; 30 de abril: Derecho y perspectiva de g\u00e9nero<\/span><\/p>\n<p style=\"text-align: justify;\"><span style=\"font-weight: 400;\"><br \/>\nComenzaremos con la destacada participaci\u00f3n del Dr. \u00c1ngel Tovar. Y, si quieres estar al tanto de todas las novedades, \u00fanete a nuestro canal de WhatsApp y s\u00e9 el primero en conocer los detalles de cada encuentro e invitados especiales.<\/span><\/p>\n<p style=\"text-align: justify;\"><span style=\"font-weight: 400;\"><br \/>\n\u00a1S\u00famate a nuestra comunidad educativa!<br \/>\n<\/span><\/p>\n<p>[\/vc_column_text][vc_btn title=\u00bbAqu\u00ed\u00bb style=\u00bbcustom\u00bb custom_background=\u00bb#AA0F16&#8243; custom_text=\u00bb#FFFFFF\u00bb align=\u00bbleft\u00bb css=\u00bb\u00bb link=\u00bburl:https%3A%2F%2Fwhatsapp.com%2Fchannel%2F0029ValMldFHVvTimcgYmb1k|target:_blank\u00bb][vc_column_text css=\u00bb\u00bb]<\/p>\n<p style=\"text-align: right;\"><strong>Caracas, 30 de enero de 2025<\/strong><\/p>\n<p>[\/vc_column_text][\/vc_column][\/vc_row]<\/p>\n<\/div>","protected":false},"excerpt":{"rendered":"<div style=\"height: 265px\">Desde el Centro de Formaci\u00f3n e Investigaci\u00f3n Padre Joaqu\u00edn (CFIPJ), nos emociona anunciar que continuaremos la quinta etapa de nuestra Serie de Conversaciones \u00abEntre Pupitres y Tecnolog\u00edas\u00bb.<\/div>\n","protected":false},"author":6,"featured_media":8884,"comment_status":"open","ping_status":"open","sticky":false,"template":"","format":"standard","meta":{"_acf_changed":false,"footnotes":""},"categories":[746],"tags":[430],"post_folder":[],"class_list":["post-8883","post","type-post","status-publish","format-standard","has-post-thumbnail","hentry","category-boletin-interno","tag-cfipj"],"acf":[],"yoast_head":"<!-- This site is optimized with the Yoast SEO plugin v27.5 - https:\/\/yoast.com\/product\/yoast-seo-wordpress\/ -->\n<title>Potencia tu pr\u00e1ctica docente con la Serie de Conversaciones - Fe y Alegr\u00eda en Venezuela<\/title>\n<meta name=\"description\" content=\"En el Centro de Formaci\u00f3n e Investigaci\u00f3n Padre Joaqu\u00edn (CFIPJ) continuamos con la Serie de Conversaciones &quot;Entre Pupitres y Tecnolog\u00edas&quot;\" \/>\n<meta name=\"robots\" content=\"index, follow, max-snippet:-1, max-image-preview:large, max-video-preview:-1\" \/>\n<link rel=\"canonical\" href=\"https:\/\/www.feyalegria.org\/venezuela\/potencia-tu-practica-docente-con-la-serie-de-conversaciones\/\" \/>\n<meta property=\"og:locale\" content=\"es_ES\" \/>\n<meta property=\"og:type\" content=\"article\" \/>\n<meta property=\"og:title\" content=\"Potencia tu pr\u00e1ctica docente con la Serie de Conversaciones - Fe y Alegr\u00eda en Venezuela\" \/>\n<meta property=\"og:description\" content=\"En el Centro de Formaci\u00f3n e Investigaci\u00f3n Padre Joaqu\u00edn (CFIPJ) continuamos con la Serie de Conversaciones &quot;Entre Pupitres y Tecnolog\u00edas&quot;\" \/>\n<meta property=\"og:url\" content=\"https:\/\/www.feyalegria.org\/venezuela\/potencia-tu-practica-docente-con-la-serie-de-conversaciones\/\" \/>\n<meta property=\"og:site_name\" content=\"Fe y Alegr\u00eda en Venezuela\" \/>\n<meta property=\"article:published_time\" content=\"2025-01-30T13:58:14+00:00\" \/>\n<meta property=\"article:modified_time\" content=\"2025-01-30T14:05:05+00:00\" \/>\n<meta property=\"og:image\" content=\"https:\/\/d3pugrm67vf9n7.cloudfront.net\/wp-content\/uploads\/sites\/4\/2025\/01\/30134721\/Centro-de-Formacion-40-1.jpg\" \/>\n\t<meta property=\"og:image:width\" content=\"1200\" \/>\n\t<meta property=\"og:image:height\" content=\"900\" \/>\n\t<meta property=\"og:image:type\" content=\"image\/jpeg\" \/>\n<meta name=\"author\" content=\"Erika Briceno\" \/>\n<meta name=\"twitter:card\" content=\"summary_large_image\" \/>\n<meta name=\"twitter:label1\" content=\"Escrito por\" \/>\n\t<meta name=\"twitter:data1\" content=\"Erika Briceno\" \/>\n\t<meta name=\"twitter:label2\" content=\"Tiempo de lectura\" \/>\n\t<meta name=\"twitter:data2\" content=\"2 minutos\" \/>\n<script type=\"application\/ld+json\" class=\"yoast-schema-graph\">{\"@context\":\"https:\\\/\\\/schema.org\",\"@graph\":[{\"@type\":\"Article\",\"@id\":\"https:\\\/\\\/www.feyalegria.org\\\/venezuela\\\/potencia-tu-practica-docente-con-la-serie-de-conversaciones\\\/#article\",\"isPartOf\":{\"@id\":\"https:\\\/\\\/www.feyalegria.org\\\/venezuela\\\/potencia-tu-practica-docente-con-la-serie-de-conversaciones\\\/\"},\"author\":{\"name\":\"Erika Briceno\",\"@id\":\"https:\\\/\\\/www.feyalegria.org\\\/venezuela\\\/#\\\/schema\\\/person\\\/fcd504e06f93320841b99f79f3ab0180\"},\"headline\":\"Potencia tu pr\u00e1ctica docente con la Serie de Conversaciones\",\"datePublished\":\"2025-01-30T13:58:14+00:00\",\"dateModified\":\"2025-01-30T14:05:05+00:00\",\"mainEntityOfPage\":{\"@id\":\"https:\\\/\\\/www.feyalegria.org\\\/venezuela\\\/potencia-tu-practica-docente-con-la-serie-de-conversaciones\\\/\"},\"wordCount\":398,\"commentCount\":0,\"image\":{\"@id\":\"https:\\\/\\\/www.feyalegria.org\\\/venezuela\\\/potencia-tu-practica-docente-con-la-serie-de-conversaciones\\\/#primaryimage\"},\"thumbnailUrl\":\"https:\\\/\\\/d3pugrm67vf9n7.cloudfront.net\\\/wp-content\\\/uploads\\\/sites\\\/4\\\/2025\\\/01\\\/30134721\\\/Centro-de-Formacion-40-1.jpg\",\"keywords\":[\"CFIPJ\"],\"articleSection\":[\"Bolet\u00edn Interno\"],\"inLanguage\":\"es\",\"potentialAction\":[{\"@type\":\"CommentAction\",\"name\":\"Comment\",\"target\":[\"https:\\\/\\\/www.feyalegria.org\\\/venezuela\\\/potencia-tu-practica-docente-con-la-serie-de-conversaciones\\\/#respond\"]}]},{\"@type\":\"WebPage\",\"@id\":\"https:\\\/\\\/www.feyalegria.org\\\/venezuela\\\/potencia-tu-practica-docente-con-la-serie-de-conversaciones\\\/\",\"url\":\"https:\\\/\\\/www.feyalegria.org\\\/venezuela\\\/potencia-tu-practica-docente-con-la-serie-de-conversaciones\\\/\",\"name\":\"Potencia tu pr\u00e1ctica docente con la Serie de Conversaciones - Fe y Alegr\u00eda en Venezuela\",\"isPartOf\":{\"@id\":\"https:\\\/\\\/www.feyalegria.org\\\/venezuela\\\/#website\"},\"primaryImageOfPage\":{\"@id\":\"https:\\\/\\\/www.feyalegria.org\\\/venezuela\\\/potencia-tu-practica-docente-con-la-serie-de-conversaciones\\\/#primaryimage\"},\"image\":{\"@id\":\"https:\\\/\\\/www.feyalegria.org\\\/venezuela\\\/potencia-tu-practica-docente-con-la-serie-de-conversaciones\\\/#primaryimage\"},\"thumbnailUrl\":\"https:\\\/\\\/d3pugrm67vf9n7.cloudfront.net\\\/wp-content\\\/uploads\\\/sites\\\/4\\\/2025\\\/01\\\/30134721\\\/Centro-de-Formacion-40-1.jpg\",\"datePublished\":\"2025-01-30T13:58:14+00:00\",\"dateModified\":\"2025-01-30T14:05:05+00:00\",\"author\":{\"@id\":\"https:\\\/\\\/www.feyalegria.org\\\/venezuela\\\/#\\\/schema\\\/person\\\/fcd504e06f93320841b99f79f3ab0180\"},\"description\":\"En el Centro de Formaci\u00f3n e Investigaci\u00f3n Padre Joaqu\u00edn (CFIPJ) continuamos con la Serie de Conversaciones \\\"Entre Pupitres y Tecnolog\u00edas\\\"\",\"inLanguage\":\"es\",\"potentialAction\":[{\"@type\":\"ReadAction\",\"target\":[\"https:\\\/\\\/www.feyalegria.org\\\/venezuela\\\/potencia-tu-practica-docente-con-la-serie-de-conversaciones\\\/\"]}]},{\"@type\":\"ImageObject\",\"inLanguage\":\"es\",\"@id\":\"https:\\\/\\\/www.feyalegria.org\\\/venezuela\\\/potencia-tu-practica-docente-con-la-serie-de-conversaciones\\\/#primaryimage\",\"url\":\"https:\\\/\\\/d3pugrm67vf9n7.cloudfront.net\\\/wp-content\\\/uploads\\\/sites\\\/4\\\/2025\\\/01\\\/30134721\\\/Centro-de-Formacion-40-1.jpg\",\"contentUrl\":\"https:\\\/\\\/d3pugrm67vf9n7.cloudfront.net\\\/wp-content\\\/uploads\\\/sites\\\/4\\\/2025\\\/01\\\/30134721\\\/Centro-de-Formacion-40-1.jpg\",\"width\":1200,\"height\":900},{\"@type\":\"WebSite\",\"@id\":\"https:\\\/\\\/www.feyalegria.org\\\/venezuela\\\/#website\",\"url\":\"https:\\\/\\\/www.feyalegria.org\\\/venezuela\\\/\",\"name\":\"Fe y Alegr\u00eda en Venezuela\",\"description\":\"\",\"potentialAction\":[{\"@type\":\"SearchAction\",\"target\":{\"@type\":\"EntryPoint\",\"urlTemplate\":\"https:\\\/\\\/www.feyalegria.org\\\/venezuela\\\/?s={search_term_string}\"},\"query-input\":{\"@type\":\"PropertyValueSpecification\",\"valueRequired\":true,\"valueName\":\"search_term_string\"}}],\"inLanguage\":\"es\"},{\"@type\":\"Person\",\"@id\":\"https:\\\/\\\/www.feyalegria.org\\\/venezuela\\\/#\\\/schema\\\/person\\\/fcd504e06f93320841b99f79f3ab0180\",\"name\":\"Erika Briceno\",\"url\":\"https:\\\/\\\/www.feyalegria.org\\\/venezuela\\\/author\\\/comunfifya\\\/\"}]}<\/script>\n<!-- \/ Yoast SEO plugin. -->","yoast_head_json":{"title":"Potencia tu pr\u00e1ctica docente con la Serie de Conversaciones - Fe y Alegr\u00eda en Venezuela","description":"En el Centro de Formaci\u00f3n e Investigaci\u00f3n Padre Joaqu\u00edn (CFIPJ) continuamos con la Serie de Conversaciones \"Entre Pupitres y Tecnolog\u00edas\"","robots":{"index":"index","follow":"follow","max-snippet":"max-snippet:-1","max-image-preview":"max-image-preview:large","max-video-preview":"max-video-preview:-1"},"canonical":"https:\/\/www.feyalegria.org\/venezuela\/potencia-tu-practica-docente-con-la-serie-de-conversaciones\/","og_locale":"es_ES","og_type":"article","og_title":"Potencia tu pr\u00e1ctica docente con la Serie de Conversaciones - Fe y Alegr\u00eda en Venezuela","og_description":"En el Centro de Formaci\u00f3n e Investigaci\u00f3n Padre Joaqu\u00edn (CFIPJ) continuamos con la Serie de Conversaciones \"Entre Pupitres y Tecnolog\u00edas\"","og_url":"https:\/\/www.feyalegria.org\/venezuela\/potencia-tu-practica-docente-con-la-serie-de-conversaciones\/","og_site_name":"Fe y Alegr\u00eda en Venezuela","article_published_time":"2025-01-30T13:58:14+00:00","article_modified_time":"2025-01-30T14:05:05+00:00","og_image":[{"width":1200,"height":900,"url":"https:\/\/d3pugrm67vf9n7.cloudfront.net\/wp-content\/uploads\/sites\/4\/2025\/01\/30134721\/Centro-de-Formacion-40-1.jpg","type":"image\/jpeg"}],"author":"Erika Briceno","twitter_card":"summary_large_image","twitter_misc":{"Escrito por":"Erika Briceno","Tiempo de lectura":"2 minutos"},"schema":{"@context":"https:\/\/schema.org","@graph":[{"@type":"Article","@id":"https:\/\/www.feyalegria.org\/venezuela\/potencia-tu-practica-docente-con-la-serie-de-conversaciones\/#article","isPartOf":{"@id":"https:\/\/www.feyalegria.org\/venezuela\/potencia-tu-practica-docente-con-la-serie-de-conversaciones\/"},"author":{"name":"Erika Briceno","@id":"https:\/\/www.feyalegria.org\/venezuela\/#\/schema\/person\/fcd504e06f93320841b99f79f3ab0180"},"headline":"Potencia tu pr\u00e1ctica docente con la Serie de Conversaciones","datePublished":"2025-01-30T13:58:14+00:00","dateModified":"2025-01-30T14:05:05+00:00","mainEntityOfPage":{"@id":"https:\/\/www.feyalegria.org\/venezuela\/potencia-tu-practica-docente-con-la-serie-de-conversaciones\/"},"wordCount":398,"commentCount":0,"image":{"@id":"https:\/\/www.feyalegria.org\/venezuela\/potencia-tu-practica-docente-con-la-serie-de-conversaciones\/#primaryimage"},"thumbnailUrl":"https:\/\/d3pugrm67vf9n7.cloudfront.net\/wp-content\/uploads\/sites\/4\/2025\/01\/30134721\/Centro-de-Formacion-40-1.jpg","keywords":["CFIPJ"],"articleSection":["Bolet\u00edn Interno"],"inLanguage":"es","potentialAction":[{"@type":"CommentAction","name":"Comment","target":["https:\/\/www.feyalegria.org\/venezuela\/potencia-tu-practica-docente-con-la-serie-de-conversaciones\/#respond"]}]},{"@type":"WebPage","@id":"https:\/\/www.feyalegria.org\/venezuela\/potencia-tu-practica-docente-con-la-serie-de-conversaciones\/","url":"https:\/\/www.feyalegria.org\/venezuela\/potencia-tu-practica-docente-con-la-serie-de-conversaciones\/","name":"Potencia tu pr\u00e1ctica docente con la Serie de Conversaciones - Fe y Alegr\u00eda en Venezuela","isPartOf":{"@id":"https:\/\/www.feyalegria.org\/venezuela\/#website"},"primaryImageOfPage":{"@id":"https:\/\/www.feyalegria.org\/venezuela\/potencia-tu-practica-docente-con-la-serie-de-conversaciones\/#primaryimage"},"image":{"@id":"https:\/\/www.feyalegria.org\/venezuela\/potencia-tu-practica-docente-con-la-serie-de-conversaciones\/#primaryimage"},"thumbnailUrl":"https:\/\/d3pugrm67vf9n7.cloudfront.net\/wp-content\/uploads\/sites\/4\/2025\/01\/30134721\/Centro-de-Formacion-40-1.jpg","datePublished":"2025-01-30T13:58:14+00:00","dateModified":"2025-01-30T14:05:05+00:00","author":{"@id":"https:\/\/www.feyalegria.org\/venezuela\/#\/schema\/person\/fcd504e06f93320841b99f79f3ab0180"},"description":"En el Centro de Formaci\u00f3n e Investigaci\u00f3n Padre Joaqu\u00edn (CFIPJ) continuamos con la Serie de Conversaciones \"Entre Pupitres y Tecnolog\u00edas\"","inLanguage":"es","potentialAction":[{"@type":"ReadAction","target":["https:\/\/www.feyalegria.org\/venezuela\/potencia-tu-practica-docente-con-la-serie-de-conversaciones\/"]}]},{"@type":"ImageObject","inLanguage":"es","@id":"https:\/\/www.feyalegria.org\/venezuela\/potencia-tu-practica-docente-con-la-serie-de-conversaciones\/#primaryimage","url":"https:\/\/d3pugrm67vf9n7.cloudfront.net\/wp-content\/uploads\/sites\/4\/2025\/01\/30134721\/Centro-de-Formacion-40-1.jpg","contentUrl":"https:\/\/d3pugrm67vf9n7.cloudfront.net\/wp-content\/uploads\/sites\/4\/2025\/01\/30134721\/Centro-de-Formacion-40-1.jpg","width":1200,"height":900},{"@type":"WebSite","@id":"https:\/\/www.feyalegria.org\/venezuela\/#website","url":"https:\/\/www.feyalegria.org\/venezuela\/","name":"Fe y Alegr\u00eda en Venezuela","description":"","potentialAction":[{"@type":"SearchAction","target":{"@type":"EntryPoint","urlTemplate":"https:\/\/www.feyalegria.org\/venezuela\/?s={search_term_string}"},"query-input":{"@type":"PropertyValueSpecification","valueRequired":true,"valueName":"search_term_string"}}],"inLanguage":"es"},{"@type":"Person","@id":"https:\/\/www.feyalegria.org\/venezuela\/#\/schema\/person\/fcd504e06f93320841b99f79f3ab0180","name":"Erika Briceno","url":"https:\/\/www.feyalegria.org\/venezuela\/author\/comunfifya\/"}]}},"_links":{"self":[{"href":"https:\/\/www.feyalegria.org\/venezuela\/wp-json\/wp\/v2\/posts\/8883","targetHints":{"allow":["GET"]}}],"collection":[{"href":"https:\/\/www.feyalegria.org\/venezuela\/wp-json\/wp\/v2\/posts"}],"about":[{"href":"https:\/\/www.feyalegria.org\/venezuela\/wp-json\/wp\/v2\/types\/post"}],"author":[{"embeddable":true,"href":"https:\/\/www.feyalegria.org\/venezuela\/wp-json\/wp\/v2\/users\/6"}],"replies":[{"embeddable":true,"href":"https:\/\/www.feyalegria.org\/venezuela\/wp-json\/wp\/v2\/comments?post=8883"}],"version-history":[{"count":0,"href":"https:\/\/www.feyalegria.org\/venezuela\/wp-json\/wp\/v2\/posts\/8883\/revisions"}],"wp:featuredmedia":[{"embeddable":true,"href":"https:\/\/www.feyalegria.org\/venezuela\/wp-json\/wp\/v2\/media\/8884"}],"wp:attachment":[{"href":"https:\/\/www.feyalegria.org\/venezuela\/wp-json\/wp\/v2\/media?parent=8883"}],"wp:term":[{"taxonomy":"category","embeddable":true,"href":"https:\/\/www.feyalegria.org\/venezuela\/wp-json\/wp\/v2\/categories?post=8883"},{"taxonomy":"post_tag","embeddable":true,"href":"https:\/\/www.feyalegria.org\/venezuela\/wp-json\/wp\/v2\/tags?post=8883"},{"taxonomy":"post_folder","embeddable":true,"href":"https:\/\/www.feyalegria.org\/venezuela\/wp-json\/wp\/v2\/post_folder?post=8883"}],"curies":[{"name":"wp","href":"https:\/\/api.w.org\/{rel}","templated":true}]}}