{"id":8987,"date":"2025-02-13T12:43:42","date_gmt":"2025-02-13T12:43:42","guid":{"rendered":"https:\/\/www.feyalegria.org\/venezuela\/?p=8987"},"modified":"2025-02-13T12:53:14","modified_gmt":"2025-02-13T12:53:14","slug":"capacitacion-mas-que-un-programa-en-fe-y-alegria","status":"publish","type":"post","link":"https:\/\/www.feyalegria.org\/venezuela\/capacitacion-mas-que-un-programa-en-fe-y-alegria\/","title":{"rendered":"Capacitaci\u00f3n: M\u00e1s que un programa en Fe y Alegr\u00eda"},"content":{"rendered":"<div class=\"wpb-content-wrapper\"><p>[vc_row][vc_column][vc_column_text css=\u00bb\u00bb]<\/p>\n<h1>Capacitaci\u00f3n: M\u00e1s que un programa en Fe y Alegr\u00eda<\/h1>\n<p>[\/vc_column_text][vc_single_image image=\u00bb8993&#8243; img_size=\u00bbfull\u00bb alignment=\u00bbcenter\u00bb css=\u00bb\u00bb][vc_column_text css=\u00bb\u00bb]<\/p>\n<p style=\"text-align: right;\"><b>Germ\u00e1n Osorio | <\/b><em>Referente de Comunicaci\u00f3n de Fe y Alegr\u00eda Capacitaci\u00f3n<\/em><\/p>\n<p>[\/vc_column_text][vc_separator][vc_column_text css=\u00bb\u00bb]<\/p>\n<p style=\"text-align: justify;\">En Fe y Alegr\u00eda Capacitaci\u00f3n, somos mucho m\u00e1s que un programa educativo: somos un faro de esperanza y un motor de transformaci\u00f3n para j\u00f3venes y adultos. Impulsamos sue\u00f1os y forjamos caminos hacia un futuro brillante, donde la empleabilidad y el emprendimiento se entrelazan para crear oportunidades sin l\u00edmites.<\/p>\n<p>&nbsp;<\/p>\n<p style=\"text-align: justify;\">Nuestra f\u00f3rmula es sencilla pero poderosa: combinamos una s\u00f3lida formaci\u00f3n t\u00e9cnica con el desarrollo de habilidades socioemocionales esenciales. Cultivamos la creatividad, la proactividad y la resiliencia. No solo impartimos conocimientos, sino que tambi\u00e9n preparamos a nuestros participantes para enfrentarse con confianza y determinaci\u00f3n al mercado laboral a trav\u00e9s de un empleo o emprendimiento.<\/p>\n<p>&nbsp;<\/p>\n<h3 style=\"text-align: justify;\">\u00bfQu\u00e9 nos hace \u00fanicos?<\/h3>\n<p>&nbsp;<\/p>\n<p style=\"text-align: justify;\"><strong>&#8211; Un enfoque integral<\/strong>: Trascendemos la mera ense\u00f1anza de oficios. Nos dedicamos a fortalecer el car\u00e1cter y a sembrar la semilla del esp\u00edritu emprendedor. Empoderamos a nuestros participantes para que se conviertan en agentes de cambio en sus vidas y en sus comunidades.<\/p>\n<p>&nbsp;<\/p>\n<p style=\"text-align: justify;\"><strong>&#8211; Un equipo comprometido<\/strong>: Contamos con un equipo de facilitadores que no solo son expertos en sus \u00e1reas, sino que tambi\u00e9n comparten una profunda pasi\u00f3n por la misi\u00f3n de Fe y Alegr\u00eda. Son gu\u00edas que acompa\u00f1an a nuestros participantes en cada etapa de su viaje, brind\u00e1ndoles el apoyo y la motivaci\u00f3n que necesitan para alcanzar sus metas.<\/p>\n<p>&nbsp;<\/p>\n<p style=\"text-align: justify;\"><strong>&#8211; Una visi\u00f3n innovadora<\/strong>: Nos mantenemos a la vanguardia de los avances tecnol\u00f3gicos y las tendencias del mercado laboral. Adaptamos continuamente nuestros programas de capacitaci\u00f3n para asegurar que nuestros participantes obtengan las habilidades y el conocimiento necesarios para prosperar en un mundo cada vez m\u00e1s digitalizado y competitivo.<\/p>\n<p>&nbsp;<\/p>\n<p style=\"text-align: justify;\"><strong>&#8211; Un impacto real<\/strong>: Medimos nuestro \u00e9xito no solo en t\u00e9rminos de n\u00fameros, sino en las vidas que transformamos y las comunidades que fortalecemos. Generamos un cambio positivo y duradero, creando un efecto domin\u00f3 que se extiende mucho m\u00e1s all\u00e1 de las aulas de nuestros centros de capacitaci\u00f3n.<\/p>\n<p>&nbsp;<\/p>\n<p style=\"text-align: justify;\">En Fe y Alegr\u00eda Capacitaci\u00f3n, creemos firmemente en el poder transformador de la educaci\u00f3n para romper barreras, superar desaf\u00edos y construir un futuro m\u00e1s justo y equitativo para todos. Trabajamos d\u00eda a d\u00eda para cultivar un mundo de oportunidades y construir un legado de impacto positivo que perdure por generaciones.<br \/>\n<strong><br \/>\n<\/strong><\/p>\n<p>[\/vc_column_text][vc_row_inner][vc_column_inner width=\u00bb1\/3&#8243;][vc_single_image image=\u00bb8994&#8243; img_size=\u00bbfull\u00bb alignment=\u00bbcenter\u00bb onclick=\u00bblink_image\u00bb css=\u00bb\u00bb][\/vc_column_inner][vc_column_inner width=\u00bb1\/3&#8243;][vc_single_image image=\u00bb8995&#8243; img_size=\u00bbfull\u00bb alignment=\u00bbcenter\u00bb onclick=\u00bblink_image\u00bb css=\u00bb\u00bb][\/vc_column_inner][vc_column_inner width=\u00bb1\/3&#8243;][vc_single_image image=\u00bb8996&#8243; img_size=\u00bbfull\u00bb alignment=\u00bbcenter\u00bb onclick=\u00bblink_image\u00bb css=\u00bb\u00bb][\/vc_column_inner][\/vc_row_inner][vc_row_inner][vc_column_inner][vc_column_text css=\u00bb\u00bb]<\/p>\n<p style=\"text-align: right;\"><strong>Caracas, 13 de febrero de 2025<\/strong><\/p>\n<p>[\/vc_column_text][\/vc_column_inner][\/vc_row_inner][\/vc_column][\/vc_row]<\/p>\n<\/div>","protected":false},"excerpt":{"rendered":"<div style=\"height: 265px\">En Fe y Alegr\u00eda Capacitaci\u00f3n combinamos una s\u00f3lida formaci\u00f3n t\u00e9cnica con el desarrollo de habilidades socioemocionales esenciales. Cultivamos la creatividad, la proactividad y la resiliencia.<\/div>\n","protected":false},"author":6,"featured_media":8993,"comment_status":"open","ping_status":"open","sticky":false,"template":"","format":"standard","meta":{"_acf_changed":false,"footnotes":""},"categories":[746],"tags":[634],"post_folder":[],"class_list":["post-8987","post","type-post","status-publish","format-standard","has-post-thumbnail","hentry","category-boletin-interno","tag-capacitacion"],"acf":[],"yoast_head":"<!-- This site is optimized with the Yoast SEO plugin v27.5 - https:\/\/yoast.com\/product\/yoast-seo-wordpress\/ -->\n<title>Capacitaci\u00f3n: M\u00e1s que un programa en Fe y Alegr\u00eda - Fe y Alegr\u00eda en Venezuela<\/title>\n<meta name=\"description\" content=\"En Capacitaci\u00f3n combinamos una s\u00f3lida formaci\u00f3n t\u00e9cnica con el desarrollo de habilidades socioemocionales esenciales.\" \/>\n<meta name=\"robots\" content=\"index, follow, max-snippet:-1, max-image-preview:large, max-video-preview:-1\" \/>\n<link rel=\"canonical\" href=\"https:\/\/www.feyalegria.org\/venezuela\/capacitacion-mas-que-un-programa-en-fe-y-alegria\/\" \/>\n<meta property=\"og:locale\" content=\"es_ES\" \/>\n<meta property=\"og:type\" content=\"article\" \/>\n<meta property=\"og:title\" content=\"Capacitaci\u00f3n: M\u00e1s que un programa en Fe y Alegr\u00eda - Fe y Alegr\u00eda en Venezuela\" \/>\n<meta property=\"og:description\" content=\"En Capacitaci\u00f3n combinamos una s\u00f3lida formaci\u00f3n t\u00e9cnica con el desarrollo de habilidades socioemocionales esenciales.\" \/>\n<meta property=\"og:url\" content=\"https:\/\/www.feyalegria.org\/venezuela\/capacitacion-mas-que-un-programa-en-fe-y-alegria\/\" \/>\n<meta property=\"og:site_name\" content=\"Fe y Alegr\u00eda en Venezuela\" \/>\n<meta property=\"article:published_time\" content=\"2025-02-13T12:43:42+00:00\" \/>\n<meta property=\"article:modified_time\" content=\"2025-02-13T12:53:14+00:00\" \/>\n<meta property=\"og:image\" content=\"https:\/\/d3pugrm67vf9n7.cloudfront.net\/wp-content\/uploads\/sites\/4\/2025\/02\/13123523\/capacitacion-42-1.jpg\" \/>\n\t<meta property=\"og:image:width\" content=\"1200\" \/>\n\t<meta property=\"og:image:height\" content=\"900\" \/>\n\t<meta property=\"og:image:type\" content=\"image\/jpeg\" \/>\n<meta name=\"author\" content=\"Erika Briceno\" \/>\n<meta name=\"twitter:card\" content=\"summary_large_image\" \/>\n<meta name=\"twitter:label1\" content=\"Escrito por\" \/>\n\t<meta name=\"twitter:data1\" content=\"Erika Briceno\" \/>\n\t<meta name=\"twitter:label2\" content=\"Tiempo de lectura\" \/>\n\t<meta name=\"twitter:data2\" content=\"3 minutos\" \/>\n<script type=\"application\/ld+json\" class=\"yoast-schema-graph\">{\"@context\":\"https:\\\/\\\/schema.org\",\"@graph\":[{\"@type\":\"Article\",\"@id\":\"https:\\\/\\\/www.feyalegria.org\\\/venezuela\\\/capacitacion-mas-que-un-programa-en-fe-y-alegria\\\/#article\",\"isPartOf\":{\"@id\":\"https:\\\/\\\/www.feyalegria.org\\\/venezuela\\\/capacitacion-mas-que-un-programa-en-fe-y-alegria\\\/\"},\"author\":{\"name\":\"Erika Briceno\",\"@id\":\"https:\\\/\\\/www.feyalegria.org\\\/venezuela\\\/#\\\/schema\\\/person\\\/fcd504e06f93320841b99f79f3ab0180\"},\"headline\":\"Capacitaci\u00f3n: M\u00e1s que un programa en Fe y Alegr\u00eda\",\"datePublished\":\"2025-02-13T12:43:42+00:00\",\"dateModified\":\"2025-02-13T12:53:14+00:00\",\"mainEntityOfPage\":{\"@id\":\"https:\\\/\\\/www.feyalegria.org\\\/venezuela\\\/capacitacion-mas-que-un-programa-en-fe-y-alegria\\\/\"},\"wordCount\":566,\"commentCount\":0,\"image\":{\"@id\":\"https:\\\/\\\/www.feyalegria.org\\\/venezuela\\\/capacitacion-mas-que-un-programa-en-fe-y-alegria\\\/#primaryimage\"},\"thumbnailUrl\":\"https:\\\/\\\/d3pugrm67vf9n7.cloudfront.net\\\/wp-content\\\/uploads\\\/sites\\\/4\\\/2025\\\/02\\\/13123523\\\/capacitacion-42-1.jpg\",\"keywords\":[\"Capacitaci\u00f3n\"],\"articleSection\":[\"Bolet\u00edn Interno\"],\"inLanguage\":\"es\",\"potentialAction\":[{\"@type\":\"CommentAction\",\"name\":\"Comment\",\"target\":[\"https:\\\/\\\/www.feyalegria.org\\\/venezuela\\\/capacitacion-mas-que-un-programa-en-fe-y-alegria\\\/#respond\"]}]},{\"@type\":\"WebPage\",\"@id\":\"https:\\\/\\\/www.feyalegria.org\\\/venezuela\\\/capacitacion-mas-que-un-programa-en-fe-y-alegria\\\/\",\"url\":\"https:\\\/\\\/www.feyalegria.org\\\/venezuela\\\/capacitacion-mas-que-un-programa-en-fe-y-alegria\\\/\",\"name\":\"Capacitaci\u00f3n: M\u00e1s que un programa en Fe y Alegr\u00eda - Fe y Alegr\u00eda en Venezuela\",\"isPartOf\":{\"@id\":\"https:\\\/\\\/www.feyalegria.org\\\/venezuela\\\/#website\"},\"primaryImageOfPage\":{\"@id\":\"https:\\\/\\\/www.feyalegria.org\\\/venezuela\\\/capacitacion-mas-que-un-programa-en-fe-y-alegria\\\/#primaryimage\"},\"image\":{\"@id\":\"https:\\\/\\\/www.feyalegria.org\\\/venezuela\\\/capacitacion-mas-que-un-programa-en-fe-y-alegria\\\/#primaryimage\"},\"thumbnailUrl\":\"https:\\\/\\\/d3pugrm67vf9n7.cloudfront.net\\\/wp-content\\\/uploads\\\/sites\\\/4\\\/2025\\\/02\\\/13123523\\\/capacitacion-42-1.jpg\",\"datePublished\":\"2025-02-13T12:43:42+00:00\",\"dateModified\":\"2025-02-13T12:53:14+00:00\",\"author\":{\"@id\":\"https:\\\/\\\/www.feyalegria.org\\\/venezuela\\\/#\\\/schema\\\/person\\\/fcd504e06f93320841b99f79f3ab0180\"},\"description\":\"En Capacitaci\u00f3n combinamos una s\u00f3lida formaci\u00f3n t\u00e9cnica con el desarrollo de habilidades socioemocionales esenciales.\",\"inLanguage\":\"es\",\"potentialAction\":[{\"@type\":\"ReadAction\",\"target\":[\"https:\\\/\\\/www.feyalegria.org\\\/venezuela\\\/capacitacion-mas-que-un-programa-en-fe-y-alegria\\\/\"]}]},{\"@type\":\"ImageObject\",\"inLanguage\":\"es\",\"@id\":\"https:\\\/\\\/www.feyalegria.org\\\/venezuela\\\/capacitacion-mas-que-un-programa-en-fe-y-alegria\\\/#primaryimage\",\"url\":\"https:\\\/\\\/d3pugrm67vf9n7.cloudfront.net\\\/wp-content\\\/uploads\\\/sites\\\/4\\\/2025\\\/02\\\/13123523\\\/capacitacion-42-1.jpg\",\"contentUrl\":\"https:\\\/\\\/d3pugrm67vf9n7.cloudfront.net\\\/wp-content\\\/uploads\\\/sites\\\/4\\\/2025\\\/02\\\/13123523\\\/capacitacion-42-1.jpg\",\"width\":1200,\"height\":900},{\"@type\":\"WebSite\",\"@id\":\"https:\\\/\\\/www.feyalegria.org\\\/venezuela\\\/#website\",\"url\":\"https:\\\/\\\/www.feyalegria.org\\\/venezuela\\\/\",\"name\":\"Fe y Alegr\u00eda en Venezuela\",\"description\":\"\",\"potentialAction\":[{\"@type\":\"SearchAction\",\"target\":{\"@type\":\"EntryPoint\",\"urlTemplate\":\"https:\\\/\\\/www.feyalegria.org\\\/venezuela\\\/?s={search_term_string}\"},\"query-input\":{\"@type\":\"PropertyValueSpecification\",\"valueRequired\":true,\"valueName\":\"search_term_string\"}}],\"inLanguage\":\"es\"},{\"@type\":\"Person\",\"@id\":\"https:\\\/\\\/www.feyalegria.org\\\/venezuela\\\/#\\\/schema\\\/person\\\/fcd504e06f93320841b99f79f3ab0180\",\"name\":\"Erika Briceno\",\"url\":\"https:\\\/\\\/www.feyalegria.org\\\/venezuela\\\/author\\\/comunfifya\\\/\"}]}<\/script>\n<!-- \/ Yoast SEO plugin. -->","yoast_head_json":{"title":"Capacitaci\u00f3n: M\u00e1s que un programa en Fe y Alegr\u00eda - Fe y Alegr\u00eda en Venezuela","description":"En Capacitaci\u00f3n combinamos una s\u00f3lida formaci\u00f3n t\u00e9cnica con el desarrollo de habilidades socioemocionales esenciales.","robots":{"index":"index","follow":"follow","max-snippet":"max-snippet:-1","max-image-preview":"max-image-preview:large","max-video-preview":"max-video-preview:-1"},"canonical":"https:\/\/www.feyalegria.org\/venezuela\/capacitacion-mas-que-un-programa-en-fe-y-alegria\/","og_locale":"es_ES","og_type":"article","og_title":"Capacitaci\u00f3n: M\u00e1s que un programa en Fe y Alegr\u00eda - Fe y Alegr\u00eda en Venezuela","og_description":"En Capacitaci\u00f3n combinamos una s\u00f3lida formaci\u00f3n t\u00e9cnica con el desarrollo de habilidades socioemocionales esenciales.","og_url":"https:\/\/www.feyalegria.org\/venezuela\/capacitacion-mas-que-un-programa-en-fe-y-alegria\/","og_site_name":"Fe y Alegr\u00eda en Venezuela","article_published_time":"2025-02-13T12:43:42+00:00","article_modified_time":"2025-02-13T12:53:14+00:00","og_image":[{"width":1200,"height":900,"url":"https:\/\/d3pugrm67vf9n7.cloudfront.net\/wp-content\/uploads\/sites\/4\/2025\/02\/13123523\/capacitacion-42-1.jpg","type":"image\/jpeg"}],"author":"Erika Briceno","twitter_card":"summary_large_image","twitter_misc":{"Escrito por":"Erika Briceno","Tiempo de lectura":"3 minutos"},"schema":{"@context":"https:\/\/schema.org","@graph":[{"@type":"Article","@id":"https:\/\/www.feyalegria.org\/venezuela\/capacitacion-mas-que-un-programa-en-fe-y-alegria\/#article","isPartOf":{"@id":"https:\/\/www.feyalegria.org\/venezuela\/capacitacion-mas-que-un-programa-en-fe-y-alegria\/"},"author":{"name":"Erika Briceno","@id":"https:\/\/www.feyalegria.org\/venezuela\/#\/schema\/person\/fcd504e06f93320841b99f79f3ab0180"},"headline":"Capacitaci\u00f3n: M\u00e1s que un programa en Fe y Alegr\u00eda","datePublished":"2025-02-13T12:43:42+00:00","dateModified":"2025-02-13T12:53:14+00:00","mainEntityOfPage":{"@id":"https:\/\/www.feyalegria.org\/venezuela\/capacitacion-mas-que-un-programa-en-fe-y-alegria\/"},"wordCount":566,"commentCount":0,"image":{"@id":"https:\/\/www.feyalegria.org\/venezuela\/capacitacion-mas-que-un-programa-en-fe-y-alegria\/#primaryimage"},"thumbnailUrl":"https:\/\/d3pugrm67vf9n7.cloudfront.net\/wp-content\/uploads\/sites\/4\/2025\/02\/13123523\/capacitacion-42-1.jpg","keywords":["Capacitaci\u00f3n"],"articleSection":["Bolet\u00edn Interno"],"inLanguage":"es","potentialAction":[{"@type":"CommentAction","name":"Comment","target":["https:\/\/www.feyalegria.org\/venezuela\/capacitacion-mas-que-un-programa-en-fe-y-alegria\/#respond"]}]},{"@type":"WebPage","@id":"https:\/\/www.feyalegria.org\/venezuela\/capacitacion-mas-que-un-programa-en-fe-y-alegria\/","url":"https:\/\/www.feyalegria.org\/venezuela\/capacitacion-mas-que-un-programa-en-fe-y-alegria\/","name":"Capacitaci\u00f3n: M\u00e1s que un programa en Fe y Alegr\u00eda - Fe y Alegr\u00eda en Venezuela","isPartOf":{"@id":"https:\/\/www.feyalegria.org\/venezuela\/#website"},"primaryImageOfPage":{"@id":"https:\/\/www.feyalegria.org\/venezuela\/capacitacion-mas-que-un-programa-en-fe-y-alegria\/#primaryimage"},"image":{"@id":"https:\/\/www.feyalegria.org\/venezuela\/capacitacion-mas-que-un-programa-en-fe-y-alegria\/#primaryimage"},"thumbnailUrl":"https:\/\/d3pugrm67vf9n7.cloudfront.net\/wp-content\/uploads\/sites\/4\/2025\/02\/13123523\/capacitacion-42-1.jpg","datePublished":"2025-02-13T12:43:42+00:00","dateModified":"2025-02-13T12:53:14+00:00","author":{"@id":"https:\/\/www.feyalegria.org\/venezuela\/#\/schema\/person\/fcd504e06f93320841b99f79f3ab0180"},"description":"En Capacitaci\u00f3n combinamos una s\u00f3lida formaci\u00f3n t\u00e9cnica con el desarrollo de habilidades socioemocionales esenciales.","inLanguage":"es","potentialAction":[{"@type":"ReadAction","target":["https:\/\/www.feyalegria.org\/venezuela\/capacitacion-mas-que-un-programa-en-fe-y-alegria\/"]}]},{"@type":"ImageObject","inLanguage":"es","@id":"https:\/\/www.feyalegria.org\/venezuela\/capacitacion-mas-que-un-programa-en-fe-y-alegria\/#primaryimage","url":"https:\/\/d3pugrm67vf9n7.cloudfront.net\/wp-content\/uploads\/sites\/4\/2025\/02\/13123523\/capacitacion-42-1.jpg","contentUrl":"https:\/\/d3pugrm67vf9n7.cloudfront.net\/wp-content\/uploads\/sites\/4\/2025\/02\/13123523\/capacitacion-42-1.jpg","width":1200,"height":900},{"@type":"WebSite","@id":"https:\/\/www.feyalegria.org\/venezuela\/#website","url":"https:\/\/www.feyalegria.org\/venezuela\/","name":"Fe y Alegr\u00eda en Venezuela","description":"","potentialAction":[{"@type":"SearchAction","target":{"@type":"EntryPoint","urlTemplate":"https:\/\/www.feyalegria.org\/venezuela\/?s={search_term_string}"},"query-input":{"@type":"PropertyValueSpecification","valueRequired":true,"valueName":"search_term_string"}}],"inLanguage":"es"},{"@type":"Person","@id":"https:\/\/www.feyalegria.org\/venezuela\/#\/schema\/person\/fcd504e06f93320841b99f79f3ab0180","name":"Erika Briceno","url":"https:\/\/www.feyalegria.org\/venezuela\/author\/comunfifya\/"}]}},"_links":{"self":[{"href":"https:\/\/www.feyalegria.org\/venezuela\/wp-json\/wp\/v2\/posts\/8987","targetHints":{"allow":["GET"]}}],"collection":[{"href":"https:\/\/www.feyalegria.org\/venezuela\/wp-json\/wp\/v2\/posts"}],"about":[{"href":"https:\/\/www.feyalegria.org\/venezuela\/wp-json\/wp\/v2\/types\/post"}],"author":[{"embeddable":true,"href":"https:\/\/www.feyalegria.org\/venezuela\/wp-json\/wp\/v2\/users\/6"}],"replies":[{"embeddable":true,"href":"https:\/\/www.feyalegria.org\/venezuela\/wp-json\/wp\/v2\/comments?post=8987"}],"version-history":[{"count":0,"href":"https:\/\/www.feyalegria.org\/venezuela\/wp-json\/wp\/v2\/posts\/8987\/revisions"}],"wp:featuredmedia":[{"embeddable":true,"href":"https:\/\/www.feyalegria.org\/venezuela\/wp-json\/wp\/v2\/media\/8993"}],"wp:attachment":[{"href":"https:\/\/www.feyalegria.org\/venezuela\/wp-json\/wp\/v2\/media?parent=8987"}],"wp:term":[{"taxonomy":"category","embeddable":true,"href":"https:\/\/www.feyalegria.org\/venezuela\/wp-json\/wp\/v2\/categories?post=8987"},{"taxonomy":"post_tag","embeddable":true,"href":"https:\/\/www.feyalegria.org\/venezuela\/wp-json\/wp\/v2\/tags?post=8987"},{"taxonomy":"post_folder","embeddable":true,"href":"https:\/\/www.feyalegria.org\/venezuela\/wp-json\/wp\/v2\/post_folder?post=8987"}],"curies":[{"name":"wp","href":"https:\/\/api.w.org\/{rel}","templated":true}]}}