{"id":9041,"date":"2025-02-19T20:02:02","date_gmt":"2025-02-19T20:02:02","guid":{"rendered":"https:\/\/www.feyalegria.org\/venezuela\/?p=9041"},"modified":"2025-02-19T20:02:02","modified_gmt":"2025-02-19T20:02:02","slug":"fe-y-alegria-en-alianza-con-febeca-impulsan-programa-de-formacion-en-ventas-para-jovenes","status":"publish","type":"post","link":"https:\/\/www.feyalegria.org\/venezuela\/fe-y-alegria-en-alianza-con-febeca-impulsan-programa-de-formacion-en-ventas-para-jovenes\/","title":{"rendered":"Fe y Alegr\u00eda en alianza con Febeca impulsan programa de formaci\u00f3n en ventas para j\u00f3venes"},"content":{"rendered":"<div class=\"wpb-content-wrapper\"><p>[vc_row][vc_column][vc_column_text css=\u00bb\u00bb]<\/p>\n<h1><strong>Fe y Alegr\u00eda en alianza con Febeca impulsan programa de formaci\u00f3n en ventas para j\u00f3venes\u00a0<\/strong><\/h1>\n<p>[\/vc_column_text][vc_single_image image=\u00bb9047&#8243; img_size=\u00bbfull\u00bb add_caption=\u00bbyes\u00bb alignment=\u00bbcenter\u00bb css=\u00bb\u00bb][vc_column_text css=\u00bb\u00bb]<\/p>\n<p style=\"text-align: right\"><b>Germ\u00e1n Osorio | <\/b><em>Referente de Comunicaci\u00f3n de Fe y Alegr\u00eda Capacitaci\u00f3n<\/em><\/p>\n<p style=\"text-align: right\"><b>\u00a0 \u00a0 Lisbeth Rodr\u00edguez | <\/b><em>Coordinadora nacional de emprendimiento, productividad y comunicaciones.<\/em><\/p>\n<p>[\/vc_column_text][vc_separator][vc_column_text css=\u00bb\u00bb]<\/p>\n<p style=\"text-align: justify\">Fe y Alegr\u00eda Capacitaci\u00f3n se enorgullece en anunciar su colaboraci\u00f3n con la organizaci\u00f3n Febeca en un inspirador proyecto denominado \u00abCreciendo Juntos\u00bb. Esta iniciativa ofrece un innovador programa de formaci\u00f3n en la modalidad de beca-trabajo, dirigido a j\u00f3venes de entre 18 y 25 a\u00f1os del estado Carabobo. El objetivo de \u00abCreciendo Juntos\u00bb es desarrollar un perfil de cargo esencial que Febeca ha identificado para fortalecer su equipo de ventas.<\/p>\n<p>&nbsp;<\/p>\n<p style=\"text-align: justify\">Los egresados de este programa no solo se alinear\u00e1n con los valores organizacionales de Febeca, sino que tambi\u00e9n adquirir\u00e1n habilidades t\u00e9cnicas y estrat\u00e9gicas en negociaci\u00f3n y ventas. Esto les equipar\u00e1 para impulsar productos de manera efectiva y contribuir al crecimiento de la empresa.<\/p>\n<p>&nbsp;<\/p>\n<p style=\"text-align: justify\"><img loading=\"lazy\" decoding=\"async\" class=\" wp-image-9046 alignleft\" src=\"https:\/\/d3pugrm67vf9n7.cloudfront.net\/wp-content\/uploads\/sites\/4\/2025\/02\/19192604\/9-300x225.jpg\" alt=\"\" width=\"400\" height=\"300\" srcset=\"https:\/\/d3pugrm67vf9n7.cloudfront.net\/wp-content\/uploads\/sites\/4\/2025\/02\/19192604\/9-300x225.jpg 300w, https:\/\/d3pugrm67vf9n7.cloudfront.net\/wp-content\/uploads\/sites\/4\/2025\/02\/19192604\/9-1024x768.jpg 1024w, https:\/\/d3pugrm67vf9n7.cloudfront.net\/wp-content\/uploads\/sites\/4\/2025\/02\/19192604\/9-768x576.jpg 768w, https:\/\/d3pugrm67vf9n7.cloudfront.net\/wp-content\/uploads\/sites\/4\/2025\/02\/19192604\/9.jpg 1200w\" sizes=\"auto, (max-width: 400px) 100vw, 400px\" \/>La formaci\u00f3n se imparte utilizando la reconocida metodolog\u00eda DACUM, con el invaluable acompa\u00f1amiento de Mar\u00eda M\u00e9ndez, l\u00edder del \u00e1rea de formaci\u00f3n t\u00e9cnica y educaci\u00f3n para el trabajo en el Centro de Formaci\u00f3n e Investigaci\u00f3n Padre Joaqu\u00edn (CFIPJ) de Fe y Alegr\u00eda.<\/p>\n<p>&nbsp;<\/p>\n<p style=\"text-align: justify\">La convocatoria actual, dirigida a las escuelas de Valencia, espera atraer a m\u00e1s de 100 j\u00f3venes talentosos, de los cuales se seleccionar\u00e1n a los m\u00e1s destacados para participar en el proceso formativo que se llevar\u00e1 a cabo en las instalaciones de Febeca.<\/p>\n<p>&nbsp;<\/p>\n<h3 style=\"text-align: justify\">\u00bfQu\u00e9 incluye la formaci\u00f3n?<\/h3>\n<p>&nbsp;<\/p>\n<p style=\"text-align: justify\">El curr\u00edculo aborda diversas competencias comerciales, entre ellas:<br \/>\n&#8211; Maximizaci\u00f3n de oportunidades de compraventa<br \/>\n&#8211; Exhibici\u00f3n de productos<br \/>\n&#8211; Atenci\u00f3n al cliente<br \/>\n&#8211; Habilidades blandas<\/p>\n<p>&nbsp;<\/p>\n<p style=\"text-align: justify\">Este enfoque integral permitir\u00e1 que los participantes no solo impulsen las ventas, sino que tambi\u00e9n fortalezcan las relaciones con los clientes, creando un impacto positivo en la comunidad.<\/p>\n<p>&nbsp;<\/p>\n<p style=\"text-align: justify\">Recientemente, se llevaron a cabo reuniones estrat\u00e9gicas, siendo el \u00faltimo encuentro el 6 y 7 de febrero, con la participaci\u00f3n destacada de Sandra Chac\u00f3n, directora nacional del programa Fe y Alegr\u00eda Capacitaci\u00f3n, con el acompa\u00f1amiento de las coordinadoras Lisbeth Rodr\u00edguez y Diana Reyes.<\/p>\n<p>&nbsp;<\/p>\n<p style=\"text-align: justify\">Fe y Alegr\u00eda Capacitaci\u00f3n y Febeca est\u00e1n firmemente comprometidos con el desarrollo profesional de los j\u00f3venes, y esperan que esta alianza genere oportunidades significativas y transformadoras para todos los participantes.<\/p>\n<p>&nbsp;<\/p>\n<p style=\"text-align: justify\"><span style=\"font-size: 18px\"><strong>\u00a1Juntos, educamos corazones!<\/strong><\/span><\/p>\n<p>\u00a0[\/vc_column_text][vc_row_inner][vc_column_inner][vc_column_text css=\u00bb\u00bb]<\/p>\n<p style=\"text-align: right\"><strong>Caracas, 20 de febrero de 2025<\/strong><\/p>\n<p>[\/vc_column_text][\/vc_column_inner][\/vc_row_inner][\/vc_column][\/vc_row]<\/p>\n<\/div>","protected":false},"excerpt":{"rendered":"<div style=\"height: 265px\">El objetivo de \u00abCreciendo Juntos\u00bb es desarrollar un perfil de cargo esencial que Febeca ha identificado para fortalecer su equipo de ventas.<\/div>\n","protected":false},"author":90,"featured_media":9047,"comment_status":"open","ping_status":"open","sticky":false,"template":"","format":"standard","meta":{"_acf_changed":false,"footnotes":""},"categories":[746],"tags":[1069,634],"post_folder":[],"class_list":["post-9041","post","type-post","status-publish","format-standard","has-post-thumbnail","hentry","category-boletin-interno","tag-alianza","tag-capacitacion"],"acf":[],"yoast_head":"<!-- This site is optimized with the Yoast SEO plugin v27.5 - https:\/\/yoast.com\/product\/yoast-seo-wordpress\/ -->\n<title>Fe y Alegr\u00eda en alianza con Febeca impulsan programa de formaci\u00f3n en ventas para j\u00f3venes - Fe y Alegr\u00eda en Venezuela<\/title>\n<meta name=\"description\" content=\"El objetivo de &quot;Creciendo Juntos&quot; es desarrollar un perfil de cargo esencial que Febeca ha identificado para fortalecer su equipo de ventas.\" \/>\n<meta name=\"robots\" content=\"index, follow, max-snippet:-1, max-image-preview:large, max-video-preview:-1\" \/>\n<link rel=\"canonical\" href=\"https:\/\/www.feyalegria.org\/venezuela\/fe-y-alegria-en-alianza-con-febeca-impulsan-programa-de-formacion-en-ventas-para-jovenes\/\" \/>\n<meta property=\"og:locale\" content=\"es_ES\" \/>\n<meta property=\"og:type\" content=\"article\" \/>\n<meta property=\"og:title\" content=\"Fe y Alegr\u00eda en alianza con Febeca impulsan programa de formaci\u00f3n en ventas para j\u00f3venes - Fe y Alegr\u00eda en Venezuela\" \/>\n<meta property=\"og:description\" content=\"El objetivo de &quot;Creciendo Juntos&quot; es desarrollar un perfil de cargo esencial que Febeca ha identificado para fortalecer su equipo de ventas.\" \/>\n<meta property=\"og:url\" content=\"https:\/\/www.feyalegria.org\/venezuela\/fe-y-alegria-en-alianza-con-febeca-impulsan-programa-de-formacion-en-ventas-para-jovenes\/\" \/>\n<meta property=\"og:site_name\" content=\"Fe y Alegr\u00eda en Venezuela\" \/>\n<meta property=\"article:published_time\" content=\"2025-02-19T20:02:02+00:00\" \/>\n<meta property=\"og:image\" content=\"https:\/\/d3pugrm67vf9n7.cloudfront.net\/wp-content\/uploads\/sites\/4\/2025\/02\/19192707\/10.jpg\" \/>\n\t<meta property=\"og:image:width\" content=\"1200\" \/>\n\t<meta property=\"og:image:height\" content=\"900\" \/>\n\t<meta property=\"og:image:type\" content=\"image\/jpeg\" \/>\n<meta name=\"author\" content=\"adminfyaven\" \/>\n<meta name=\"twitter:card\" content=\"summary_large_image\" \/>\n<meta name=\"twitter:label1\" content=\"Escrito por\" \/>\n\t<meta name=\"twitter:data1\" content=\"adminfyaven\" \/>\n\t<meta name=\"twitter:label2\" content=\"Tiempo de lectura\" \/>\n\t<meta name=\"twitter:data2\" content=\"3 minutos\" \/>\n<script type=\"application\/ld+json\" class=\"yoast-schema-graph\">{\"@context\":\"https:\\\/\\\/schema.org\",\"@graph\":[{\"@type\":\"Article\",\"@id\":\"https:\\\/\\\/www.feyalegria.org\\\/venezuela\\\/fe-y-alegria-en-alianza-con-febeca-impulsan-programa-de-formacion-en-ventas-para-jovenes\\\/#article\",\"isPartOf\":{\"@id\":\"https:\\\/\\\/www.feyalegria.org\\\/venezuela\\\/fe-y-alegria-en-alianza-con-febeca-impulsan-programa-de-formacion-en-ventas-para-jovenes\\\/\"},\"author\":{\"name\":\"adminfyaven\",\"@id\":\"https:\\\/\\\/www.feyalegria.org\\\/venezuela\\\/#\\\/schema\\\/person\\\/7fcf310cf79e9dfc0cf304f520691604\"},\"headline\":\"Fe y Alegr\u00eda en alianza con Febeca impulsan programa de formaci\u00f3n en ventas para j\u00f3venes\",\"datePublished\":\"2025-02-19T20:02:02+00:00\",\"mainEntityOfPage\":{\"@id\":\"https:\\\/\\\/www.feyalegria.org\\\/venezuela\\\/fe-y-alegria-en-alianza-con-febeca-impulsan-programa-de-formacion-en-ventas-para-jovenes\\\/\"},\"wordCount\":505,\"commentCount\":0,\"image\":{\"@id\":\"https:\\\/\\\/www.feyalegria.org\\\/venezuela\\\/fe-y-alegria-en-alianza-con-febeca-impulsan-programa-de-formacion-en-ventas-para-jovenes\\\/#primaryimage\"},\"thumbnailUrl\":\"https:\\\/\\\/d3pugrm67vf9n7.cloudfront.net\\\/wp-content\\\/uploads\\\/sites\\\/4\\\/2025\\\/02\\\/19192707\\\/10.jpg\",\"keywords\":[\"alianza\",\"Capacitaci\u00f3n\"],\"articleSection\":[\"Bolet\u00edn Interno\"],\"inLanguage\":\"es\",\"potentialAction\":[{\"@type\":\"CommentAction\",\"name\":\"Comment\",\"target\":[\"https:\\\/\\\/www.feyalegria.org\\\/venezuela\\\/fe-y-alegria-en-alianza-con-febeca-impulsan-programa-de-formacion-en-ventas-para-jovenes\\\/#respond\"]}]},{\"@type\":\"WebPage\",\"@id\":\"https:\\\/\\\/www.feyalegria.org\\\/venezuela\\\/fe-y-alegria-en-alianza-con-febeca-impulsan-programa-de-formacion-en-ventas-para-jovenes\\\/\",\"url\":\"https:\\\/\\\/www.feyalegria.org\\\/venezuela\\\/fe-y-alegria-en-alianza-con-febeca-impulsan-programa-de-formacion-en-ventas-para-jovenes\\\/\",\"name\":\"Fe y Alegr\u00eda en alianza con Febeca impulsan programa de formaci\u00f3n en ventas para j\u00f3venes - Fe y Alegr\u00eda en Venezuela\",\"isPartOf\":{\"@id\":\"https:\\\/\\\/www.feyalegria.org\\\/venezuela\\\/#website\"},\"primaryImageOfPage\":{\"@id\":\"https:\\\/\\\/www.feyalegria.org\\\/venezuela\\\/fe-y-alegria-en-alianza-con-febeca-impulsan-programa-de-formacion-en-ventas-para-jovenes\\\/#primaryimage\"},\"image\":{\"@id\":\"https:\\\/\\\/www.feyalegria.org\\\/venezuela\\\/fe-y-alegria-en-alianza-con-febeca-impulsan-programa-de-formacion-en-ventas-para-jovenes\\\/#primaryimage\"},\"thumbnailUrl\":\"https:\\\/\\\/d3pugrm67vf9n7.cloudfront.net\\\/wp-content\\\/uploads\\\/sites\\\/4\\\/2025\\\/02\\\/19192707\\\/10.jpg\",\"datePublished\":\"2025-02-19T20:02:02+00:00\",\"author\":{\"@id\":\"https:\\\/\\\/www.feyalegria.org\\\/venezuela\\\/#\\\/schema\\\/person\\\/7fcf310cf79e9dfc0cf304f520691604\"},\"description\":\"El objetivo de \\\"Creciendo Juntos\\\" es desarrollar un perfil de cargo esencial que Febeca ha identificado para fortalecer su equipo de ventas.\",\"inLanguage\":\"es\",\"potentialAction\":[{\"@type\":\"ReadAction\",\"target\":[\"https:\\\/\\\/www.feyalegria.org\\\/venezuela\\\/fe-y-alegria-en-alianza-con-febeca-impulsan-programa-de-formacion-en-ventas-para-jovenes\\\/\"]}]},{\"@type\":\"ImageObject\",\"inLanguage\":\"es\",\"@id\":\"https:\\\/\\\/www.feyalegria.org\\\/venezuela\\\/fe-y-alegria-en-alianza-con-febeca-impulsan-programa-de-formacion-en-ventas-para-jovenes\\\/#primaryimage\",\"url\":\"https:\\\/\\\/d3pugrm67vf9n7.cloudfront.net\\\/wp-content\\\/uploads\\\/sites\\\/4\\\/2025\\\/02\\\/19192707\\\/10.jpg\",\"contentUrl\":\"https:\\\/\\\/d3pugrm67vf9n7.cloudfront.net\\\/wp-content\\\/uploads\\\/sites\\\/4\\\/2025\\\/02\\\/19192707\\\/10.jpg\",\"width\":1200,\"height\":900,\"caption\":\"Reuni\u00f3n para establecer alianza con empresa Febeca. Participantes Mar\u00eda M\u00e9ndez, Sandra Chac\u00f3n, Lisbeth Rodr\u00edguez y representantes de Febeca\"},{\"@type\":\"WebSite\",\"@id\":\"https:\\\/\\\/www.feyalegria.org\\\/venezuela\\\/#website\",\"url\":\"https:\\\/\\\/www.feyalegria.org\\\/venezuela\\\/\",\"name\":\"Fe y Alegr\u00eda en Venezuela\",\"description\":\"\",\"potentialAction\":[{\"@type\":\"SearchAction\",\"target\":{\"@type\":\"EntryPoint\",\"urlTemplate\":\"https:\\\/\\\/www.feyalegria.org\\\/venezuela\\\/?s={search_term_string}\"},\"query-input\":{\"@type\":\"PropertyValueSpecification\",\"valueRequired\":true,\"valueName\":\"search_term_string\"}}],\"inLanguage\":\"es\"},{\"@type\":\"Person\",\"@id\":\"https:\\\/\\\/www.feyalegria.org\\\/venezuela\\\/#\\\/schema\\\/person\\\/7fcf310cf79e9dfc0cf304f520691604\",\"name\":\"adminfyaven\",\"url\":\"https:\\\/\\\/www.feyalegria.org\\\/venezuela\\\/author\\\/adminfyaven\\\/\"}]}<\/script>\n<!-- \/ Yoast SEO plugin. -->","yoast_head_json":{"title":"Fe y Alegr\u00eda en alianza con Febeca impulsan programa de formaci\u00f3n en ventas para j\u00f3venes - Fe y Alegr\u00eda en Venezuela","description":"El objetivo de \"Creciendo Juntos\" es desarrollar un perfil de cargo esencial que Febeca ha identificado para fortalecer su equipo de ventas.","robots":{"index":"index","follow":"follow","max-snippet":"max-snippet:-1","max-image-preview":"max-image-preview:large","max-video-preview":"max-video-preview:-1"},"canonical":"https:\/\/www.feyalegria.org\/venezuela\/fe-y-alegria-en-alianza-con-febeca-impulsan-programa-de-formacion-en-ventas-para-jovenes\/","og_locale":"es_ES","og_type":"article","og_title":"Fe y Alegr\u00eda en alianza con Febeca impulsan programa de formaci\u00f3n en ventas para j\u00f3venes - Fe y Alegr\u00eda en Venezuela","og_description":"El objetivo de \"Creciendo Juntos\" es desarrollar un perfil de cargo esencial que Febeca ha identificado para fortalecer su equipo de ventas.","og_url":"https:\/\/www.feyalegria.org\/venezuela\/fe-y-alegria-en-alianza-con-febeca-impulsan-programa-de-formacion-en-ventas-para-jovenes\/","og_site_name":"Fe y Alegr\u00eda en Venezuela","article_published_time":"2025-02-19T20:02:02+00:00","og_image":[{"width":1200,"height":900,"url":"https:\/\/d3pugrm67vf9n7.cloudfront.net\/wp-content\/uploads\/sites\/4\/2025\/02\/19192707\/10.jpg","type":"image\/jpeg"}],"author":"adminfyaven","twitter_card":"summary_large_image","twitter_misc":{"Escrito por":"adminfyaven","Tiempo de lectura":"3 minutos"},"schema":{"@context":"https:\/\/schema.org","@graph":[{"@type":"Article","@id":"https:\/\/www.feyalegria.org\/venezuela\/fe-y-alegria-en-alianza-con-febeca-impulsan-programa-de-formacion-en-ventas-para-jovenes\/#article","isPartOf":{"@id":"https:\/\/www.feyalegria.org\/venezuela\/fe-y-alegria-en-alianza-con-febeca-impulsan-programa-de-formacion-en-ventas-para-jovenes\/"},"author":{"name":"adminfyaven","@id":"https:\/\/www.feyalegria.org\/venezuela\/#\/schema\/person\/7fcf310cf79e9dfc0cf304f520691604"},"headline":"Fe y Alegr\u00eda en alianza con Febeca impulsan programa de formaci\u00f3n en ventas para j\u00f3venes","datePublished":"2025-02-19T20:02:02+00:00","mainEntityOfPage":{"@id":"https:\/\/www.feyalegria.org\/venezuela\/fe-y-alegria-en-alianza-con-febeca-impulsan-programa-de-formacion-en-ventas-para-jovenes\/"},"wordCount":505,"commentCount":0,"image":{"@id":"https:\/\/www.feyalegria.org\/venezuela\/fe-y-alegria-en-alianza-con-febeca-impulsan-programa-de-formacion-en-ventas-para-jovenes\/#primaryimage"},"thumbnailUrl":"https:\/\/d3pugrm67vf9n7.cloudfront.net\/wp-content\/uploads\/sites\/4\/2025\/02\/19192707\/10.jpg","keywords":["alianza","Capacitaci\u00f3n"],"articleSection":["Bolet\u00edn Interno"],"inLanguage":"es","potentialAction":[{"@type":"CommentAction","name":"Comment","target":["https:\/\/www.feyalegria.org\/venezuela\/fe-y-alegria-en-alianza-con-febeca-impulsan-programa-de-formacion-en-ventas-para-jovenes\/#respond"]}]},{"@type":"WebPage","@id":"https:\/\/www.feyalegria.org\/venezuela\/fe-y-alegria-en-alianza-con-febeca-impulsan-programa-de-formacion-en-ventas-para-jovenes\/","url":"https:\/\/www.feyalegria.org\/venezuela\/fe-y-alegria-en-alianza-con-febeca-impulsan-programa-de-formacion-en-ventas-para-jovenes\/","name":"Fe y Alegr\u00eda en alianza con Febeca impulsan programa de formaci\u00f3n en ventas para j\u00f3venes - Fe y Alegr\u00eda en Venezuela","isPartOf":{"@id":"https:\/\/www.feyalegria.org\/venezuela\/#website"},"primaryImageOfPage":{"@id":"https:\/\/www.feyalegria.org\/venezuela\/fe-y-alegria-en-alianza-con-febeca-impulsan-programa-de-formacion-en-ventas-para-jovenes\/#primaryimage"},"image":{"@id":"https:\/\/www.feyalegria.org\/venezuela\/fe-y-alegria-en-alianza-con-febeca-impulsan-programa-de-formacion-en-ventas-para-jovenes\/#primaryimage"},"thumbnailUrl":"https:\/\/d3pugrm67vf9n7.cloudfront.net\/wp-content\/uploads\/sites\/4\/2025\/02\/19192707\/10.jpg","datePublished":"2025-02-19T20:02:02+00:00","author":{"@id":"https:\/\/www.feyalegria.org\/venezuela\/#\/schema\/person\/7fcf310cf79e9dfc0cf304f520691604"},"description":"El objetivo de \"Creciendo Juntos\" es desarrollar un perfil de cargo esencial que Febeca ha identificado para fortalecer su equipo de ventas.","inLanguage":"es","potentialAction":[{"@type":"ReadAction","target":["https:\/\/www.feyalegria.org\/venezuela\/fe-y-alegria-en-alianza-con-febeca-impulsan-programa-de-formacion-en-ventas-para-jovenes\/"]}]},{"@type":"ImageObject","inLanguage":"es","@id":"https:\/\/www.feyalegria.org\/venezuela\/fe-y-alegria-en-alianza-con-febeca-impulsan-programa-de-formacion-en-ventas-para-jovenes\/#primaryimage","url":"https:\/\/d3pugrm67vf9n7.cloudfront.net\/wp-content\/uploads\/sites\/4\/2025\/02\/19192707\/10.jpg","contentUrl":"https:\/\/d3pugrm67vf9n7.cloudfront.net\/wp-content\/uploads\/sites\/4\/2025\/02\/19192707\/10.jpg","width":1200,"height":900,"caption":"Reuni\u00f3n para establecer alianza con empresa Febeca. Participantes Mar\u00eda M\u00e9ndez, Sandra Chac\u00f3n, Lisbeth Rodr\u00edguez y representantes de Febeca"},{"@type":"WebSite","@id":"https:\/\/www.feyalegria.org\/venezuela\/#website","url":"https:\/\/www.feyalegria.org\/venezuela\/","name":"Fe y Alegr\u00eda en Venezuela","description":"","potentialAction":[{"@type":"SearchAction","target":{"@type":"EntryPoint","urlTemplate":"https:\/\/www.feyalegria.org\/venezuela\/?s={search_term_string}"},"query-input":{"@type":"PropertyValueSpecification","valueRequired":true,"valueName":"search_term_string"}}],"inLanguage":"es"},{"@type":"Person","@id":"https:\/\/www.feyalegria.org\/venezuela\/#\/schema\/person\/7fcf310cf79e9dfc0cf304f520691604","name":"adminfyaven","url":"https:\/\/www.feyalegria.org\/venezuela\/author\/adminfyaven\/"}]}},"_links":{"self":[{"href":"https:\/\/www.feyalegria.org\/venezuela\/wp-json\/wp\/v2\/posts\/9041","targetHints":{"allow":["GET"]}}],"collection":[{"href":"https:\/\/www.feyalegria.org\/venezuela\/wp-json\/wp\/v2\/posts"}],"about":[{"href":"https:\/\/www.feyalegria.org\/venezuela\/wp-json\/wp\/v2\/types\/post"}],"author":[{"embeddable":true,"href":"https:\/\/www.feyalegria.org\/venezuela\/wp-json\/wp\/v2\/users\/90"}],"replies":[{"embeddable":true,"href":"https:\/\/www.feyalegria.org\/venezuela\/wp-json\/wp\/v2\/comments?post=9041"}],"version-history":[{"count":0,"href":"https:\/\/www.feyalegria.org\/venezuela\/wp-json\/wp\/v2\/posts\/9041\/revisions"}],"wp:featuredmedia":[{"embeddable":true,"href":"https:\/\/www.feyalegria.org\/venezuela\/wp-json\/wp\/v2\/media\/9047"}],"wp:attachment":[{"href":"https:\/\/www.feyalegria.org\/venezuela\/wp-json\/wp\/v2\/media?parent=9041"}],"wp:term":[{"taxonomy":"category","embeddable":true,"href":"https:\/\/www.feyalegria.org\/venezuela\/wp-json\/wp\/v2\/categories?post=9041"},{"taxonomy":"post_tag","embeddable":true,"href":"https:\/\/www.feyalegria.org\/venezuela\/wp-json\/wp\/v2\/tags?post=9041"},{"taxonomy":"post_folder","embeddable":true,"href":"https:\/\/www.feyalegria.org\/venezuela\/wp-json\/wp\/v2\/post_folder?post=9041"}],"curies":[{"name":"wp","href":"https:\/\/api.w.org\/{rel}","templated":true}]}}