{"id":9129,"date":"2025-02-26T02:27:38","date_gmt":"2025-02-26T02:27:38","guid":{"rendered":"https:\/\/www.feyalegria.org\/venezuela\/?p=9129"},"modified":"2025-02-26T16:08:45","modified_gmt":"2025-02-26T16:08:45","slug":"fe-y-alegria-capacitacion-certifica-a-23-nuevos-asistentes-de-farmacia-en-merida","status":"publish","type":"post","link":"https:\/\/www.feyalegria.org\/venezuela\/fe-y-alegria-capacitacion-certifica-a-23-nuevos-asistentes-de-farmacia-en-merida\/","title":{"rendered":"Fe y Alegr\u00eda Capacitaci\u00f3n certifica a 23 nuevos Asistentes de Farmacia en M\u00e9rida"},"content":{"rendered":"<div class=\"wpb-content-wrapper\"><p>[vc_row][vc_column][vc_column_text css=\u00bb\u00bb]<\/p>\n<h1><strong><b>Fe y Alegr\u00eda Capacitaci\u00f3n certifica a 23 nuevos Asistentes de Farmacia en M\u00e9rida <\/b> <\/strong><\/h1>\n<p>[\/vc_column_text][vc_single_image image=\u00bb9133&#8243; img_size=\u00bbfull\u00bb add_caption=\u00bbyes\u00bb alignment=\u00bbcenter\u00bb css=\u00bb\u00bb][vc_column_text css=\u00bb\u00bb]<\/p>\n<p style=\"text-align: right\"><b>Germ\u00e1n Osorio | <\/b><em>Referente de Comunicaci\u00f3n de Fe y Alegr\u00eda Capacitaci\u00f3n<\/em><\/p>\n<p style=\"text-align: right\"><b>\u00a0 \u00a0 Pedro Cede\u00f1o | <\/b><em>Responsable de estado M\u00e9rida\u00a0<\/em><\/p>\n<p>[\/vc_column_text][vc_separator][vc_column_text css=\u00bb\u00bb]<\/p>\n<p style=\"text-align: justify\">En un emotivo acto llevado a cabo en las instalaciones de la Casa Cardoner, Fe y Alegr\u00eda Capacitaci\u00f3n certific\u00f3 a 23 j\u00f3venes como Asistentes de Farmacia en el estado M\u00e9rida. Este logro no solo resalta la dedicaci\u00f3n de los participantes, sino tambi\u00e9n el compromiso de Fe y Alegr\u00eda por generar espacios de aprendizaje que fomenten la empleabilidad y el emprendimiento en j\u00f3venes y adultos de todo el pa\u00eds.<\/p>\n<p>&nbsp;<\/p>\n<p><img loading=\"lazy\" decoding=\"async\" class=\"wp-image-9135 alignleft\" style=\"text-align: justify\" src=\"https:\/\/d3pugrm67vf9n7.cloudfront.net\/wp-content\/uploads\/sites\/4\/2025\/02\/26010948\/Foto-CAP03-300x225.jpg\" alt=\"\" width=\"345\" height=\"259\" srcset=\"https:\/\/d3pugrm67vf9n7.cloudfront.net\/wp-content\/uploads\/sites\/4\/2025\/02\/26010948\/Foto-CAP03-300x225.jpg 300w, https:\/\/d3pugrm67vf9n7.cloudfront.net\/wp-content\/uploads\/sites\/4\/2025\/02\/26010948\/Foto-CAP03-1024x768.jpg 1024w, https:\/\/d3pugrm67vf9n7.cloudfront.net\/wp-content\/uploads\/sites\/4\/2025\/02\/26010948\/Foto-CAP03-768x576.jpg 768w, https:\/\/d3pugrm67vf9n7.cloudfront.net\/wp-content\/uploads\/sites\/4\/2025\/02\/26010948\/Foto-CAP03.jpg 1200w\" sizes=\"auto, (max-width: 345px) 100vw, 345px\" \/><\/p>\n<p>&nbsp;<\/p>\n<p style=\"text-align: justify\">Pedro Cede\u00f1o, responsa<span style=\"text-align: justify\">ble de Fe y Alegr\u00eda Capacitaci\u00f3n en el estado M\u00e9rida, expres\u00f3 que la entrega de estos certificados representa un hito significativo en la vida de quienes culminaron el curso. Se\u00f1al\u00f3 que aquellos que se formaron de manera cons<\/span><span style=\"text-align: justify\">ciente y responsable encontrar\u00e1n oportunidades\u00a0<\/span>laborales en los lugares donde realizaron sus pasant\u00edas.<\/p>\n<p>&nbsp;<\/p>\n<p>&nbsp;<\/p>\n<p style=\"text-align: justify\">\u201cEste es un motivo de alegr\u00eda y orgullo tanto para los graduados como para todos los que trabajamos incansablemente para garantizar una educaci\u00f3n de calidad en nuestra instituci\u00f3n\u201d, asegur\u00f3 Cede\u00f1o.<\/p>\n<p>&nbsp;<\/p>\n<p style=\"text-align: justify\">Por su parte, Ang\u00e9lica Molina, una de las estudiantes certificadas, agradeci\u00f3 a Fe y Alegr\u00eda por la oportunidad de formarse como asistente de farmacia. \u201cLa capacitaci\u00f3n que recib\u00ed fue enriquecedora y me ayud\u00f3 a crecer tanto personal como profesionalmente. Gracias a la dedicaci\u00f3n de mis tutores, adquir\u00ed una valiosa experiencia que me permiti\u00f3 conseguir un empleo en el lugar de pasant\u00edas\u201d, destac\u00f3 Molina.<\/p>\n<p>&nbsp;<\/p>\n<p style=\"text-align: justify\">Mar\u00eda Carolina Ram\u00edrez, coordinadora de planes y proyectos de Fe y Alegr\u00eda Capacitaci\u00f3n, anunci\u00f3 que las inscripciones est\u00e1n abiertas para la comunidad, invitando a participar en los cursos y talleres, tanto presenciales como virtuales, que abarcan diversas \u00e1reas como corte y costura, sistemas de u\u00f1as, asistencia de farmacia, helados artesanales y reparaci\u00f3n de electrodom\u00e9sticos, entre otros.<\/p>\n<p>&nbsp;<\/p>\n<p style=\"text-align: justify\">Nos hemos consolidado como un pilar fundamental en la formaci\u00f3n de j\u00f3venes y adultos en todo el pa\u00eds. Nuestro firme compromiso con la educaci\u00f3n y el desarrollo de habilidades pr\u00e1cticas ha permitido a muchas personas descubrir nuevas oportunidades en el mercado laboral. Cursos como el de Asistente de Farmacia brindan a los j\u00f3venes las herramientas clave para incursionar con \u00e9xito en este sector, respondiendo a las crecientes necesidades del mercado laboral en el pa\u00eds.<\/p>\n<p>&nbsp;<\/p>\n<p>De esta manera, en Fe y Alegr\u00eda Capacitaci\u00f3n, continuamos impulsando el crecimiento personal y profesional de nuestros estudiantes, transformando vidas a trav\u00e9s de la educaci\u00f3n y creando un futuro m\u00e1s prometedor para todos.<\/p>\n<p>&nbsp;<\/p>\n<p><strong>\u00a1Juntos, educamos corazones!<\/strong><\/p>\n<p>&nbsp;<\/p>\n<p><img loading=\"lazy\" decoding=\"async\" class=\"alignnone size-medium wp-image-9134\" src=\"https:\/\/d3pugrm67vf9n7.cloudfront.net\/wp-content\/uploads\/sites\/4\/2025\/02\/26010926\/13-300x225.jpg\" alt=\"\" width=\"300\" height=\"225\" srcset=\"https:\/\/d3pugrm67vf9n7.cloudfront.net\/wp-content\/uploads\/sites\/4\/2025\/02\/26010926\/13-300x225.jpg 300w, https:\/\/d3pugrm67vf9n7.cloudfront.net\/wp-content\/uploads\/sites\/4\/2025\/02\/26010926\/13-1024x768.jpg 1024w, https:\/\/d3pugrm67vf9n7.cloudfront.net\/wp-content\/uploads\/sites\/4\/2025\/02\/26010926\/13-768x576.jpg 768w, https:\/\/d3pugrm67vf9n7.cloudfront.net\/wp-content\/uploads\/sites\/4\/2025\/02\/26010926\/13.jpg 1200w\" sizes=\"auto, (max-width: 300px) 100vw, 300px\" \/>[\/vc_column_text][vc_row_inner][vc_column_inner][vc_column_text css=\u00bb\u00bb]<\/p>\n<p style=\"text-align: right\"><strong>Caracas, 20 de febrero de 2025<\/strong><\/p>\n<p>[\/vc_column_text][\/vc_column_inner][\/vc_row_inner][\/vc_column][\/vc_row]<\/p>\n<\/div>","protected":false},"excerpt":{"rendered":"<div style=\"height: 265px\">Nos hemos consolidado como un pilar fundamental en la formaci\u00f3n de j\u00f3venes y adultos en todo el pa\u00eds. Nuestro firme compromiso con la educaci\u00f3n y el desarrollo de habilidades pr\u00e1cticas ha permitido a muchas personas descubrir nuevas oportunidades en el mercado laboral. .<\/div>\n","protected":false},"author":90,"featured_media":9133,"comment_status":"open","ping_status":"open","sticky":false,"template":"","format":"standard","meta":{"_acf_changed":false,"footnotes":""},"categories":[746],"tags":[1035,634,1057],"post_folder":[],"class_list":["post-9129","post","type-post","status-publish","format-standard","has-post-thumbnail","hentry","category-boletin-interno","tag-asistente-de-farmacia","tag-capacitacion","tag-educamos-corazones"],"acf":[],"yoast_head":"<!-- This site is optimized with the Yoast SEO plugin v27.5 - https:\/\/yoast.com\/product\/yoast-seo-wordpress\/ -->\n<title>Fe y Alegr\u00eda Capacitaci\u00f3n certifica a 23 nuevos Asistentes de Farmacia en M\u00e9rida - Fe y Alegr\u00eda en Venezuela<\/title>\n<meta name=\"description\" content=\"Cursos como el de Asistente de Farmacia brindan a los j\u00f3venes las herramientas clave para incursionar con \u00e9xito en este sector.\" \/>\n<meta name=\"robots\" content=\"index, follow, max-snippet:-1, max-image-preview:large, max-video-preview:-1\" \/>\n<link rel=\"canonical\" href=\"https:\/\/www.feyalegria.org\/venezuela\/fe-y-alegria-capacitacion-certifica-a-23-nuevos-asistentes-de-farmacia-en-merida\/\" \/>\n<meta property=\"og:locale\" content=\"es_ES\" \/>\n<meta property=\"og:type\" content=\"article\" \/>\n<meta property=\"og:title\" content=\"Fe y Alegr\u00eda Capacitaci\u00f3n certifica a 23 nuevos Asistentes de Farmacia en M\u00e9rida - Fe y Alegr\u00eda en Venezuela\" \/>\n<meta property=\"og:description\" content=\"Cursos como el de Asistente de Farmacia brindan a los j\u00f3venes las herramientas clave para incursionar con \u00e9xito en este sector.\" \/>\n<meta property=\"og:url\" content=\"https:\/\/www.feyalegria.org\/venezuela\/fe-y-alegria-capacitacion-certifica-a-23-nuevos-asistentes-de-farmacia-en-merida\/\" \/>\n<meta property=\"og:site_name\" content=\"Fe y Alegr\u00eda en Venezuela\" \/>\n<meta property=\"article:published_time\" content=\"2025-02-26T02:27:38+00:00\" \/>\n<meta property=\"article:modified_time\" content=\"2025-02-26T16:08:45+00:00\" \/>\n<meta property=\"og:image\" content=\"https:\/\/d3pugrm67vf9n7.cloudfront.net\/wp-content\/uploads\/sites\/4\/2025\/02\/26010908\/12.jpg\" \/>\n\t<meta property=\"og:image:width\" content=\"1200\" \/>\n\t<meta property=\"og:image:height\" content=\"900\" \/>\n\t<meta property=\"og:image:type\" content=\"image\/jpeg\" \/>\n<meta name=\"author\" content=\"adminfyaven\" \/>\n<meta name=\"twitter:card\" content=\"summary_large_image\" \/>\n<meta name=\"twitter:label1\" content=\"Escrito por\" \/>\n\t<meta name=\"twitter:data1\" content=\"adminfyaven\" \/>\n\t<meta name=\"twitter:label2\" content=\"Tiempo de lectura\" \/>\n\t<meta name=\"twitter:data2\" content=\"3 minutos\" \/>\n<script type=\"application\/ld+json\" class=\"yoast-schema-graph\">{\"@context\":\"https:\\\/\\\/schema.org\",\"@graph\":[{\"@type\":\"Article\",\"@id\":\"https:\\\/\\\/www.feyalegria.org\\\/venezuela\\\/fe-y-alegria-capacitacion-certifica-a-23-nuevos-asistentes-de-farmacia-en-merida\\\/#article\",\"isPartOf\":{\"@id\":\"https:\\\/\\\/www.feyalegria.org\\\/venezuela\\\/fe-y-alegria-capacitacion-certifica-a-23-nuevos-asistentes-de-farmacia-en-merida\\\/\"},\"author\":{\"name\":\"adminfyaven\",\"@id\":\"https:\\\/\\\/www.feyalegria.org\\\/venezuela\\\/#\\\/schema\\\/person\\\/7fcf310cf79e9dfc0cf304f520691604\"},\"headline\":\"Fe y Alegr\u00eda Capacitaci\u00f3n certifica a 23 nuevos Asistentes de Farmacia en M\u00e9rida\",\"datePublished\":\"2025-02-26T02:27:38+00:00\",\"dateModified\":\"2025-02-26T16:08:45+00:00\",\"mainEntityOfPage\":{\"@id\":\"https:\\\/\\\/www.feyalegria.org\\\/venezuela\\\/fe-y-alegria-capacitacion-certifica-a-23-nuevos-asistentes-de-farmacia-en-merida\\\/\"},\"wordCount\":553,\"commentCount\":0,\"image\":{\"@id\":\"https:\\\/\\\/www.feyalegria.org\\\/venezuela\\\/fe-y-alegria-capacitacion-certifica-a-23-nuevos-asistentes-de-farmacia-en-merida\\\/#primaryimage\"},\"thumbnailUrl\":\"https:\\\/\\\/d3pugrm67vf9n7.cloudfront.net\\\/wp-content\\\/uploads\\\/sites\\\/4\\\/2025\\\/02\\\/26010908\\\/12.jpg\",\"keywords\":[\"Asistente de Farmacia\",\"Capacitaci\u00f3n\",\"Educamos Corazones\"],\"articleSection\":[\"Bolet\u00edn Interno\"],\"inLanguage\":\"es\",\"potentialAction\":[{\"@type\":\"CommentAction\",\"name\":\"Comment\",\"target\":[\"https:\\\/\\\/www.feyalegria.org\\\/venezuela\\\/fe-y-alegria-capacitacion-certifica-a-23-nuevos-asistentes-de-farmacia-en-merida\\\/#respond\"]}]},{\"@type\":\"WebPage\",\"@id\":\"https:\\\/\\\/www.feyalegria.org\\\/venezuela\\\/fe-y-alegria-capacitacion-certifica-a-23-nuevos-asistentes-de-farmacia-en-merida\\\/\",\"url\":\"https:\\\/\\\/www.feyalegria.org\\\/venezuela\\\/fe-y-alegria-capacitacion-certifica-a-23-nuevos-asistentes-de-farmacia-en-merida\\\/\",\"name\":\"Fe y Alegr\u00eda Capacitaci\u00f3n certifica a 23 nuevos Asistentes de Farmacia en M\u00e9rida - Fe y Alegr\u00eda en Venezuela\",\"isPartOf\":{\"@id\":\"https:\\\/\\\/www.feyalegria.org\\\/venezuela\\\/#website\"},\"primaryImageOfPage\":{\"@id\":\"https:\\\/\\\/www.feyalegria.org\\\/venezuela\\\/fe-y-alegria-capacitacion-certifica-a-23-nuevos-asistentes-de-farmacia-en-merida\\\/#primaryimage\"},\"image\":{\"@id\":\"https:\\\/\\\/www.feyalegria.org\\\/venezuela\\\/fe-y-alegria-capacitacion-certifica-a-23-nuevos-asistentes-de-farmacia-en-merida\\\/#primaryimage\"},\"thumbnailUrl\":\"https:\\\/\\\/d3pugrm67vf9n7.cloudfront.net\\\/wp-content\\\/uploads\\\/sites\\\/4\\\/2025\\\/02\\\/26010908\\\/12.jpg\",\"datePublished\":\"2025-02-26T02:27:38+00:00\",\"dateModified\":\"2025-02-26T16:08:45+00:00\",\"author\":{\"@id\":\"https:\\\/\\\/www.feyalegria.org\\\/venezuela\\\/#\\\/schema\\\/person\\\/7fcf310cf79e9dfc0cf304f520691604\"},\"description\":\"Cursos como el de Asistente de Farmacia brindan a los j\u00f3venes las herramientas clave para incursionar con \u00e9xito en este sector.\",\"inLanguage\":\"es\",\"potentialAction\":[{\"@type\":\"ReadAction\",\"target\":[\"https:\\\/\\\/www.feyalegria.org\\\/venezuela\\\/fe-y-alegria-capacitacion-certifica-a-23-nuevos-asistentes-de-farmacia-en-merida\\\/\"]}]},{\"@type\":\"ImageObject\",\"inLanguage\":\"es\",\"@id\":\"https:\\\/\\\/www.feyalegria.org\\\/venezuela\\\/fe-y-alegria-capacitacion-certifica-a-23-nuevos-asistentes-de-farmacia-en-merida\\\/#primaryimage\",\"url\":\"https:\\\/\\\/d3pugrm67vf9n7.cloudfront.net\\\/wp-content\\\/uploads\\\/sites\\\/4\\\/2025\\\/02\\\/26010908\\\/12.jpg\",\"contentUrl\":\"https:\\\/\\\/d3pugrm67vf9n7.cloudfront.net\\\/wp-content\\\/uploads\\\/sites\\\/4\\\/2025\\\/02\\\/26010908\\\/12.jpg\",\"width\":1200,\"height\":900},{\"@type\":\"WebSite\",\"@id\":\"https:\\\/\\\/www.feyalegria.org\\\/venezuela\\\/#website\",\"url\":\"https:\\\/\\\/www.feyalegria.org\\\/venezuela\\\/\",\"name\":\"Fe y Alegr\u00eda en Venezuela\",\"description\":\"\",\"potentialAction\":[{\"@type\":\"SearchAction\",\"target\":{\"@type\":\"EntryPoint\",\"urlTemplate\":\"https:\\\/\\\/www.feyalegria.org\\\/venezuela\\\/?s={search_term_string}\"},\"query-input\":{\"@type\":\"PropertyValueSpecification\",\"valueRequired\":true,\"valueName\":\"search_term_string\"}}],\"inLanguage\":\"es\"},{\"@type\":\"Person\",\"@id\":\"https:\\\/\\\/www.feyalegria.org\\\/venezuela\\\/#\\\/schema\\\/person\\\/7fcf310cf79e9dfc0cf304f520691604\",\"name\":\"adminfyaven\",\"url\":\"https:\\\/\\\/www.feyalegria.org\\\/venezuela\\\/author\\\/adminfyaven\\\/\"}]}<\/script>\n<!-- \/ Yoast SEO plugin. -->","yoast_head_json":{"title":"Fe y Alegr\u00eda Capacitaci\u00f3n certifica a 23 nuevos Asistentes de Farmacia en M\u00e9rida - Fe y Alegr\u00eda en Venezuela","description":"Cursos como el de Asistente de Farmacia brindan a los j\u00f3venes las herramientas clave para incursionar con \u00e9xito en este sector.","robots":{"index":"index","follow":"follow","max-snippet":"max-snippet:-1","max-image-preview":"max-image-preview:large","max-video-preview":"max-video-preview:-1"},"canonical":"https:\/\/www.feyalegria.org\/venezuela\/fe-y-alegria-capacitacion-certifica-a-23-nuevos-asistentes-de-farmacia-en-merida\/","og_locale":"es_ES","og_type":"article","og_title":"Fe y Alegr\u00eda Capacitaci\u00f3n certifica a 23 nuevos Asistentes de Farmacia en M\u00e9rida - Fe y Alegr\u00eda en Venezuela","og_description":"Cursos como el de Asistente de Farmacia brindan a los j\u00f3venes las herramientas clave para incursionar con \u00e9xito en este sector.","og_url":"https:\/\/www.feyalegria.org\/venezuela\/fe-y-alegria-capacitacion-certifica-a-23-nuevos-asistentes-de-farmacia-en-merida\/","og_site_name":"Fe y Alegr\u00eda en Venezuela","article_published_time":"2025-02-26T02:27:38+00:00","article_modified_time":"2025-02-26T16:08:45+00:00","og_image":[{"width":1200,"height":900,"url":"https:\/\/d3pugrm67vf9n7.cloudfront.net\/wp-content\/uploads\/sites\/4\/2025\/02\/26010908\/12.jpg","type":"image\/jpeg"}],"author":"adminfyaven","twitter_card":"summary_large_image","twitter_misc":{"Escrito por":"adminfyaven","Tiempo de lectura":"3 minutos"},"schema":{"@context":"https:\/\/schema.org","@graph":[{"@type":"Article","@id":"https:\/\/www.feyalegria.org\/venezuela\/fe-y-alegria-capacitacion-certifica-a-23-nuevos-asistentes-de-farmacia-en-merida\/#article","isPartOf":{"@id":"https:\/\/www.feyalegria.org\/venezuela\/fe-y-alegria-capacitacion-certifica-a-23-nuevos-asistentes-de-farmacia-en-merida\/"},"author":{"name":"adminfyaven","@id":"https:\/\/www.feyalegria.org\/venezuela\/#\/schema\/person\/7fcf310cf79e9dfc0cf304f520691604"},"headline":"Fe y Alegr\u00eda Capacitaci\u00f3n certifica a 23 nuevos Asistentes de Farmacia en M\u00e9rida","datePublished":"2025-02-26T02:27:38+00:00","dateModified":"2025-02-26T16:08:45+00:00","mainEntityOfPage":{"@id":"https:\/\/www.feyalegria.org\/venezuela\/fe-y-alegria-capacitacion-certifica-a-23-nuevos-asistentes-de-farmacia-en-merida\/"},"wordCount":553,"commentCount":0,"image":{"@id":"https:\/\/www.feyalegria.org\/venezuela\/fe-y-alegria-capacitacion-certifica-a-23-nuevos-asistentes-de-farmacia-en-merida\/#primaryimage"},"thumbnailUrl":"https:\/\/d3pugrm67vf9n7.cloudfront.net\/wp-content\/uploads\/sites\/4\/2025\/02\/26010908\/12.jpg","keywords":["Asistente de Farmacia","Capacitaci\u00f3n","Educamos Corazones"],"articleSection":["Bolet\u00edn Interno"],"inLanguage":"es","potentialAction":[{"@type":"CommentAction","name":"Comment","target":["https:\/\/www.feyalegria.org\/venezuela\/fe-y-alegria-capacitacion-certifica-a-23-nuevos-asistentes-de-farmacia-en-merida\/#respond"]}]},{"@type":"WebPage","@id":"https:\/\/www.feyalegria.org\/venezuela\/fe-y-alegria-capacitacion-certifica-a-23-nuevos-asistentes-de-farmacia-en-merida\/","url":"https:\/\/www.feyalegria.org\/venezuela\/fe-y-alegria-capacitacion-certifica-a-23-nuevos-asistentes-de-farmacia-en-merida\/","name":"Fe y Alegr\u00eda Capacitaci\u00f3n certifica a 23 nuevos Asistentes de Farmacia en M\u00e9rida - Fe y Alegr\u00eda en Venezuela","isPartOf":{"@id":"https:\/\/www.feyalegria.org\/venezuela\/#website"},"primaryImageOfPage":{"@id":"https:\/\/www.feyalegria.org\/venezuela\/fe-y-alegria-capacitacion-certifica-a-23-nuevos-asistentes-de-farmacia-en-merida\/#primaryimage"},"image":{"@id":"https:\/\/www.feyalegria.org\/venezuela\/fe-y-alegria-capacitacion-certifica-a-23-nuevos-asistentes-de-farmacia-en-merida\/#primaryimage"},"thumbnailUrl":"https:\/\/d3pugrm67vf9n7.cloudfront.net\/wp-content\/uploads\/sites\/4\/2025\/02\/26010908\/12.jpg","datePublished":"2025-02-26T02:27:38+00:00","dateModified":"2025-02-26T16:08:45+00:00","author":{"@id":"https:\/\/www.feyalegria.org\/venezuela\/#\/schema\/person\/7fcf310cf79e9dfc0cf304f520691604"},"description":"Cursos como el de Asistente de Farmacia brindan a los j\u00f3venes las herramientas clave para incursionar con \u00e9xito en este sector.","inLanguage":"es","potentialAction":[{"@type":"ReadAction","target":["https:\/\/www.feyalegria.org\/venezuela\/fe-y-alegria-capacitacion-certifica-a-23-nuevos-asistentes-de-farmacia-en-merida\/"]}]},{"@type":"ImageObject","inLanguage":"es","@id":"https:\/\/www.feyalegria.org\/venezuela\/fe-y-alegria-capacitacion-certifica-a-23-nuevos-asistentes-de-farmacia-en-merida\/#primaryimage","url":"https:\/\/d3pugrm67vf9n7.cloudfront.net\/wp-content\/uploads\/sites\/4\/2025\/02\/26010908\/12.jpg","contentUrl":"https:\/\/d3pugrm67vf9n7.cloudfront.net\/wp-content\/uploads\/sites\/4\/2025\/02\/26010908\/12.jpg","width":1200,"height":900},{"@type":"WebSite","@id":"https:\/\/www.feyalegria.org\/venezuela\/#website","url":"https:\/\/www.feyalegria.org\/venezuela\/","name":"Fe y Alegr\u00eda en Venezuela","description":"","potentialAction":[{"@type":"SearchAction","target":{"@type":"EntryPoint","urlTemplate":"https:\/\/www.feyalegria.org\/venezuela\/?s={search_term_string}"},"query-input":{"@type":"PropertyValueSpecification","valueRequired":true,"valueName":"search_term_string"}}],"inLanguage":"es"},{"@type":"Person","@id":"https:\/\/www.feyalegria.org\/venezuela\/#\/schema\/person\/7fcf310cf79e9dfc0cf304f520691604","name":"adminfyaven","url":"https:\/\/www.feyalegria.org\/venezuela\/author\/adminfyaven\/"}]}},"_links":{"self":[{"href":"https:\/\/www.feyalegria.org\/venezuela\/wp-json\/wp\/v2\/posts\/9129","targetHints":{"allow":["GET"]}}],"collection":[{"href":"https:\/\/www.feyalegria.org\/venezuela\/wp-json\/wp\/v2\/posts"}],"about":[{"href":"https:\/\/www.feyalegria.org\/venezuela\/wp-json\/wp\/v2\/types\/post"}],"author":[{"embeddable":true,"href":"https:\/\/www.feyalegria.org\/venezuela\/wp-json\/wp\/v2\/users\/90"}],"replies":[{"embeddable":true,"href":"https:\/\/www.feyalegria.org\/venezuela\/wp-json\/wp\/v2\/comments?post=9129"}],"version-history":[{"count":0,"href":"https:\/\/www.feyalegria.org\/venezuela\/wp-json\/wp\/v2\/posts\/9129\/revisions"}],"wp:featuredmedia":[{"embeddable":true,"href":"https:\/\/www.feyalegria.org\/venezuela\/wp-json\/wp\/v2\/media\/9133"}],"wp:attachment":[{"href":"https:\/\/www.feyalegria.org\/venezuela\/wp-json\/wp\/v2\/media?parent=9129"}],"wp:term":[{"taxonomy":"category","embeddable":true,"href":"https:\/\/www.feyalegria.org\/venezuela\/wp-json\/wp\/v2\/categories?post=9129"},{"taxonomy":"post_tag","embeddable":true,"href":"https:\/\/www.feyalegria.org\/venezuela\/wp-json\/wp\/v2\/tags?post=9129"},{"taxonomy":"post_folder","embeddable":true,"href":"https:\/\/www.feyalegria.org\/venezuela\/wp-json\/wp\/v2\/post_folder?post=9129"}],"curies":[{"name":"wp","href":"https:\/\/api.w.org\/{rel}","templated":true}]}}