{"id":9395,"date":"2025-03-26T17:48:07","date_gmt":"2025-03-26T17:48:07","guid":{"rendered":"https:\/\/www.feyalegria.org\/venezuela\/?p=9395"},"modified":"2025-03-26T17:48:07","modified_gmt":"2025-03-26T17:48:07","slug":"jovenes-autistas-se-forman-con-el-centro-de-capacitacion-de-nueva-esparta","status":"publish","type":"post","link":"https:\/\/www.feyalegria.org\/venezuela\/jovenes-autistas-se-forman-con-el-centro-de-capacitacion-de-nueva-esparta\/","title":{"rendered":"J\u00f3venes autistas se forman con el centro de Capacitaci\u00f3n en Nueva Esparta"},"content":{"rendered":"<div class=\"wpb-content-wrapper\"><p>[vc_row][vc_column][vc_column_text css=\u00bb\u00bb]<\/p>\n<h1><b>J\u00f3venes autistas se forman con el centro de Capacitaci\u00f3n en Nueva Esparta<\/b><\/h1>\n<p>[\/vc_column_text][vc_single_image image=\u00bb9396&#8243; img_size=\u00bbfull\u00bb add_caption=\u00bbyes\u00bb alignment=\u00bbcenter\u00bb css=\u00bb\u00bb][vc_column_text css=\u00bb\u00bb]<\/p>\n<p style=\"text-align: right\"><b>Germ\u00e1n Osorio | <\/b><em>Referente de Comunicaci\u00f3n de Fe y Alegr\u00eda Capacitaci\u00f3n<\/em><\/p>\n<p style=\"text-align: right\"><b>\u00a0 \u00a0 Sorys Rodr\u00edguez| <\/b><em>Responsable de estado Nueva Esparta<\/em><\/p>\n<p>[\/vc_column_text][vc_separator][vc_column_text css=\u00bb\u00bb]<\/p>\n<p style=\"text-align: justify\">El Centro de Capacitaci\u00f3n Margarita de Fe y Alegr\u00eda, ubicado en el estado Nueva Esparta, ha desarrollado una importante labor inclusiva con j\u00f3venes dentro del espectro autista, proporcion\u00e1ndoles un espacio donde pueden participar activamente en los procesos formativos de farmacia y soporte t\u00e9cnico.<\/p>\n<p>&nbsp;<\/p>\n<div id=\"attachment_9399\" style=\"width: 341px\" class=\"wp-caption alignleft\"><img loading=\"lazy\" decoding=\"async\" aria-describedby=\"caption-attachment-9399\" class=\"wp-image-9399\" style=\"text-align: justify\" src=\"https:\/\/d3pugrm67vf9n7.cloudfront.net\/wp-content\/uploads\/sites\/4\/2025\/03\/26172130\/26-300x225.jpg\" alt=\"\" width=\"331\" height=\"248\" srcset=\"https:\/\/d3pugrm67vf9n7.cloudfront.net\/wp-content\/uploads\/sites\/4\/2025\/03\/26172130\/26-300x225.jpg 300w, https:\/\/d3pugrm67vf9n7.cloudfront.net\/wp-content\/uploads\/sites\/4\/2025\/03\/26172130\/26-1024x768.jpg 1024w, https:\/\/d3pugrm67vf9n7.cloudfront.net\/wp-content\/uploads\/sites\/4\/2025\/03\/26172130\/26-768x576.jpg 768w, https:\/\/d3pugrm67vf9n7.cloudfront.net\/wp-content\/uploads\/sites\/4\/2025\/03\/26172130\/26.jpg 1200w\" sizes=\"auto, (max-width: 331px) 100vw, 331px\" \/><p id=\"caption-attachment-9399\" class=\"wp-caption-text\">Participante Juan David Rodr\u00edguez<\/p><\/div>\n<p style=\"text-align: justify\">Juan David Rodr\u00edguez, quien tiene s\u00edndrome de Asperger, es uno de los participantes que se ha beneficiado de esta iniciativa. En su experiencia, destaca la importancia de contar con instructores comprensivos y emp\u00e1ticos, quienes lo ayudaron a expresarse y comunicarse con mayor fluidez.<\/p>\n<p>&nbsp;<\/p>\n<p style=\"text-align: justify\">\u00abAgradezco a Fe y Alegr\u00eda Capacitaci\u00f3n por brindarme la oportunidad de formarme en el curso de Asistente de Farmacia. He tenido la suerte de encontrar compa\u00f1eros incre\u00edbles que me han apoyado mucho\u00bb, cont\u00f3.<\/p>\n<p>&nbsp;<\/p>\n<p>&nbsp;<\/p>\n<p style=\"text-align: justify\">Muchos de estos j\u00f3venes han experimentado baja autoestima debido a la exclusi\u00f3n del sistema educativo regular. Por ello, el centro, con su equipo de instructores comprometidos,\u00a0<span style=\"text-align: justify\">se ha enfocado en crear un ambiente familiar y acogedor.<\/span><\/p>\n<p>&nbsp;<\/p>\n<p><b>Estrategias de aprendizaje<\/b><\/p>\n<p style=\"text-align: justify\">Desde el inicio, se ha puesto \u00e9nfasis en la comunicaci\u00f3n clara sobre las expectativas y en fomentar el liderazgo dentro de los grupos de trabajo. La celebraci\u00f3n de cada logro, por peque\u00f1o que sea, es una parte esencial del enfoque. Reconocer sus avances no solo fortalece su autoestima, sino que tambi\u00e9n impulsa su motivaci\u00f3n para seguir aprendiendo y creciendo.<\/p>\n<p>&nbsp;<\/p>\n<p style=\"text-align: justify\">Adem\u00e1s, la comunicaci\u00f3n constante con las familias ha sido fundamental para generar confianza en las capacidades de sus hijos.<\/p>\n<p>&nbsp;<\/p>\n<p style=\"text-align: justify\">La inclusi\u00f3n de j\u00f3venes con diversas caracter\u00edsticas en el \u00e1mbito formativo enriquece la experiencia educativa de todos. En el Centro de Capacitaci\u00f3n Margarita, se mantiene el compromiso con la labor de Fe y Alegr\u00eda, proporcionando espacios formativos inclusivos donde cada joven tiene la oportunidad de desarrollarse plenamente. Con cada paso, se avanza hacia un futuro donde la diversidad y la inclusi\u00f3n son la norma; y esto es solo el comienzo de un camino lleno de posibilidades.<\/p>\n<p>\u00a0[\/vc_column_text][vc_row_inner][vc_column_inner][vc_column_text css=\u00bb\u00bb]<\/p>\n<p style=\"text-align: right\"><strong>Caracas, 20 de febrero de 2025<\/strong><\/p>\n<p>[\/vc_column_text][\/vc_column_inner][\/vc_row_inner][\/vc_column][\/vc_row]<\/p>\n<\/div>","protected":false},"excerpt":{"rendered":"<div style=\"height: 265px\">Juan David Rodr\u00edguez, quien tiene s\u00edndrome de Asperger, es uno de los participantes que se ha beneficiado de esta iniciativa. En su experiencia, destaca la importancia de contar con instructores comprensivos y emp\u00e1ticos, quienes lo ayudaron a expresarse y comunicarse con mayor fluidez. .<\/div>\n","protected":false},"author":90,"featured_media":9396,"comment_status":"open","ping_status":"open","sticky":false,"template":"","format":"standard","meta":{"_acf_changed":false,"footnotes":""},"categories":[746],"tags":[1035,634,1057,1127],"post_folder":[],"class_list":["post-9395","post","type-post","status-publish","format-standard","has-post-thumbnail","hentry","category-boletin-interno","tag-asistente-de-farmacia","tag-capacitacion","tag-educamos-corazones","tag-rompiendo-barreras"],"acf":[],"yoast_head":"<!-- This site is optimized with the Yoast SEO plugin v27.5 - https:\/\/yoast.com\/product\/yoast-seo-wordpress\/ -->\n<title>J\u00f3venes autistas se forman con el centro de Capacitaci\u00f3n en Nueva Esparta - Fe y Alegr\u00eda en Venezuela<\/title>\n<meta name=\"description\" content=\"La inclusi\u00f3n de j\u00f3venes con diversas caracter\u00edsticas en el \u00e1mbito formativo enriquece la experiencia educativa de todos.\" \/>\n<meta name=\"robots\" content=\"index, follow, max-snippet:-1, max-image-preview:large, max-video-preview:-1\" \/>\n<link rel=\"canonical\" href=\"https:\/\/www.feyalegria.org\/venezuela\/jovenes-autistas-se-forman-con-el-centro-de-capacitacion-de-nueva-esparta\/\" \/>\n<meta property=\"og:locale\" content=\"es_ES\" \/>\n<meta property=\"og:type\" content=\"article\" \/>\n<meta property=\"og:title\" content=\"J\u00f3venes autistas se forman con el centro de Capacitaci\u00f3n en Nueva Esparta - Fe y Alegr\u00eda en Venezuela\" \/>\n<meta property=\"og:description\" content=\"La inclusi\u00f3n de j\u00f3venes con diversas caracter\u00edsticas en el \u00e1mbito formativo enriquece la experiencia educativa de todos.\" \/>\n<meta property=\"og:url\" content=\"https:\/\/www.feyalegria.org\/venezuela\/jovenes-autistas-se-forman-con-el-centro-de-capacitacion-de-nueva-esparta\/\" \/>\n<meta property=\"og:site_name\" content=\"Fe y Alegr\u00eda en Venezuela\" \/>\n<meta property=\"article:published_time\" content=\"2025-03-26T17:48:07+00:00\" \/>\n<meta property=\"og:image\" content=\"https:\/\/d3pugrm67vf9n7.cloudfront.net\/wp-content\/uploads\/sites\/4\/2025\/03\/26171222\/Foto-Cap-2.jpg\" \/>\n\t<meta property=\"og:image:width\" content=\"1200\" \/>\n\t<meta property=\"og:image:height\" content=\"900\" \/>\n\t<meta property=\"og:image:type\" content=\"image\/jpeg\" \/>\n<meta name=\"author\" content=\"adminfyaven\" \/>\n<meta name=\"twitter:card\" content=\"summary_large_image\" \/>\n<meta name=\"twitter:label1\" content=\"Escrito por\" \/>\n\t<meta name=\"twitter:data1\" content=\"adminfyaven\" \/>\n\t<meta name=\"twitter:label2\" content=\"Tiempo de lectura\" \/>\n\t<meta name=\"twitter:data2\" content=\"3 minutos\" \/>\n<script type=\"application\/ld+json\" class=\"yoast-schema-graph\">{\"@context\":\"https:\\\/\\\/schema.org\",\"@graph\":[{\"@type\":\"Article\",\"@id\":\"https:\\\/\\\/www.feyalegria.org\\\/venezuela\\\/jovenes-autistas-se-forman-con-el-centro-de-capacitacion-de-nueva-esparta\\\/#article\",\"isPartOf\":{\"@id\":\"https:\\\/\\\/www.feyalegria.org\\\/venezuela\\\/jovenes-autistas-se-forman-con-el-centro-de-capacitacion-de-nueva-esparta\\\/\"},\"author\":{\"name\":\"adminfyaven\",\"@id\":\"https:\\\/\\\/www.feyalegria.org\\\/venezuela\\\/#\\\/schema\\\/person\\\/7fcf310cf79e9dfc0cf304f520691604\"},\"headline\":\"J\u00f3venes autistas se forman con el centro de Capacitaci\u00f3n en Nueva Esparta\",\"datePublished\":\"2025-03-26T17:48:07+00:00\",\"mainEntityOfPage\":{\"@id\":\"https:\\\/\\\/www.feyalegria.org\\\/venezuela\\\/jovenes-autistas-se-forman-con-el-centro-de-capacitacion-de-nueva-esparta\\\/\"},\"wordCount\":475,\"commentCount\":0,\"image\":{\"@id\":\"https:\\\/\\\/www.feyalegria.org\\\/venezuela\\\/jovenes-autistas-se-forman-con-el-centro-de-capacitacion-de-nueva-esparta\\\/#primaryimage\"},\"thumbnailUrl\":\"https:\\\/\\\/d3pugrm67vf9n7.cloudfront.net\\\/wp-content\\\/uploads\\\/sites\\\/4\\\/2025\\\/03\\\/26171222\\\/Foto-Cap-2.jpg\",\"keywords\":[\"Asistente de Farmacia\",\"Capacitaci\u00f3n\",\"Educamos Corazones\",\"Rompiendo barreras\"],\"articleSection\":[\"Bolet\u00edn Interno\"],\"inLanguage\":\"es\",\"potentialAction\":[{\"@type\":\"CommentAction\",\"name\":\"Comment\",\"target\":[\"https:\\\/\\\/www.feyalegria.org\\\/venezuela\\\/jovenes-autistas-se-forman-con-el-centro-de-capacitacion-de-nueva-esparta\\\/#respond\"]}]},{\"@type\":\"WebPage\",\"@id\":\"https:\\\/\\\/www.feyalegria.org\\\/venezuela\\\/jovenes-autistas-se-forman-con-el-centro-de-capacitacion-de-nueva-esparta\\\/\",\"url\":\"https:\\\/\\\/www.feyalegria.org\\\/venezuela\\\/jovenes-autistas-se-forman-con-el-centro-de-capacitacion-de-nueva-esparta\\\/\",\"name\":\"J\u00f3venes autistas se forman con el centro de Capacitaci\u00f3n en Nueva Esparta - Fe y Alegr\u00eda en Venezuela\",\"isPartOf\":{\"@id\":\"https:\\\/\\\/www.feyalegria.org\\\/venezuela\\\/#website\"},\"primaryImageOfPage\":{\"@id\":\"https:\\\/\\\/www.feyalegria.org\\\/venezuela\\\/jovenes-autistas-se-forman-con-el-centro-de-capacitacion-de-nueva-esparta\\\/#primaryimage\"},\"image\":{\"@id\":\"https:\\\/\\\/www.feyalegria.org\\\/venezuela\\\/jovenes-autistas-se-forman-con-el-centro-de-capacitacion-de-nueva-esparta\\\/#primaryimage\"},\"thumbnailUrl\":\"https:\\\/\\\/d3pugrm67vf9n7.cloudfront.net\\\/wp-content\\\/uploads\\\/sites\\\/4\\\/2025\\\/03\\\/26171222\\\/Foto-Cap-2.jpg\",\"datePublished\":\"2025-03-26T17:48:07+00:00\",\"author\":{\"@id\":\"https:\\\/\\\/www.feyalegria.org\\\/venezuela\\\/#\\\/schema\\\/person\\\/7fcf310cf79e9dfc0cf304f520691604\"},\"description\":\"La inclusi\u00f3n de j\u00f3venes con diversas caracter\u00edsticas en el \u00e1mbito formativo enriquece la experiencia educativa de todos.\",\"inLanguage\":\"es\",\"potentialAction\":[{\"@type\":\"ReadAction\",\"target\":[\"https:\\\/\\\/www.feyalegria.org\\\/venezuela\\\/jovenes-autistas-se-forman-con-el-centro-de-capacitacion-de-nueva-esparta\\\/\"]}]},{\"@type\":\"ImageObject\",\"inLanguage\":\"es\",\"@id\":\"https:\\\/\\\/www.feyalegria.org\\\/venezuela\\\/jovenes-autistas-se-forman-con-el-centro-de-capacitacion-de-nueva-esparta\\\/#primaryimage\",\"url\":\"https:\\\/\\\/d3pugrm67vf9n7.cloudfront.net\\\/wp-content\\\/uploads\\\/sites\\\/4\\\/2025\\\/03\\\/26171222\\\/Foto-Cap-2.jpg\",\"contentUrl\":\"https:\\\/\\\/d3pugrm67vf9n7.cloudfront.net\\\/wp-content\\\/uploads\\\/sites\\\/4\\\/2025\\\/03\\\/26171222\\\/Foto-Cap-2.jpg\",\"width\":1200,\"height\":900},{\"@type\":\"WebSite\",\"@id\":\"https:\\\/\\\/www.feyalegria.org\\\/venezuela\\\/#website\",\"url\":\"https:\\\/\\\/www.feyalegria.org\\\/venezuela\\\/\",\"name\":\"Fe y Alegr\u00eda en Venezuela\",\"description\":\"\",\"potentialAction\":[{\"@type\":\"SearchAction\",\"target\":{\"@type\":\"EntryPoint\",\"urlTemplate\":\"https:\\\/\\\/www.feyalegria.org\\\/venezuela\\\/?s={search_term_string}\"},\"query-input\":{\"@type\":\"PropertyValueSpecification\",\"valueRequired\":true,\"valueName\":\"search_term_string\"}}],\"inLanguage\":\"es\"},{\"@type\":\"Person\",\"@id\":\"https:\\\/\\\/www.feyalegria.org\\\/venezuela\\\/#\\\/schema\\\/person\\\/7fcf310cf79e9dfc0cf304f520691604\",\"name\":\"adminfyaven\",\"url\":\"https:\\\/\\\/www.feyalegria.org\\\/venezuela\\\/author\\\/adminfyaven\\\/\"}]}<\/script>\n<!-- \/ Yoast SEO plugin. -->","yoast_head_json":{"title":"J\u00f3venes autistas se forman con el centro de Capacitaci\u00f3n en Nueva Esparta - Fe y Alegr\u00eda en Venezuela","description":"La inclusi\u00f3n de j\u00f3venes con diversas caracter\u00edsticas en el \u00e1mbito formativo enriquece la experiencia educativa de todos.","robots":{"index":"index","follow":"follow","max-snippet":"max-snippet:-1","max-image-preview":"max-image-preview:large","max-video-preview":"max-video-preview:-1"},"canonical":"https:\/\/www.feyalegria.org\/venezuela\/jovenes-autistas-se-forman-con-el-centro-de-capacitacion-de-nueva-esparta\/","og_locale":"es_ES","og_type":"article","og_title":"J\u00f3venes autistas se forman con el centro de Capacitaci\u00f3n en Nueva Esparta - Fe y Alegr\u00eda en Venezuela","og_description":"La inclusi\u00f3n de j\u00f3venes con diversas caracter\u00edsticas en el \u00e1mbito formativo enriquece la experiencia educativa de todos.","og_url":"https:\/\/www.feyalegria.org\/venezuela\/jovenes-autistas-se-forman-con-el-centro-de-capacitacion-de-nueva-esparta\/","og_site_name":"Fe y Alegr\u00eda en Venezuela","article_published_time":"2025-03-26T17:48:07+00:00","og_image":[{"width":1200,"height":900,"url":"https:\/\/d3pugrm67vf9n7.cloudfront.net\/wp-content\/uploads\/sites\/4\/2025\/03\/26171222\/Foto-Cap-2.jpg","type":"image\/jpeg"}],"author":"adminfyaven","twitter_card":"summary_large_image","twitter_misc":{"Escrito por":"adminfyaven","Tiempo de lectura":"3 minutos"},"schema":{"@context":"https:\/\/schema.org","@graph":[{"@type":"Article","@id":"https:\/\/www.feyalegria.org\/venezuela\/jovenes-autistas-se-forman-con-el-centro-de-capacitacion-de-nueva-esparta\/#article","isPartOf":{"@id":"https:\/\/www.feyalegria.org\/venezuela\/jovenes-autistas-se-forman-con-el-centro-de-capacitacion-de-nueva-esparta\/"},"author":{"name":"adminfyaven","@id":"https:\/\/www.feyalegria.org\/venezuela\/#\/schema\/person\/7fcf310cf79e9dfc0cf304f520691604"},"headline":"J\u00f3venes autistas se forman con el centro de Capacitaci\u00f3n en Nueva Esparta","datePublished":"2025-03-26T17:48:07+00:00","mainEntityOfPage":{"@id":"https:\/\/www.feyalegria.org\/venezuela\/jovenes-autistas-se-forman-con-el-centro-de-capacitacion-de-nueva-esparta\/"},"wordCount":475,"commentCount":0,"image":{"@id":"https:\/\/www.feyalegria.org\/venezuela\/jovenes-autistas-se-forman-con-el-centro-de-capacitacion-de-nueva-esparta\/#primaryimage"},"thumbnailUrl":"https:\/\/d3pugrm67vf9n7.cloudfront.net\/wp-content\/uploads\/sites\/4\/2025\/03\/26171222\/Foto-Cap-2.jpg","keywords":["Asistente de Farmacia","Capacitaci\u00f3n","Educamos Corazones","Rompiendo barreras"],"articleSection":["Bolet\u00edn Interno"],"inLanguage":"es","potentialAction":[{"@type":"CommentAction","name":"Comment","target":["https:\/\/www.feyalegria.org\/venezuela\/jovenes-autistas-se-forman-con-el-centro-de-capacitacion-de-nueva-esparta\/#respond"]}]},{"@type":"WebPage","@id":"https:\/\/www.feyalegria.org\/venezuela\/jovenes-autistas-se-forman-con-el-centro-de-capacitacion-de-nueva-esparta\/","url":"https:\/\/www.feyalegria.org\/venezuela\/jovenes-autistas-se-forman-con-el-centro-de-capacitacion-de-nueva-esparta\/","name":"J\u00f3venes autistas se forman con el centro de Capacitaci\u00f3n en Nueva Esparta - Fe y Alegr\u00eda en Venezuela","isPartOf":{"@id":"https:\/\/www.feyalegria.org\/venezuela\/#website"},"primaryImageOfPage":{"@id":"https:\/\/www.feyalegria.org\/venezuela\/jovenes-autistas-se-forman-con-el-centro-de-capacitacion-de-nueva-esparta\/#primaryimage"},"image":{"@id":"https:\/\/www.feyalegria.org\/venezuela\/jovenes-autistas-se-forman-con-el-centro-de-capacitacion-de-nueva-esparta\/#primaryimage"},"thumbnailUrl":"https:\/\/d3pugrm67vf9n7.cloudfront.net\/wp-content\/uploads\/sites\/4\/2025\/03\/26171222\/Foto-Cap-2.jpg","datePublished":"2025-03-26T17:48:07+00:00","author":{"@id":"https:\/\/www.feyalegria.org\/venezuela\/#\/schema\/person\/7fcf310cf79e9dfc0cf304f520691604"},"description":"La inclusi\u00f3n de j\u00f3venes con diversas caracter\u00edsticas en el \u00e1mbito formativo enriquece la experiencia educativa de todos.","inLanguage":"es","potentialAction":[{"@type":"ReadAction","target":["https:\/\/www.feyalegria.org\/venezuela\/jovenes-autistas-se-forman-con-el-centro-de-capacitacion-de-nueva-esparta\/"]}]},{"@type":"ImageObject","inLanguage":"es","@id":"https:\/\/www.feyalegria.org\/venezuela\/jovenes-autistas-se-forman-con-el-centro-de-capacitacion-de-nueva-esparta\/#primaryimage","url":"https:\/\/d3pugrm67vf9n7.cloudfront.net\/wp-content\/uploads\/sites\/4\/2025\/03\/26171222\/Foto-Cap-2.jpg","contentUrl":"https:\/\/d3pugrm67vf9n7.cloudfront.net\/wp-content\/uploads\/sites\/4\/2025\/03\/26171222\/Foto-Cap-2.jpg","width":1200,"height":900},{"@type":"WebSite","@id":"https:\/\/www.feyalegria.org\/venezuela\/#website","url":"https:\/\/www.feyalegria.org\/venezuela\/","name":"Fe y Alegr\u00eda en Venezuela","description":"","potentialAction":[{"@type":"SearchAction","target":{"@type":"EntryPoint","urlTemplate":"https:\/\/www.feyalegria.org\/venezuela\/?s={search_term_string}"},"query-input":{"@type":"PropertyValueSpecification","valueRequired":true,"valueName":"search_term_string"}}],"inLanguage":"es"},{"@type":"Person","@id":"https:\/\/www.feyalegria.org\/venezuela\/#\/schema\/person\/7fcf310cf79e9dfc0cf304f520691604","name":"adminfyaven","url":"https:\/\/www.feyalegria.org\/venezuela\/author\/adminfyaven\/"}]}},"_links":{"self":[{"href":"https:\/\/www.feyalegria.org\/venezuela\/wp-json\/wp\/v2\/posts\/9395","targetHints":{"allow":["GET"]}}],"collection":[{"href":"https:\/\/www.feyalegria.org\/venezuela\/wp-json\/wp\/v2\/posts"}],"about":[{"href":"https:\/\/www.feyalegria.org\/venezuela\/wp-json\/wp\/v2\/types\/post"}],"author":[{"embeddable":true,"href":"https:\/\/www.feyalegria.org\/venezuela\/wp-json\/wp\/v2\/users\/90"}],"replies":[{"embeddable":true,"href":"https:\/\/www.feyalegria.org\/venezuela\/wp-json\/wp\/v2\/comments?post=9395"}],"version-history":[{"count":0,"href":"https:\/\/www.feyalegria.org\/venezuela\/wp-json\/wp\/v2\/posts\/9395\/revisions"}],"wp:featuredmedia":[{"embeddable":true,"href":"https:\/\/www.feyalegria.org\/venezuela\/wp-json\/wp\/v2\/media\/9396"}],"wp:attachment":[{"href":"https:\/\/www.feyalegria.org\/venezuela\/wp-json\/wp\/v2\/media?parent=9395"}],"wp:term":[{"taxonomy":"category","embeddable":true,"href":"https:\/\/www.feyalegria.org\/venezuela\/wp-json\/wp\/v2\/categories?post=9395"},{"taxonomy":"post_tag","embeddable":true,"href":"https:\/\/www.feyalegria.org\/venezuela\/wp-json\/wp\/v2\/tags?post=9395"},{"taxonomy":"post_folder","embeddable":true,"href":"https:\/\/www.feyalegria.org\/venezuela\/wp-json\/wp\/v2\/post_folder?post=9395"}],"curies":[{"name":"wp","href":"https:\/\/api.w.org\/{rel}","templated":true}]}}