{"id":9563,"date":"2025-04-08T12:50:46","date_gmt":"2025-04-08T12:50:46","guid":{"rendered":"https:\/\/www.feyalegria.org\/venezuela\/?p=9563"},"modified":"2025-04-08T12:57:59","modified_gmt":"2025-04-08T12:57:59","slug":"mas-de-60-nuevos-emprendedores-presentan-sus-modelos-de-negocio-en-carupano","status":"publish","type":"post","link":"https:\/\/www.feyalegria.org\/venezuela\/mas-de-60-nuevos-emprendedores-presentan-sus-modelos-de-negocio-en-carupano\/","title":{"rendered":"M\u00e1s de 60 nuevos emprendedores presentan sus modelos de negocio en Car\u00fapano"},"content":{"rendered":"<div class=\"wpb-content-wrapper\"><p>[vc_row][vc_column][vc_column_text css=\u00bb\u00bb]<\/p>\n<h1><b>M\u00e1s de 60 nuevos emprendedores presentan sus modelos de negocio en Car\u00fapano<\/b><\/h1>\n<p>[\/vc_column_text][vc_single_image image=\u00bb9564&#8243; img_size=\u00bbfull\u00bb add_caption=\u00bbyes\u00bb alignment=\u00bbcenter\u00bb css=\u00bb\u00bb][vc_column_text css=\u00bb\u00bb]<\/p>\n<p style=\"text-align: right\"><b>Germ\u00e1n Osorio | <\/b><em>Referente de Comunicaci\u00f3n de Fe y Alegr\u00eda Capacitaci\u00f3n<\/em><\/p>\n<p style=\"text-align: right\"><b>\u00a0 \u00a0Josmar Gonz\u00e1les | <\/b>Coordinador<em> de \u00c1rea Centro de Capacitaci\u00f3n Madre Alberta Gim\u00e9nez<\/em><\/p>\n<p>[\/vc_column_text][vc_separator][vc_column_text css=\u00bb\u00bb]<\/p>\n<p style=\"text-align: justify\">El Sal\u00f3n San Juan Pablo II de la Casa de Caridad Santa Ana, en Car\u00fapano, estado Sucre, fue el escenario donde m\u00e1s de 60 participantes se congregaron para el lanzamiento y presentaci\u00f3n de sus innovadores proyectos de emprendimiento.<\/p>\n<p>&nbsp;<\/p>\n<p style=\"text-align: justify\">Este grupo, compuesto por j\u00f3venes provenientes de los cursos de corte y costura, panader\u00eda y ofim\u00e1tica del Centro de Capacitaci\u00f3n Madre Alberto Gim\u00e9nez, culmin\u00f3 con \u00e9xito un proceso de formaci\u00f3n integral de tres meses. El evento se convirti\u00f3 en una vitrina de creatividad y perseverancia, donde exhibieron sus productos y servicios.<\/p>\n<p>&nbsp;<\/p>\n<p style=\"text-align: justify\">La jornada result\u00f3 una experiencia enriquecedora para estos emprendedores, quienes, con entusiasmo y s\u00f3lidos conocimientos, presentaron cada una de sus propuestas de manera impecable, dejando una impresi\u00f3n inspiradora en todos los asistentes.<\/p>\n<p>&nbsp;<\/p>\n<p style=\"text-align: justify\">Un jurado calificador, integrado por la Lic. Solmary La Rosa, coordinadora general del centro de capacitaci\u00f3n; el Pbro. Jes\u00fas Villarroel, director de C\u00e1ritas Car\u00fapano; el Lic. Jos\u00e9 Ram\u00f3n Fern\u00e1ndez, coordinador de C\u00e1ritas; la Lic. Astrid Mesa, facilitadora del curso de panader\u00eda; la Lic. Migdalis Gil, facilitadora del curso de corte y costura; y el Ing. Josmar Gonz\u00e1lez, coordinador de \u00c1rea del centro de Capacitaci\u00f3n\u00a0 Madre Alberta, tuvieron la tarea de evaluar los proyectos.<\/p>\n<p>&nbsp;<\/p>\n<p style=\"text-align: justify\">Este distinguido panel no solo evalu\u00f3 las propuestas, sino que tambi\u00e9n reconoci\u00f3 y agradeci\u00f3 el esfuerzo de los participantes, destacando su compromiso y dedicaci\u00f3n plasmados en las exposiciones.<\/p>\n<p>&nbsp;<\/p>\n<p style=\"text-align: justify\">Rosa Bruzco, participante del curso de corte y costura, expres\u00f3 su gratitud a Dios, a Fe y Alegr\u00eda y a C\u00e1ritas Car\u00fapano por la oportunidad de formarse.<\/p>\n<p>&nbsp;<\/p>\n<p style=\"text-align: justify\">\u201cEstaba atravesando una delicada situaci\u00f3n de salud que limitaba la movilidad de la parte superior derecha de mi cuerpo debido al estr\u00e9s. Este curso me brind\u00f3 las herramientas para volver a creer en m\u00ed y en todo lo que puedo lograr si me lo propongo\u201d, manifest\u00f3 emocionada.<\/p>\n<p>&nbsp;<\/p>\n<p style=\"text-align: justify\">En este sentido, Fe y Alegr\u00eda Capacitaci\u00f3n reafirma su compromiso con el desarrollo de las potencialidades de cada participante que elige formarse en nuestro programa. Es un motivo de orgullo promover la cultura productiva en la regi\u00f3n de Paria. Cada vez son m\u00e1s los j\u00f3venes que, al finalizar sus cursos, consolidan sus emprendimientos e ingresan al mercado local con productos e iniciativas competitivas, marcando un camino de esperanza y superaci\u00f3n.<\/p>\n<p>[\/vc_column_text][vc_row_inner][vc_column_inner width=\u00bb1\/2&#8243;][vc_single_image image=\u00bb9566&#8243; img_size=\u00bbFull\u00bb css=\u00bb\u00bb][\/vc_column_inner][\/vc_row_inner][vc_row_inner][vc_column_inner][vc_column_text css=\u00bb\u00bb]<\/p>\n<p style=\"text-align: right\"><strong>Caracas, 27 de febrero de 2025<\/strong><\/p>\n<p>[\/vc_column_text][\/vc_column_inner][\/vc_row_inner][\/vc_column][\/vc_row]<\/p>\n<\/div>","protected":false},"excerpt":{"rendered":"<div style=\"height: 265px\">Este grupo, compuesto por j\u00f3venes provenientes de los cursos de corte y costura, panader\u00eda y ofim\u00e1tica del Centro de Capacitaci\u00f3n Madre Alberto Jim\u00e9nez, culmin\u00f3 con \u00e9xito un proceso de formaci\u00f3n integral de tres meses. El evento se convirti\u00f3 en una vitrina de creatividad y perseverancia, donde exhibieron sus productos y servicios..<\/div>\n","protected":false},"author":90,"featured_media":9396,"comment_status":"open","ping_status":"open","sticky":false,"template":"","format":"standard","meta":{"_acf_changed":false,"footnotes":""},"categories":[746],"tags":[634,1057,1157,889],"post_folder":[],"class_list":["post-9563","post","type-post","status-publish","format-standard","has-post-thumbnail","hentry","category-boletin-interno","tag-capacitacion","tag-educamos-corazones","tag-emprendedores","tag-expoferia"],"acf":[],"yoast_head":"<!-- This site is optimized with the Yoast SEO plugin v27.5 - https:\/\/yoast.com\/product\/yoast-seo-wordpress\/ -->\n<title>M\u00e1s de 60 nuevos emprendedores presentan sus modelos de negocio en Car\u00fapano - Fe y Alegr\u00eda en Venezuela<\/title>\n<meta name=\"description\" content=\"El Sal\u00f3n San Juan Pablo II de la Casa de Caridad Santa Ana, en Car\u00fapano, estado Sucre, fue el escenario donde m\u00e1s de 60 participantes se congregaron para el lanzamiento y presentaci\u00f3n de sus innovadores proyectos de emprendimiento\" \/>\n<meta name=\"robots\" content=\"index, follow, max-snippet:-1, max-image-preview:large, max-video-preview:-1\" \/>\n<link rel=\"canonical\" href=\"https:\/\/www.feyalegria.org\/venezuela\/mas-de-60-nuevos-emprendedores-presentan-sus-modelos-de-negocio-en-carupano\/\" \/>\n<meta property=\"og:locale\" content=\"es_ES\" \/>\n<meta property=\"og:type\" content=\"article\" \/>\n<meta property=\"og:title\" content=\"M\u00e1s de 60 nuevos emprendedores presentan sus modelos de negocio en Car\u00fapano - Fe y Alegr\u00eda en Venezuela\" \/>\n<meta property=\"og:description\" content=\"El Sal\u00f3n San Juan Pablo II de la Casa de Caridad Santa Ana, en Car\u00fapano, estado Sucre, fue el escenario donde m\u00e1s de 60 participantes se congregaron para el lanzamiento y presentaci\u00f3n de sus innovadores proyectos de emprendimiento\" \/>\n<meta property=\"og:url\" content=\"https:\/\/www.feyalegria.org\/venezuela\/mas-de-60-nuevos-emprendedores-presentan-sus-modelos-de-negocio-en-carupano\/\" \/>\n<meta property=\"og:site_name\" content=\"Fe y Alegr\u00eda en Venezuela\" \/>\n<meta property=\"article:published_time\" content=\"2025-04-08T12:50:46+00:00\" \/>\n<meta property=\"article:modified_time\" content=\"2025-04-08T12:57:59+00:00\" \/>\n<meta property=\"og:image\" content=\"https:\/\/d3pugrm67vf9n7.cloudfront.net\/wp-content\/uploads\/sites\/4\/2025\/03\/26171222\/Foto-Cap-2.jpg\" \/>\n\t<meta property=\"og:image:width\" content=\"1200\" \/>\n\t<meta property=\"og:image:height\" content=\"900\" \/>\n\t<meta property=\"og:image:type\" content=\"image\/jpeg\" \/>\n<meta name=\"author\" content=\"adminfyaven\" \/>\n<meta name=\"twitter:card\" content=\"summary_large_image\" \/>\n<meta name=\"twitter:label1\" content=\"Escrito por\" \/>\n\t<meta name=\"twitter:data1\" content=\"adminfyaven\" \/>\n\t<meta name=\"twitter:label2\" content=\"Tiempo de lectura\" \/>\n\t<meta name=\"twitter:data2\" content=\"3 minutos\" \/>\n<script type=\"application\/ld+json\" class=\"yoast-schema-graph\">{\"@context\":\"https:\\\/\\\/schema.org\",\"@graph\":[{\"@type\":\"Article\",\"@id\":\"https:\\\/\\\/www.feyalegria.org\\\/venezuela\\\/mas-de-60-nuevos-emprendedores-presentan-sus-modelos-de-negocio-en-carupano\\\/#article\",\"isPartOf\":{\"@id\":\"https:\\\/\\\/www.feyalegria.org\\\/venezuela\\\/mas-de-60-nuevos-emprendedores-presentan-sus-modelos-de-negocio-en-carupano\\\/\"},\"author\":{\"name\":\"adminfyaven\",\"@id\":\"https:\\\/\\\/www.feyalegria.org\\\/venezuela\\\/#\\\/schema\\\/person\\\/7fcf310cf79e9dfc0cf304f520691604\"},\"headline\":\"M\u00e1s de 60 nuevos emprendedores presentan sus modelos de negocio en Car\u00fapano\",\"datePublished\":\"2025-04-08T12:50:46+00:00\",\"dateModified\":\"2025-04-08T12:57:59+00:00\",\"mainEntityOfPage\":{\"@id\":\"https:\\\/\\\/www.feyalegria.org\\\/venezuela\\\/mas-de-60-nuevos-emprendedores-presentan-sus-modelos-de-negocio-en-carupano\\\/\"},\"wordCount\":549,\"commentCount\":0,\"image\":{\"@id\":\"https:\\\/\\\/www.feyalegria.org\\\/venezuela\\\/mas-de-60-nuevos-emprendedores-presentan-sus-modelos-de-negocio-en-carupano\\\/#primaryimage\"},\"thumbnailUrl\":\"https:\\\/\\\/d3pugrm67vf9n7.cloudfront.net\\\/wp-content\\\/uploads\\\/sites\\\/4\\\/2025\\\/03\\\/26171222\\\/Foto-Cap-2.jpg\",\"keywords\":[\"Capacitaci\u00f3n\",\"Educamos Corazones\",\"Emprendedores\",\"Expoferia\"],\"articleSection\":[\"Bolet\u00edn Interno\"],\"inLanguage\":\"es\",\"potentialAction\":[{\"@type\":\"CommentAction\",\"name\":\"Comment\",\"target\":[\"https:\\\/\\\/www.feyalegria.org\\\/venezuela\\\/mas-de-60-nuevos-emprendedores-presentan-sus-modelos-de-negocio-en-carupano\\\/#respond\"]}]},{\"@type\":\"WebPage\",\"@id\":\"https:\\\/\\\/www.feyalegria.org\\\/venezuela\\\/mas-de-60-nuevos-emprendedores-presentan-sus-modelos-de-negocio-en-carupano\\\/\",\"url\":\"https:\\\/\\\/www.feyalegria.org\\\/venezuela\\\/mas-de-60-nuevos-emprendedores-presentan-sus-modelos-de-negocio-en-carupano\\\/\",\"name\":\"M\u00e1s de 60 nuevos emprendedores presentan sus modelos de negocio en Car\u00fapano - Fe y Alegr\u00eda en Venezuela\",\"isPartOf\":{\"@id\":\"https:\\\/\\\/www.feyalegria.org\\\/venezuela\\\/#website\"},\"primaryImageOfPage\":{\"@id\":\"https:\\\/\\\/www.feyalegria.org\\\/venezuela\\\/mas-de-60-nuevos-emprendedores-presentan-sus-modelos-de-negocio-en-carupano\\\/#primaryimage\"},\"image\":{\"@id\":\"https:\\\/\\\/www.feyalegria.org\\\/venezuela\\\/mas-de-60-nuevos-emprendedores-presentan-sus-modelos-de-negocio-en-carupano\\\/#primaryimage\"},\"thumbnailUrl\":\"https:\\\/\\\/d3pugrm67vf9n7.cloudfront.net\\\/wp-content\\\/uploads\\\/sites\\\/4\\\/2025\\\/03\\\/26171222\\\/Foto-Cap-2.jpg\",\"datePublished\":\"2025-04-08T12:50:46+00:00\",\"dateModified\":\"2025-04-08T12:57:59+00:00\",\"author\":{\"@id\":\"https:\\\/\\\/www.feyalegria.org\\\/venezuela\\\/#\\\/schema\\\/person\\\/7fcf310cf79e9dfc0cf304f520691604\"},\"description\":\"El Sal\u00f3n San Juan Pablo II de la Casa de Caridad Santa Ana, en Car\u00fapano, estado Sucre, fue el escenario donde m\u00e1s de 60 participantes se congregaron para el lanzamiento y presentaci\u00f3n de sus innovadores proyectos de emprendimiento\",\"inLanguage\":\"es\",\"potentialAction\":[{\"@type\":\"ReadAction\",\"target\":[\"https:\\\/\\\/www.feyalegria.org\\\/venezuela\\\/mas-de-60-nuevos-emprendedores-presentan-sus-modelos-de-negocio-en-carupano\\\/\"]}]},{\"@type\":\"ImageObject\",\"inLanguage\":\"es\",\"@id\":\"https:\\\/\\\/www.feyalegria.org\\\/venezuela\\\/mas-de-60-nuevos-emprendedores-presentan-sus-modelos-de-negocio-en-carupano\\\/#primaryimage\",\"url\":\"https:\\\/\\\/d3pugrm67vf9n7.cloudfront.net\\\/wp-content\\\/uploads\\\/sites\\\/4\\\/2025\\\/03\\\/26171222\\\/Foto-Cap-2.jpg\",\"contentUrl\":\"https:\\\/\\\/d3pugrm67vf9n7.cloudfront.net\\\/wp-content\\\/uploads\\\/sites\\\/4\\\/2025\\\/03\\\/26171222\\\/Foto-Cap-2.jpg\",\"width\":1200,\"height\":900},{\"@type\":\"WebSite\",\"@id\":\"https:\\\/\\\/www.feyalegria.org\\\/venezuela\\\/#website\",\"url\":\"https:\\\/\\\/www.feyalegria.org\\\/venezuela\\\/\",\"name\":\"Fe y Alegr\u00eda en Venezuela\",\"description\":\"\",\"potentialAction\":[{\"@type\":\"SearchAction\",\"target\":{\"@type\":\"EntryPoint\",\"urlTemplate\":\"https:\\\/\\\/www.feyalegria.org\\\/venezuela\\\/?s={search_term_string}\"},\"query-input\":{\"@type\":\"PropertyValueSpecification\",\"valueRequired\":true,\"valueName\":\"search_term_string\"}}],\"inLanguage\":\"es\"},{\"@type\":\"Person\",\"@id\":\"https:\\\/\\\/www.feyalegria.org\\\/venezuela\\\/#\\\/schema\\\/person\\\/7fcf310cf79e9dfc0cf304f520691604\",\"name\":\"adminfyaven\",\"url\":\"https:\\\/\\\/www.feyalegria.org\\\/venezuela\\\/author\\\/adminfyaven\\\/\"}]}<\/script>\n<!-- \/ Yoast SEO plugin. -->","yoast_head_json":{"title":"M\u00e1s de 60 nuevos emprendedores presentan sus modelos de negocio en Car\u00fapano - Fe y Alegr\u00eda en Venezuela","description":"El Sal\u00f3n San Juan Pablo II de la Casa de Caridad Santa Ana, en Car\u00fapano, estado Sucre, fue el escenario donde m\u00e1s de 60 participantes se congregaron para el lanzamiento y presentaci\u00f3n de sus innovadores proyectos de emprendimiento","robots":{"index":"index","follow":"follow","max-snippet":"max-snippet:-1","max-image-preview":"max-image-preview:large","max-video-preview":"max-video-preview:-1"},"canonical":"https:\/\/www.feyalegria.org\/venezuela\/mas-de-60-nuevos-emprendedores-presentan-sus-modelos-de-negocio-en-carupano\/","og_locale":"es_ES","og_type":"article","og_title":"M\u00e1s de 60 nuevos emprendedores presentan sus modelos de negocio en Car\u00fapano - Fe y Alegr\u00eda en Venezuela","og_description":"El Sal\u00f3n San Juan Pablo II de la Casa de Caridad Santa Ana, en Car\u00fapano, estado Sucre, fue el escenario donde m\u00e1s de 60 participantes se congregaron para el lanzamiento y presentaci\u00f3n de sus innovadores proyectos de emprendimiento","og_url":"https:\/\/www.feyalegria.org\/venezuela\/mas-de-60-nuevos-emprendedores-presentan-sus-modelos-de-negocio-en-carupano\/","og_site_name":"Fe y Alegr\u00eda en Venezuela","article_published_time":"2025-04-08T12:50:46+00:00","article_modified_time":"2025-04-08T12:57:59+00:00","og_image":[{"width":1200,"height":900,"url":"https:\/\/d3pugrm67vf9n7.cloudfront.net\/wp-content\/uploads\/sites\/4\/2025\/03\/26171222\/Foto-Cap-2.jpg","type":"image\/jpeg"}],"author":"adminfyaven","twitter_card":"summary_large_image","twitter_misc":{"Escrito por":"adminfyaven","Tiempo de lectura":"3 minutos"},"schema":{"@context":"https:\/\/schema.org","@graph":[{"@type":"Article","@id":"https:\/\/www.feyalegria.org\/venezuela\/mas-de-60-nuevos-emprendedores-presentan-sus-modelos-de-negocio-en-carupano\/#article","isPartOf":{"@id":"https:\/\/www.feyalegria.org\/venezuela\/mas-de-60-nuevos-emprendedores-presentan-sus-modelos-de-negocio-en-carupano\/"},"author":{"name":"adminfyaven","@id":"https:\/\/www.feyalegria.org\/venezuela\/#\/schema\/person\/7fcf310cf79e9dfc0cf304f520691604"},"headline":"M\u00e1s de 60 nuevos emprendedores presentan sus modelos de negocio en Car\u00fapano","datePublished":"2025-04-08T12:50:46+00:00","dateModified":"2025-04-08T12:57:59+00:00","mainEntityOfPage":{"@id":"https:\/\/www.feyalegria.org\/venezuela\/mas-de-60-nuevos-emprendedores-presentan-sus-modelos-de-negocio-en-carupano\/"},"wordCount":549,"commentCount":0,"image":{"@id":"https:\/\/www.feyalegria.org\/venezuela\/mas-de-60-nuevos-emprendedores-presentan-sus-modelos-de-negocio-en-carupano\/#primaryimage"},"thumbnailUrl":"https:\/\/d3pugrm67vf9n7.cloudfront.net\/wp-content\/uploads\/sites\/4\/2025\/03\/26171222\/Foto-Cap-2.jpg","keywords":["Capacitaci\u00f3n","Educamos Corazones","Emprendedores","Expoferia"],"articleSection":["Bolet\u00edn Interno"],"inLanguage":"es","potentialAction":[{"@type":"CommentAction","name":"Comment","target":["https:\/\/www.feyalegria.org\/venezuela\/mas-de-60-nuevos-emprendedores-presentan-sus-modelos-de-negocio-en-carupano\/#respond"]}]},{"@type":"WebPage","@id":"https:\/\/www.feyalegria.org\/venezuela\/mas-de-60-nuevos-emprendedores-presentan-sus-modelos-de-negocio-en-carupano\/","url":"https:\/\/www.feyalegria.org\/venezuela\/mas-de-60-nuevos-emprendedores-presentan-sus-modelos-de-negocio-en-carupano\/","name":"M\u00e1s de 60 nuevos emprendedores presentan sus modelos de negocio en Car\u00fapano - Fe y Alegr\u00eda en Venezuela","isPartOf":{"@id":"https:\/\/www.feyalegria.org\/venezuela\/#website"},"primaryImageOfPage":{"@id":"https:\/\/www.feyalegria.org\/venezuela\/mas-de-60-nuevos-emprendedores-presentan-sus-modelos-de-negocio-en-carupano\/#primaryimage"},"image":{"@id":"https:\/\/www.feyalegria.org\/venezuela\/mas-de-60-nuevos-emprendedores-presentan-sus-modelos-de-negocio-en-carupano\/#primaryimage"},"thumbnailUrl":"https:\/\/d3pugrm67vf9n7.cloudfront.net\/wp-content\/uploads\/sites\/4\/2025\/03\/26171222\/Foto-Cap-2.jpg","datePublished":"2025-04-08T12:50:46+00:00","dateModified":"2025-04-08T12:57:59+00:00","author":{"@id":"https:\/\/www.feyalegria.org\/venezuela\/#\/schema\/person\/7fcf310cf79e9dfc0cf304f520691604"},"description":"El Sal\u00f3n San Juan Pablo II de la Casa de Caridad Santa Ana, en Car\u00fapano, estado Sucre, fue el escenario donde m\u00e1s de 60 participantes se congregaron para el lanzamiento y presentaci\u00f3n de sus innovadores proyectos de emprendimiento","inLanguage":"es","potentialAction":[{"@type":"ReadAction","target":["https:\/\/www.feyalegria.org\/venezuela\/mas-de-60-nuevos-emprendedores-presentan-sus-modelos-de-negocio-en-carupano\/"]}]},{"@type":"ImageObject","inLanguage":"es","@id":"https:\/\/www.feyalegria.org\/venezuela\/mas-de-60-nuevos-emprendedores-presentan-sus-modelos-de-negocio-en-carupano\/#primaryimage","url":"https:\/\/d3pugrm67vf9n7.cloudfront.net\/wp-content\/uploads\/sites\/4\/2025\/03\/26171222\/Foto-Cap-2.jpg","contentUrl":"https:\/\/d3pugrm67vf9n7.cloudfront.net\/wp-content\/uploads\/sites\/4\/2025\/03\/26171222\/Foto-Cap-2.jpg","width":1200,"height":900},{"@type":"WebSite","@id":"https:\/\/www.feyalegria.org\/venezuela\/#website","url":"https:\/\/www.feyalegria.org\/venezuela\/","name":"Fe y Alegr\u00eda en Venezuela","description":"","potentialAction":[{"@type":"SearchAction","target":{"@type":"EntryPoint","urlTemplate":"https:\/\/www.feyalegria.org\/venezuela\/?s={search_term_string}"},"query-input":{"@type":"PropertyValueSpecification","valueRequired":true,"valueName":"search_term_string"}}],"inLanguage":"es"},{"@type":"Person","@id":"https:\/\/www.feyalegria.org\/venezuela\/#\/schema\/person\/7fcf310cf79e9dfc0cf304f520691604","name":"adminfyaven","url":"https:\/\/www.feyalegria.org\/venezuela\/author\/adminfyaven\/"}]}},"_links":{"self":[{"href":"https:\/\/www.feyalegria.org\/venezuela\/wp-json\/wp\/v2\/posts\/9563","targetHints":{"allow":["GET"]}}],"collection":[{"href":"https:\/\/www.feyalegria.org\/venezuela\/wp-json\/wp\/v2\/posts"}],"about":[{"href":"https:\/\/www.feyalegria.org\/venezuela\/wp-json\/wp\/v2\/types\/post"}],"author":[{"embeddable":true,"href":"https:\/\/www.feyalegria.org\/venezuela\/wp-json\/wp\/v2\/users\/90"}],"replies":[{"embeddable":true,"href":"https:\/\/www.feyalegria.org\/venezuela\/wp-json\/wp\/v2\/comments?post=9563"}],"version-history":[{"count":0,"href":"https:\/\/www.feyalegria.org\/venezuela\/wp-json\/wp\/v2\/posts\/9563\/revisions"}],"wp:featuredmedia":[{"embeddable":true,"href":"https:\/\/www.feyalegria.org\/venezuela\/wp-json\/wp\/v2\/media\/9396"}],"wp:attachment":[{"href":"https:\/\/www.feyalegria.org\/venezuela\/wp-json\/wp\/v2\/media?parent=9563"}],"wp:term":[{"taxonomy":"category","embeddable":true,"href":"https:\/\/www.feyalegria.org\/venezuela\/wp-json\/wp\/v2\/categories?post=9563"},{"taxonomy":"post_tag","embeddable":true,"href":"https:\/\/www.feyalegria.org\/venezuela\/wp-json\/wp\/v2\/tags?post=9563"},{"taxonomy":"post_folder","embeddable":true,"href":"https:\/\/www.feyalegria.org\/venezuela\/wp-json\/wp\/v2\/post_folder?post=9563"}],"curies":[{"name":"wp","href":"https:\/\/api.w.org\/{rel}","templated":true}]}}